{"id":3650,"date":"2024-11-14T15:49:41","date_gmt":"2024-11-14T15:49:41","guid":{"rendered":"https:\/\/prensa.sma.gob.ar\/?p=3650"},"modified":"2024-11-14T15:53:17","modified_gmt":"2024-11-14T15:53:17","slug":"se-realizara-el-domingo-en-cordones-del-chapelco-el-festival-para-festejar-el-dia-de-la-tradicion","status":"publish","type":"post","link":"https:\/\/prensa.sma.gob.ar\/?p=3650","title":{"rendered":"Se realizar\u00e1 el domingo en Cordones del Chapelco el festival para festejar el D\u00eda de la Tradici\u00f3n"},"content":{"rendered":"\n<p>Las Comisiones Vecinales de Cordones del Chapelco y Chacra 32 organizan para este domingo 17 de noviembre, un festival y feria de emprendedores.<\/p>\n\n\n\n<p>El encuentro se realizar\u00e1 en el boulevard de chacra 28, a partir de las 14hs.<\/p>\n\n\n\n<p>Se podr\u00e1 disfrutar de platos dulces, empanadas, feria de emprendedores y m\u00fasica en vivo.<\/p>\n","protected":false},"excerpt":{"rendered":"<p>Las Comisiones Vecinales de Cordones del Chapelco y Chacra 32 organizan para este domingo 17 de noviembre, un festival y feria de emprendedores. El encuentro se realizar\u00e1 en el boulevard de chacra 28, a partir de las 14hs. Se podr\u00e1 disfrutar de platos dulces, empanadas, feria de emprendedores y m\u00fasica en vivo.<\/p>\n","protected":false},"author":1,"featured_media":3651,"comment_status":"closed","ping_status":"open","sticky":false,"template":"","format":"standard","meta":{"footnotes":""},"categories":[39,14],"tags":[],"class_list":{"0":"post-3650","1":"post","2":"type-post","3":"status-publish","4":"format-standard","5":"has-post-thumbnail","7":"category-subs-juntas-vecinales","8":"category-noticias"},"_links":{"self":[{"href":"https:\/\/prensa.sma.gob.ar\/index.php?rest_route=\/wp\/v2\/posts\/3650","targetHints":{"allow":["GET"]}}],"collection":[{"href":"https:\/\/prensa.sma.gob.ar\/index.php?rest_route=\/wp\/v2\/posts"}],"about":[{"href":"https:\/\/prensa.sma.gob.ar\/index.php?rest_route=\/wp\/v2\/types\/post"}],"author":[{"embeddable":true,"href":"https:\/\/prensa.sma.gob.ar\/index.php?rest_route=\/wp\/v2\/users\/1"}],"replies":[{"embeddable":true,"href":"https:\/\/prensa.sma.gob.ar\/index.php?rest_route=%2Fwp%2Fv2%2Fcomments&post=3650"}],"version-history":[{"count":1,"href":"https:\/\/prensa.sma.gob.ar\/index.php?rest_route=\/wp\/v2\/posts\/3650\/revisions"}],"predecessor-version":[{"id":3652,"href":"https:\/\/prensa.sma.gob.ar\/index.php?rest_route=\/wp\/v2\/posts\/3650\/revisions\/3652"}],"wp:featuredmedia":[{"embeddable":true,"href":"https:\/\/prensa.sma.gob.ar\/index.php?rest_route=\/wp\/v2\/media\/3651"}],"wp:attachment":[{"href":"https:\/\/prensa.sma.gob.ar\/index.php?rest_route=%2Fwp%2Fv2%2Fmedia&parent=3650"}],"wp:term":[{"taxonomy":"category","embeddable":true,"href":"https:\/\/prensa.sma.gob.ar\/index.php?rest_route=%2Fwp%2Fv2%2Fcategories&post=3650"},{"taxonomy":"post_tag","embeddable":true,"href":"https:\/\/prensa.sma.gob.ar\/index.php?rest_route=%2Fwp%2Fv2%2Ftags&post=3650"}],"curies":[{"name":"wp","href":"https:\/\/api.w.org\/{rel}","templated":true}]}}