{"id":3656,"date":"2024-11-15T16:33:31","date_gmt":"2024-11-15T16:33:31","guid":{"rendered":"https:\/\/prensa.sma.gob.ar\/?p=3656"},"modified":"2024-11-15T16:33:32","modified_gmt":"2024-11-15T16:33:32","slug":"el-municipio-envia-a-cordoba-el-equipo-barredor-para-su-puesta-a-punto","status":"publish","type":"post","link":"https:\/\/prensa.sma.gob.ar\/?p=3656","title":{"rendered":"El Municipio env\u00eda a C\u00f3rdoba el equipo barredor para su puesta a punto"},"content":{"rendered":"\n<p>La Municipalidad de San Mart\u00edn de los Andes env\u00eda a la provincia de C\u00f3rdoba el equipo barredor IVECO 1722, OVL 972 para su reparaci\u00f3n y la puesta a 0 km de la unidad.<\/p>\n\n\n\n<p>El equipo, que hab\u00eda quedado inutilizado tras la rotura de uno de los motores que intervienen en el proceso de barrido y aspiraci\u00f3n, recibir\u00e1 tambi\u00e9n la puesta a punto de su motor principal.<\/p>\n\n\n\n<p>El Concejo Deliberante aprob\u00f3 en su sesi\u00f3n de este jueves el Decreto del Ejecutivo que refiere a la compra directa de repuestos destinados a la unidad por un monto total de 12.350.000 pesos.<\/p>\n\n\n\n<p>Las tareas de reparaci\u00f3n y puesta a punto de la unidad estar\u00e1n a cargo de la prestigiosa firma LUIS J.D. SCORZA y C\u00cdA S.A., que acumula una experiencia de m\u00e1s de 60 a\u00f1os en equipos para higiene urbana.<\/p>\n","protected":false},"excerpt":{"rendered":"<p>La Municipalidad de San Mart\u00edn de los Andes env\u00eda a la provincia de C\u00f3rdoba el equipo barredor IVECO 1722, OVL 972 para su reparaci\u00f3n y la puesta a 0 km de la unidad. El equipo, que hab\u00eda quedado inutilizado tras la rotura de uno de los motores que intervienen en el proceso de barrido y [&hellip;]<\/p>\n","protected":false},"author":2,"featured_media":3657,"comment_status":"closed","ping_status":"open","sticky":false,"template":"","format":"standard","meta":{"footnotes":""},"categories":[16,14],"tags":[],"class_list":{"0":"post-3656","1":"post","2":"type-post","3":"status-publish","4":"format-standard","5":"has-post-thumbnail","7":"category-destacadas","8":"category-noticias"},"_links":{"self":[{"href":"https:\/\/prensa.sma.gob.ar\/index.php?rest_route=\/wp\/v2\/posts\/3656","targetHints":{"allow":["GET"]}}],"collection":[{"href":"https:\/\/prensa.sma.gob.ar\/index.php?rest_route=\/wp\/v2\/posts"}],"about":[{"href":"https:\/\/prensa.sma.gob.ar\/index.php?rest_route=\/wp\/v2\/types\/post"}],"author":[{"embeddable":true,"href":"https:\/\/prensa.sma.gob.ar\/index.php?rest_route=\/wp\/v2\/users\/2"}],"replies":[{"embeddable":true,"href":"https:\/\/prensa.sma.gob.ar\/index.php?rest_route=%2Fwp%2Fv2%2Fcomments&post=3656"}],"version-history":[{"count":1,"href":"https:\/\/prensa.sma.gob.ar\/index.php?rest_route=\/wp\/v2\/posts\/3656\/revisions"}],"predecessor-version":[{"id":3658,"href":"https:\/\/prensa.sma.gob.ar\/index.php?rest_route=\/wp\/v2\/posts\/3656\/revisions\/3658"}],"wp:featuredmedia":[{"embeddable":true,"href":"https:\/\/prensa.sma.gob.ar\/index.php?rest_route=\/wp\/v2\/media\/3657"}],"wp:attachment":[{"href":"https:\/\/prensa.sma.gob.ar\/index.php?rest_route=%2Fwp%2Fv2%2Fmedia&parent=3656"}],"wp:term":[{"taxonomy":"category","embeddable":true,"href":"https:\/\/prensa.sma.gob.ar\/index.php?rest_route=%2Fwp%2Fv2%2Fcategories&post=3656"},{"taxonomy":"post_tag","embeddable":true,"href":"https:\/\/prensa.sma.gob.ar\/index.php?rest_route=%2Fwp%2Fv2%2Ftags&post=3656"}],"curies":[{"name":"wp","href":"https:\/\/api.w.org\/{rel}","templated":true}]}}