{"id":3660,"date":"2024-11-15T17:46:54","date_gmt":"2024-11-15T17:46:54","guid":{"rendered":"https:\/\/prensa.sma.gob.ar\/?p=3660"},"modified":"2024-11-16T15:56:28","modified_gmt":"2024-11-16T15:56:28","slug":"el-municipio-incorporo-19-vehiculos-0km-en-los-ultimos-cinco-anos","status":"publish","type":"post","link":"https:\/\/prensa.sma.gob.ar\/?p=3660","title":{"rendered":"Con la compra de una camioneta, el Municipio suma 19 veh\u00edculos 0KM en los \u00faltimos cinco a\u00f1os"},"content":{"rendered":"\n<p>Con la compra de un utilitario para la direcci\u00f3n de Bromatolog\u00eda, la Municipalidad suma 19 veh\u00edculos nuevos a su flota, incluyendo una motoniveladora, una retroexcavadora, camiones, camionetas &nbsp;y furgones.<\/p>\n\n\n\n<p>Esta semana, el intendente Carlos Salonti entreg\u00f3 al director de Bromatolg\u00eda, Rogelio Mart\u00ednez, un veh\u00edculo utilitario Renault Kangoo. Del acto particip\u00f3 el secretario de Hacienda, Mat\u00edas Fern\u00e1ndez Consoli.<\/p>\n\n\n\n<p>Mart\u00ednez explic\u00f3 que la nueva unidad, que se suma a otra con siete a\u00f1os de antig\u00fcedad, ser\u00e1 utilizada para realizar controles y traslado de mercader\u00eda producto de decomisos, y agradeci\u00f3 el acompa\u00f1amiento de la Intendencia para mejorar las prestaciones de Bromatolog\u00eda.<\/p>\n\n\n\n<figure class=\"wp-block-gallery has-nested-images columns-default is-cropped wp-block-gallery-1 is-layout-flex wp-block-gallery-is-layout-flex\">\n<figure class=\"wp-block-image size-large\"><img loading=\"lazy\" decoding=\"async\" width=\"1024\" height=\"650\" data-id=\"3667\" src=\"https:\/\/prensa.sma.gob.ar\/wp-content\/uploads\/2024\/11\/WhatsApp-Image-2024-11-14-at-15.37.01-1024x650.jpeg\" alt=\"\" class=\"wp-image-3667\" srcset=\"https:\/\/prensa.sma.gob.ar\/wp-content\/uploads\/2024\/11\/WhatsApp-Image-2024-11-14-at-15.37.01-1024x650.jpeg 1024w, https:\/\/prensa.sma.gob.ar\/wp-content\/uploads\/2024\/11\/WhatsApp-Image-2024-11-14-at-15.37.01-300x190.jpeg 300w, https:\/\/prensa.sma.gob.ar\/wp-content\/uploads\/2024\/11\/WhatsApp-Image-2024-11-14-at-15.37.01-768x487.jpeg 768w, https:\/\/prensa.sma.gob.ar\/wp-content\/uploads\/2024\/11\/WhatsApp-Image-2024-11-14-at-15.37.01-1536x974.jpeg 1536w, https:\/\/prensa.sma.gob.ar\/wp-content\/uploads\/2024\/11\/WhatsApp-Image-2024-11-14-at-15.37.01-662x420.jpeg 662w, https:\/\/prensa.sma.gob.ar\/wp-content\/uploads\/2024\/11\/WhatsApp-Image-2024-11-14-at-15.37.01-696x442.jpeg 696w, https:\/\/prensa.sma.gob.ar\/wp-content\/uploads\/2024\/11\/WhatsApp-Image-2024-11-14-at-15.37.01-1068x678.jpeg 1068w, https:\/\/prensa.sma.gob.ar\/wp-content\/uploads\/2024\/11\/WhatsApp-Image-2024-11-14-at-15.37.01.jpeg 1600w\" sizes=\"auto, (max-width: 1024px) 100vw, 1024px\" \/><\/figure>\n\n\n\n<figure class=\"wp-block-image size-large\"><img loading=\"lazy\" decoding=\"async\" width=\"1024\" height=\"543\" data-id=\"3665\" src=\"https:\/\/prensa.sma.gob.ar\/wp-content\/uploads\/2024\/11\/WhatsApp-Image-2024-11-14-at-15.37.02-1-1024x543.jpeg\" alt=\"\" class=\"wp-image-3665\" srcset=\"https:\/\/prensa.sma.gob.ar\/wp-content\/uploads\/2024\/11\/WhatsApp-Image-2024-11-14-at-15.37.02-1-1024x543.jpeg 1024w, https:\/\/prensa.sma.gob.ar\/wp-content\/uploads\/2024\/11\/WhatsApp-Image-2024-11-14-at-15.37.02-1-300x159.jpeg 300w, https:\/\/prensa.sma.gob.ar\/wp-content\/uploads\/2024\/11\/WhatsApp-Image-2024-11-14-at-15.37.02-1-768x408.jpeg 768w, https:\/\/prensa.sma.gob.ar\/wp-content\/uploads\/2024\/11\/WhatsApp-Image-2024-11-14-at-15.37.02-1-1536x815.jpeg 1536w, https:\/\/prensa.sma.gob.ar\/wp-content\/uploads\/2024\/11\/WhatsApp-Image-2024-11-14-at-15.37.02-1-792x420.jpeg 792w, https:\/\/prensa.sma.gob.ar\/wp-content\/uploads\/2024\/11\/WhatsApp-Image-2024-11-14-at-15.37.02-1-696x369.jpeg 696w, https:\/\/prensa.sma.gob.ar\/wp-content\/uploads\/2024\/11\/WhatsApp-Image-2024-11-14-at-15.37.02-1-1068x567.jpeg 1068w, https:\/\/prensa.sma.gob.ar\/wp-content\/uploads\/2024\/11\/WhatsApp-Image-2024-11-14-at-15.37.02-1.jpeg 1600w\" sizes=\"auto, (max-width: 1024px) 100vw, 1024px\" \/><\/figure>\n\n\n\n<figure class=\"wp-block-image size-large\"><img loading=\"lazy\" decoding=\"async\" width=\"1024\" height=\"576\" data-id=\"3664\" src=\"https:\/\/prensa.sma.gob.ar\/wp-content\/uploads\/2024\/11\/WhatsApp-Image-2024-11-14-at-15.37.03-1024x576.jpeg\" alt=\"\" class=\"wp-image-3664\" srcset=\"https:\/\/prensa.sma.gob.ar\/wp-content\/uploads\/2024\/11\/WhatsApp-Image-2024-11-14-at-15.37.03-1024x576.jpeg 1024w, https:\/\/prensa.sma.gob.ar\/wp-content\/uploads\/2024\/11\/WhatsApp-Image-2024-11-14-at-15.37.03-300x169.jpeg 300w, https:\/\/prensa.sma.gob.ar\/wp-content\/uploads\/2024\/11\/WhatsApp-Image-2024-11-14-at-15.37.03-768x432.jpeg 768w, https:\/\/prensa.sma.gob.ar\/wp-content\/uploads\/2024\/11\/WhatsApp-Image-2024-11-14-at-15.37.03-1536x864.jpeg 1536w, https:\/\/prensa.sma.gob.ar\/wp-content\/uploads\/2024\/11\/WhatsApp-Image-2024-11-14-at-15.37.03-747x420.jpeg 747w, https:\/\/prensa.sma.gob.ar\/wp-content\/uploads\/2024\/11\/WhatsApp-Image-2024-11-14-at-15.37.03-696x392.jpeg 696w, https:\/\/prensa.sma.gob.ar\/wp-content\/uploads\/2024\/11\/WhatsApp-Image-2024-11-14-at-15.37.03-1068x601.jpeg 1068w, https:\/\/prensa.sma.gob.ar\/wp-content\/uploads\/2024\/11\/WhatsApp-Image-2024-11-14-at-15.37.03.jpeg 1600w\" sizes=\"auto, (max-width: 1024px) 100vw, 1024px\" \/><\/figure>\n<\/figure>\n\n\n\n<p>El intendente Saloniti se\u00f1al\u00f3 que \u201ces importante anunciar esta noticia porque los recursos de los vecinos est\u00e1n destinados a la compra de este veh\u00edculo, para un \u00e1rea como bromatolog\u00eda, que trabaja muy bien\u201d.<\/p>\n\n\n\n<p>\u201cSeguimos sumando parque automotor al municipio. La idea no es alquilar sino poder comprar, para que esto se transforme al patrimonio municipal y para mejorar la calidad del trabajo\u201d, afirm\u00f3.<\/p>\n\n\n\n<p>El jefe comunal explic\u00f3 que \u201cla idea es seguir comprando veh\u00edculos que mejoran la prestaci\u00f3n del servicio p\u00fablico municipal\u201d, y celebr\u00f3 que los \u201crecursos municipales se destinen a \u00e1reas como Bromatolog\u00eda, que viene haciendo un gran trabajo\u201d.<\/p>\n\n\n\n<p>Desde el 10 de diciembre de 2019, el Ejecutivo municipal incorpor\u00f3 nuevos cinco camionetas Ranger; una retroexcavadora; un cami\u00f3n volcador; un tr\u00e1iler; una motoniveladora; un utilitario el\u00e9ctrico (Tita); tres camionetas 4&#215;4 Nippon Car; una camioneta 4&#215;4 DC; una camioneta 4&#215;4 CS; un furg\u00f3n; un cami\u00f3n de recolecci\u00f3n de residuos; una camioneta Amarok y el mencionado utilitario entregado este jueves.<\/p>\n\n\n\n<p>Las unidades fueron asignadas a la la Subsecretar\u00eda de Deportes; a la Secretar\u00eda de Planificaci\u00f3n y a diversas \u00e1reas de la Secretar\u00eda de Obras y Servicios P\u00fablicos.<\/p>\n\n\n\n<p>En cada proceso de adquisici\u00f3n de unidades intervienen tambi\u00e9n las \u00e1reas de Tesorer\u00eda y Compras y Contrataciones, de la Secretar\u00eda de Hacienda del Municipio.<\/p>\n\n\n\n<figure class=\"wp-block-embed is-type-video is-provider-youtube wp-block-embed-youtube wp-embed-aspect-16-9 wp-has-aspect-ratio\"><div class=\"wp-block-embed__wrapper\">\n<iframe loading=\"lazy\" title=\"El Municipio incorpor\u00f3 un veh\u00edculo nuevo para Bromatolog\u00eda\" width=\"696\" height=\"392\" src=\"https:\/\/www.youtube.com\/embed\/QlyKf48ZrN8?feature=oembed\" frameborder=\"0\" allow=\"accelerometer; autoplay; clipboard-write; encrypted-media; gyroscope; picture-in-picture; web-share\" referrerpolicy=\"strict-origin-when-cross-origin\" allowfullscreen><\/iframe>\n<\/div><\/figure>\n","protected":false},"excerpt":{"rendered":"<p>Con la compra de un utilitario para la direcci\u00f3n de Bromatolog\u00eda, la Municipalidad suma 19 veh\u00edculos nuevos a su flota, incluyendo una motoniveladora, una retroexcavadora, camiones, camionetas &nbsp;y furgones. Esta semana, el intendente Carlos Salonti entreg\u00f3 al director de Bromatolg\u00eda, Rogelio Mart\u00ednez, un veh\u00edculo utilitario Renault Kangoo. Del acto particip\u00f3 el secretario de Hacienda, Mat\u00edas [&hellip;]<\/p>\n","protected":false},"author":2,"featured_media":3666,"comment_status":"closed","ping_status":"open","sticky":false,"template":"","format":"standard","meta":{"footnotes":""},"categories":[16,14,17],"tags":[],"class_list":{"0":"post-3660","1":"post","2":"type-post","3":"status-publish","4":"format-standard","5":"has-post-thumbnail","7":"category-destacadas","8":"category-noticias","9":"category-portada"},"_links":{"self":[{"href":"https:\/\/prensa.sma.gob.ar\/index.php?rest_route=\/wp\/v2\/posts\/3660","targetHints":{"allow":["GET"]}}],"collection":[{"href":"https:\/\/prensa.sma.gob.ar\/index.php?rest_route=\/wp\/v2\/posts"}],"about":[{"href":"https:\/\/prensa.sma.gob.ar\/index.php?rest_route=\/wp\/v2\/types\/post"}],"author":[{"embeddable":true,"href":"https:\/\/prensa.sma.gob.ar\/index.php?rest_route=\/wp\/v2\/users\/2"}],"replies":[{"embeddable":true,"href":"https:\/\/prensa.sma.gob.ar\/index.php?rest_route=%2Fwp%2Fv2%2Fcomments&post=3660"}],"version-history":[{"count":5,"href":"https:\/\/prensa.sma.gob.ar\/index.php?rest_route=\/wp\/v2\/posts\/3660\/revisions"}],"predecessor-version":[{"id":3701,"href":"https:\/\/prensa.sma.gob.ar\/index.php?rest_route=\/wp\/v2\/posts\/3660\/revisions\/3701"}],"wp:featuredmedia":[{"embeddable":true,"href":"https:\/\/prensa.sma.gob.ar\/index.php?rest_route=\/wp\/v2\/media\/3666"}],"wp:attachment":[{"href":"https:\/\/prensa.sma.gob.ar\/index.php?rest_route=%2Fwp%2Fv2%2Fmedia&parent=3660"}],"wp:term":[{"taxonomy":"category","embeddable":true,"href":"https:\/\/prensa.sma.gob.ar\/index.php?rest_route=%2Fwp%2Fv2%2Fcategories&post=3660"},{"taxonomy":"post_tag","embeddable":true,"href":"https:\/\/prensa.sma.gob.ar\/index.php?rest_route=%2Fwp%2Fv2%2Ftags&post=3660"}],"curies":[{"name":"wp","href":"https:\/\/api.w.org\/{rel}","templated":true}]}}