{"id":3673,"date":"2024-11-16T13:41:24","date_gmt":"2024-11-16T13:41:24","guid":{"rendered":"https:\/\/prensa.sma.gob.ar\/?p=3673"},"modified":"2024-11-16T13:56:08","modified_gmt":"2024-11-16T13:56:08","slug":"el-intendente-saloniti-recibio-a-los-organizadores-de-la-tradicional-competencia-el-cruce","status":"publish","type":"post","link":"https:\/\/prensa.sma.gob.ar\/?p=3673","title":{"rendered":"El intendente Saloniti recibi\u00f3 a los organizadores de la tradicional competencia El Cruce"},"content":{"rendered":"\n<p>El intendente Carlos Saloniti recibi\u00f3 a quienes tendr\u00e1n a su cargo la organizaci\u00f3n de El Cruce, la competencia que se realiza en nuestro pa\u00eds desde hace 24 a\u00f1os y que en esta edici\u00f3n recorrer\u00e1 los senderos del imponente Volc\u00e1n Lan\u00edn. San Mart\u00edn de los Andes ser\u00e1 punto de acreditaci\u00f3n y de la llegada final, en la costa del lago Lacar.<\/p>\n\n\n\n<p>Del encuentro, que se llev\u00f3 a cabo este viernes en el <a><\/a>despacho del jefe comunal, participaron Joaqu\u00edn Tagle, Sebasti\u00e1n Tagle y Rodrigo Mariqueo, quienes agradecieron a las comunidades de la zona por permitir recorrer lugares agrestes y considerados sagrados.<\/p>\n\n\n\n<p>Los organizadores recordaron que la edici\u00f3n anterior de El Cruce cont\u00f3 con corredores de m\u00e1s de 45 pa\u00edses y que la competencia de este a\u00f1o ser\u00e1 la nuevamente parte final del <em>Saucony Project Peak<\/em>, una serie global de carreras de trail.<\/p>\n\n\n\n<p>Para la edici\u00f3n 2024 de El Cruce, que se realizar\u00e1 entre el 1 y el 6 de diciembre, se han preparado tres d\u00edas de entre 96 y 100 kil\u00f3metros de senderos en los alrededores del Volc\u00e1n Lan\u00edn. La competencia tendr\u00e1 duros recorridos y demandar\u00e1 un importante desgaste f\u00edsico. Habr\u00e1 dos campamentos de descanso.<\/p>\n\n\n\n<p>Esta edici\u00f3n incluye una nueva carrera, denominada La Etapa, orientada a corredores de Trail, de 33 kil\u00f3metros por senderos de los cerros cercanos a San Mart\u00edn de los Andes y con llegada tambi\u00e9n a orillas del lago Lacar.<\/p>\n","protected":false},"excerpt":{"rendered":"<p>El intendente Carlos Saloniti recibi\u00f3 a quienes tendr\u00e1n a su cargo la organizaci\u00f3n de El Cruce, la competencia que se realiza en nuestro pa\u00eds desde hace 24 a\u00f1os y que en esta edici\u00f3n recorrer\u00e1 los senderos del imponente Volc\u00e1n Lan\u00edn. San Mart\u00edn de los Andes ser\u00e1 punto de acreditaci\u00f3n y de la llegada final, en [&hellip;]<\/p>\n","protected":false},"author":2,"featured_media":3674,"comment_status":"closed","ping_status":"open","sticky":false,"template":"","format":"standard","meta":{"footnotes":""},"categories":[16,14],"tags":[],"class_list":{"0":"post-3673","1":"post","2":"type-post","3":"status-publish","4":"format-standard","5":"has-post-thumbnail","7":"category-destacadas","8":"category-noticias"},"_links":{"self":[{"href":"https:\/\/prensa.sma.gob.ar\/index.php?rest_route=\/wp\/v2\/posts\/3673","targetHints":{"allow":["GET"]}}],"collection":[{"href":"https:\/\/prensa.sma.gob.ar\/index.php?rest_route=\/wp\/v2\/posts"}],"about":[{"href":"https:\/\/prensa.sma.gob.ar\/index.php?rest_route=\/wp\/v2\/types\/post"}],"author":[{"embeddable":true,"href":"https:\/\/prensa.sma.gob.ar\/index.php?rest_route=\/wp\/v2\/users\/2"}],"replies":[{"embeddable":true,"href":"https:\/\/prensa.sma.gob.ar\/index.php?rest_route=%2Fwp%2Fv2%2Fcomments&post=3673"}],"version-history":[{"count":2,"href":"https:\/\/prensa.sma.gob.ar\/index.php?rest_route=\/wp\/v2\/posts\/3673\/revisions"}],"predecessor-version":[{"id":3678,"href":"https:\/\/prensa.sma.gob.ar\/index.php?rest_route=\/wp\/v2\/posts\/3673\/revisions\/3678"}],"wp:featuredmedia":[{"embeddable":true,"href":"https:\/\/prensa.sma.gob.ar\/index.php?rest_route=\/wp\/v2\/media\/3674"}],"wp:attachment":[{"href":"https:\/\/prensa.sma.gob.ar\/index.php?rest_route=%2Fwp%2Fv2%2Fmedia&parent=3673"}],"wp:term":[{"taxonomy":"category","embeddable":true,"href":"https:\/\/prensa.sma.gob.ar\/index.php?rest_route=%2Fwp%2Fv2%2Fcategories&post=3673"},{"taxonomy":"post_tag","embeddable":true,"href":"https:\/\/prensa.sma.gob.ar\/index.php?rest_route=%2Fwp%2Fv2%2Ftags&post=3673"}],"curies":[{"name":"wp","href":"https:\/\/api.w.org\/{rel}","templated":true}]}}