{"id":3679,"date":"2024-11-16T15:16:05","date_gmt":"2024-11-16T15:16:05","guid":{"rendered":"https:\/\/prensa.sma.gob.ar\/?p=3679"},"modified":"2024-11-16T15:18:41","modified_gmt":"2024-11-16T15:18:41","slug":"carolina-gladis-andrea-y-mariana-el-refuerzo-de-la-cuadrilla-de-av-los-lagos","status":"publish","type":"post","link":"https:\/\/prensa.sma.gob.ar\/?p=3679","title":{"rendered":"Carolina, Gladis, Andrea y Mariana, el refuerzo de la cuadrilla de Av. Los Lagos"},"content":{"rendered":"\n<p>Cuatro de las diez mujeres que trabajaron hace tres a\u00f1os en la pavimentaci\u00f3n de los primeros metros de avenida Los Lagos, acaban de sumarse a la cuadrilla que, por estas semanas, avanza con el tramo de 400 metros hasta la Escuela 359.<\/p>\n\n\n\n<p>Carolina, Gladis, Andrea y Mariana afirman que est\u00e1n felices de poder volver a trabajar en esta obra. Son parte del equipo de Obras P\u00fablicas por los pr\u00f3ximos tres meses y aseguran que el aprendizaje tambi\u00e9n les permiti\u00f3 desarrollar actividades particulares.<\/p>\n\n\n\n<p>\u201cLa llevamos muy bien, hacemos lo que nos gusta y estamos entusiasmadas\u201d, afirmaron al final de una de las jornadas, orgullosas de ser parte de la cuadrilla que en dos d\u00edas paviment\u00f3 casi 100 metros de unas de las manos de la avenida en Cordones del Chapelco.<\/p>\n\n\n\n<figure class=\"wp-block-gallery has-nested-images columns-default is-cropped wp-block-gallery-1 is-layout-flex wp-block-gallery-is-layout-flex\">\n<figure class=\"wp-block-image size-large\"><img loading=\"lazy\" decoding=\"async\" width=\"1024\" height=\"576\" data-id=\"3692\" src=\"https:\/\/prensa.sma.gob.ar\/wp-content\/uploads\/2024\/11\/WhatsApp-Image-2024-11-13-at-13.58.511-1024x576.jpeg\" alt=\"\" class=\"wp-image-3692\" srcset=\"https:\/\/prensa.sma.gob.ar\/wp-content\/uploads\/2024\/11\/WhatsApp-Image-2024-11-13-at-13.58.511-1024x576.jpeg 1024w, https:\/\/prensa.sma.gob.ar\/wp-content\/uploads\/2024\/11\/WhatsApp-Image-2024-11-13-at-13.58.511-300x169.jpeg 300w, https:\/\/prensa.sma.gob.ar\/wp-content\/uploads\/2024\/11\/WhatsApp-Image-2024-11-13-at-13.58.511-768x432.jpeg 768w, https:\/\/prensa.sma.gob.ar\/wp-content\/uploads\/2024\/11\/WhatsApp-Image-2024-11-13-at-13.58.511-1536x864.jpeg 1536w, https:\/\/prensa.sma.gob.ar\/wp-content\/uploads\/2024\/11\/WhatsApp-Image-2024-11-13-at-13.58.511-747x420.jpeg 747w, https:\/\/prensa.sma.gob.ar\/wp-content\/uploads\/2024\/11\/WhatsApp-Image-2024-11-13-at-13.58.511-696x392.jpeg 696w, https:\/\/prensa.sma.gob.ar\/wp-content\/uploads\/2024\/11\/WhatsApp-Image-2024-11-13-at-13.58.511-1068x601.jpeg 1068w, https:\/\/prensa.sma.gob.ar\/wp-content\/uploads\/2024\/11\/WhatsApp-Image-2024-11-13-at-13.58.511.jpeg 1600w\" sizes=\"auto, (max-width: 1024px) 100vw, 1024px\" \/><\/figure>\n\n\n\n<figure class=\"wp-block-image size-large\"><img loading=\"lazy\" decoding=\"async\" width=\"1024\" height=\"576\" data-id=\"3690\" src=\"https:\/\/prensa.sma.gob.ar\/wp-content\/uploads\/2024\/11\/WhatsApp-Image-2024-11-13-at-13.58.55-1024x576.jpeg\" alt=\"\" class=\"wp-image-3690\" srcset=\"https:\/\/prensa.sma.gob.ar\/wp-content\/uploads\/2024\/11\/WhatsApp-Image-2024-11-13-at-13.58.55-1024x576.jpeg 1024w, https:\/\/prensa.sma.gob.ar\/wp-content\/uploads\/2024\/11\/WhatsApp-Image-2024-11-13-at-13.58.55-300x169.jpeg 300w, https:\/\/prensa.sma.gob.ar\/wp-content\/uploads\/2024\/11\/WhatsApp-Image-2024-11-13-at-13.58.55-768x432.jpeg 768w, https:\/\/prensa.sma.gob.ar\/wp-content\/uploads\/2024\/11\/WhatsApp-Image-2024-11-13-at-13.58.55-1536x864.jpeg 1536w, https:\/\/prensa.sma.gob.ar\/wp-content\/uploads\/2024\/11\/WhatsApp-Image-2024-11-13-at-13.58.55-747x420.jpeg 747w, https:\/\/prensa.sma.gob.ar\/wp-content\/uploads\/2024\/11\/WhatsApp-Image-2024-11-13-at-13.58.55-696x392.jpeg 696w, https:\/\/prensa.sma.gob.ar\/wp-content\/uploads\/2024\/11\/WhatsApp-Image-2024-11-13-at-13.58.55-1068x601.jpeg 1068w, https:\/\/prensa.sma.gob.ar\/wp-content\/uploads\/2024\/11\/WhatsApp-Image-2024-11-13-at-13.58.55.jpeg 1600w\" sizes=\"auto, (max-width: 1024px) 100vw, 1024px\" \/><\/figure>\n\n\n\n<figure class=\"wp-block-image size-large\"><img loading=\"lazy\" decoding=\"async\" width=\"1024\" height=\"575\" data-id=\"3694\" src=\"https:\/\/prensa.sma.gob.ar\/wp-content\/uploads\/2024\/11\/WhatsApp-Image-2024-11-13-at-13.58.50-1024x575.jpeg\" alt=\"\" class=\"wp-image-3694\" srcset=\"https:\/\/prensa.sma.gob.ar\/wp-content\/uploads\/2024\/11\/WhatsApp-Image-2024-11-13-at-13.58.50-1024x575.jpeg 1024w, https:\/\/prensa.sma.gob.ar\/wp-content\/uploads\/2024\/11\/WhatsApp-Image-2024-11-13-at-13.58.50-300x169.jpeg 300w, https:\/\/prensa.sma.gob.ar\/wp-content\/uploads\/2024\/11\/WhatsApp-Image-2024-11-13-at-13.58.50-768x432.jpeg 768w, https:\/\/prensa.sma.gob.ar\/wp-content\/uploads\/2024\/11\/WhatsApp-Image-2024-11-13-at-13.58.50-1536x863.jpeg 1536w, https:\/\/prensa.sma.gob.ar\/wp-content\/uploads\/2024\/11\/WhatsApp-Image-2024-11-13-at-13.58.50-747x420.jpeg 747w, https:\/\/prensa.sma.gob.ar\/wp-content\/uploads\/2024\/11\/WhatsApp-Image-2024-11-13-at-13.58.50-696x391.jpeg 696w, https:\/\/prensa.sma.gob.ar\/wp-content\/uploads\/2024\/11\/WhatsApp-Image-2024-11-13-at-13.58.50-1068x600.jpeg 1068w, https:\/\/prensa.sma.gob.ar\/wp-content\/uploads\/2024\/11\/WhatsApp-Image-2024-11-13-at-13.58.50.jpeg 1600w\" sizes=\"auto, (max-width: 1024px) 100vw, 1024px\" \/><\/figure>\n<\/figure>\n\n\n\n<p>\u201cHacemos todo lo que es hormig\u00f3n, ponemos estacas, medimos, asistimos, ayudamos al ingeniero con las mensuras. No porque seamos mujeres hacemos menos, trabajamos de igual a igual, con el respeto de los compa\u00f1eros\u201d, se\u00f1alaron.<\/p>\n\n\n\n<p>Dos de estas trabajadoras viven en Cordones, una en Chacra 4 y otra en el Centro. La jornada arranca cuando la camioneta de la cuadrilla las pasa a buscar a estas \u00faltimas y las otras dos esperan en el barrio para comenzar la tarea de cada d\u00eda.<\/p>\n\n\n\n<p>Mientras limpiaban con sus compa\u00f1eros los elementos utilizados en la pavimentaci\u00f3n, las cuatro operarias comentaron que \u201clos chicos de la cuadrilla nos ayudan con el hormig\u00f3n y con ellos aprendemos todos los d\u00edas. Tambi\u00e9n hacemos cordones, cunetas y muros y nos desenvolvemos bastante bien en el trabajo\u201d.<\/p>\n\n\n\n<figure class=\"wp-block-gallery has-nested-images columns-default is-cropped wp-block-gallery-2 is-layout-flex wp-block-gallery-is-layout-flex\">\n<figure class=\"wp-block-image size-large\"><img loading=\"lazy\" decoding=\"async\" width=\"576\" height=\"1024\" data-id=\"3691\" src=\"https:\/\/prensa.sma.gob.ar\/wp-content\/uploads\/2024\/11\/WhatsApp-Image-2024-11-13-at-13.58.512-576x1024.jpeg\" alt=\"\" class=\"wp-image-3691\" srcset=\"https:\/\/prensa.sma.gob.ar\/wp-content\/uploads\/2024\/11\/WhatsApp-Image-2024-11-13-at-13.58.512-576x1024.jpeg 576w, https:\/\/prensa.sma.gob.ar\/wp-content\/uploads\/2024\/11\/WhatsApp-Image-2024-11-13-at-13.58.512-169x300.jpeg 169w, https:\/\/prensa.sma.gob.ar\/wp-content\/uploads\/2024\/11\/WhatsApp-Image-2024-11-13-at-13.58.512-768x1365.jpeg 768w, https:\/\/prensa.sma.gob.ar\/wp-content\/uploads\/2024\/11\/WhatsApp-Image-2024-11-13-at-13.58.512-864x1536.jpeg 864w, https:\/\/prensa.sma.gob.ar\/wp-content\/uploads\/2024\/11\/WhatsApp-Image-2024-11-13-at-13.58.512-236x420.jpeg 236w, https:\/\/prensa.sma.gob.ar\/wp-content\/uploads\/2024\/11\/WhatsApp-Image-2024-11-13-at-13.58.512-696x1237.jpeg 696w, https:\/\/prensa.sma.gob.ar\/wp-content\/uploads\/2024\/11\/WhatsApp-Image-2024-11-13-at-13.58.512.jpeg 900w\" sizes=\"auto, (max-width: 576px) 100vw, 576px\" \/><\/figure>\n\n\n\n<figure class=\"wp-block-image size-large\"><img loading=\"lazy\" decoding=\"async\" width=\"649\" height=\"1024\" data-id=\"3687\" src=\"https:\/\/prensa.sma.gob.ar\/wp-content\/uploads\/2024\/11\/WhatsApp-Image-2024-11-13-at-13.58.58-649x1024.jpeg\" alt=\"\" class=\"wp-image-3687\" srcset=\"https:\/\/prensa.sma.gob.ar\/wp-content\/uploads\/2024\/11\/WhatsApp-Image-2024-11-13-at-13.58.58-649x1024.jpeg 649w, https:\/\/prensa.sma.gob.ar\/wp-content\/uploads\/2024\/11\/WhatsApp-Image-2024-11-13-at-13.58.58-190x300.jpeg 190w, https:\/\/prensa.sma.gob.ar\/wp-content\/uploads\/2024\/11\/WhatsApp-Image-2024-11-13-at-13.58.58-768x1212.jpeg 768w, https:\/\/prensa.sma.gob.ar\/wp-content\/uploads\/2024\/11\/WhatsApp-Image-2024-11-13-at-13.58.58-973x1536.jpeg 973w, https:\/\/prensa.sma.gob.ar\/wp-content\/uploads\/2024\/11\/WhatsApp-Image-2024-11-13-at-13.58.58-266x420.jpeg 266w, https:\/\/prensa.sma.gob.ar\/wp-content\/uploads\/2024\/11\/WhatsApp-Image-2024-11-13-at-13.58.58-696x1098.jpeg 696w, https:\/\/prensa.sma.gob.ar\/wp-content\/uploads\/2024\/11\/WhatsApp-Image-2024-11-13-at-13.58.58.jpeg 1014w\" sizes=\"auto, (max-width: 649px) 100vw, 649px\" \/><\/figure>\n\n\n\n<figure class=\"wp-block-image size-large\"><img loading=\"lazy\" decoding=\"async\" width=\"576\" height=\"1024\" data-id=\"3686\" src=\"https:\/\/prensa.sma.gob.ar\/wp-content\/uploads\/2024\/11\/WhatsApp-Image-2024-11-13-at-13.58.581-576x1024.jpeg\" alt=\"\" class=\"wp-image-3686\" srcset=\"https:\/\/prensa.sma.gob.ar\/wp-content\/uploads\/2024\/11\/WhatsApp-Image-2024-11-13-at-13.58.581-576x1024.jpeg 576w, https:\/\/prensa.sma.gob.ar\/wp-content\/uploads\/2024\/11\/WhatsApp-Image-2024-11-13-at-13.58.581-169x300.jpeg 169w, https:\/\/prensa.sma.gob.ar\/wp-content\/uploads\/2024\/11\/WhatsApp-Image-2024-11-13-at-13.58.581-768x1365.jpeg 768w, https:\/\/prensa.sma.gob.ar\/wp-content\/uploads\/2024\/11\/WhatsApp-Image-2024-11-13-at-13.58.581-864x1536.jpeg 864w, https:\/\/prensa.sma.gob.ar\/wp-content\/uploads\/2024\/11\/WhatsApp-Image-2024-11-13-at-13.58.581-236x420.jpeg 236w, https:\/\/prensa.sma.gob.ar\/wp-content\/uploads\/2024\/11\/WhatsApp-Image-2024-11-13-at-13.58.581-696x1237.jpeg 696w, https:\/\/prensa.sma.gob.ar\/wp-content\/uploads\/2024\/11\/WhatsApp-Image-2024-11-13-at-13.58.581.jpeg 900w\" sizes=\"auto, (max-width: 576px) 100vw, 576px\" \/><\/figure>\n<\/figure>\n\n\n\n<p>\u201cA nosotras este trabajo tambi\u00e9n nos sirve como referencia, porque despu\u00e9s de nuestra primera experiencia en la pavimentaci\u00f3n de la avenida, hemos tenido changas particulares, haciendo casas, plateas, con todo con lo que aprendimos en el Municipio\u201d, comentaron.<\/p>\n\n\n\n<p>Al terminar el d\u00eda de trabajo, Carolina, Gladis, Andrea y Mariana saludaron a sus compa\u00f1eros, intercambiaron risas entre ellas y compartieron su pr\u00f3ximo deseo: \u201cen alg\u00fan momento queremos tener algo fijo para seguir aprendiendo. Le ponemos voluntad y ganas para aprender m\u00e1s y so\u00f1amos con tener nuestro trabajo bien ganado\u201d.<\/p>\n\n\n\n<figure class=\"wp-block-gallery has-nested-images columns-default is-cropped wp-block-gallery-3 is-layout-flex wp-block-gallery-is-layout-flex\">\n<figure class=\"wp-block-image size-large\"><img loading=\"lazy\" decoding=\"async\" width=\"1024\" height=\"576\" data-id=\"3693\" src=\"https:\/\/prensa.sma.gob.ar\/wp-content\/uploads\/2024\/11\/WhatsApp-Image-2024-11-13-at-13.58.51-1024x576.jpeg\" alt=\"\" class=\"wp-image-3693\" srcset=\"https:\/\/prensa.sma.gob.ar\/wp-content\/uploads\/2024\/11\/WhatsApp-Image-2024-11-13-at-13.58.51-1024x576.jpeg 1024w, https:\/\/prensa.sma.gob.ar\/wp-content\/uploads\/2024\/11\/WhatsApp-Image-2024-11-13-at-13.58.51-300x169.jpeg 300w, https:\/\/prensa.sma.gob.ar\/wp-content\/uploads\/2024\/11\/WhatsApp-Image-2024-11-13-at-13.58.51-768x432.jpeg 768w, https:\/\/prensa.sma.gob.ar\/wp-content\/uploads\/2024\/11\/WhatsApp-Image-2024-11-13-at-13.58.51-1536x864.jpeg 1536w, https:\/\/prensa.sma.gob.ar\/wp-content\/uploads\/2024\/11\/WhatsApp-Image-2024-11-13-at-13.58.51-747x420.jpeg 747w, https:\/\/prensa.sma.gob.ar\/wp-content\/uploads\/2024\/11\/WhatsApp-Image-2024-11-13-at-13.58.51-696x392.jpeg 696w, https:\/\/prensa.sma.gob.ar\/wp-content\/uploads\/2024\/11\/WhatsApp-Image-2024-11-13-at-13.58.51-1068x601.jpeg 1068w, https:\/\/prensa.sma.gob.ar\/wp-content\/uploads\/2024\/11\/WhatsApp-Image-2024-11-13-at-13.58.51.jpeg 1600w\" sizes=\"auto, (max-width: 1024px) 100vw, 1024px\" \/><\/figure>\n\n\n\n<figure class=\"wp-block-image size-large\"><img loading=\"lazy\" decoding=\"async\" width=\"1024\" height=\"534\" data-id=\"3689\" src=\"https:\/\/prensa.sma.gob.ar\/wp-content\/uploads\/2024\/11\/WhatsApp-Image-2024-11-13-at-13.58.551-1024x534.jpeg\" alt=\"\" class=\"wp-image-3689\" srcset=\"https:\/\/prensa.sma.gob.ar\/wp-content\/uploads\/2024\/11\/WhatsApp-Image-2024-11-13-at-13.58.551-1024x534.jpeg 1024w, https:\/\/prensa.sma.gob.ar\/wp-content\/uploads\/2024\/11\/WhatsApp-Image-2024-11-13-at-13.58.551-300x157.jpeg 300w, https:\/\/prensa.sma.gob.ar\/wp-content\/uploads\/2024\/11\/WhatsApp-Image-2024-11-13-at-13.58.551-768x401.jpeg 768w, https:\/\/prensa.sma.gob.ar\/wp-content\/uploads\/2024\/11\/WhatsApp-Image-2024-11-13-at-13.58.551-1536x802.jpeg 1536w, https:\/\/prensa.sma.gob.ar\/wp-content\/uploads\/2024\/11\/WhatsApp-Image-2024-11-13-at-13.58.551-805x420.jpeg 805w, https:\/\/prensa.sma.gob.ar\/wp-content\/uploads\/2024\/11\/WhatsApp-Image-2024-11-13-at-13.58.551-696x363.jpeg 696w, https:\/\/prensa.sma.gob.ar\/wp-content\/uploads\/2024\/11\/WhatsApp-Image-2024-11-13-at-13.58.551-1068x557.jpeg 1068w, https:\/\/prensa.sma.gob.ar\/wp-content\/uploads\/2024\/11\/WhatsApp-Image-2024-11-13-at-13.58.551.jpeg 1600w\" sizes=\"auto, (max-width: 1024px) 100vw, 1024px\" \/><\/figure>\n\n\n\n<figure class=\"wp-block-image size-large\"><img loading=\"lazy\" decoding=\"async\" width=\"1024\" height=\"576\" data-id=\"3688\" src=\"https:\/\/prensa.sma.gob.ar\/wp-content\/uploads\/2024\/11\/WhatsApp-Image-2024-11-13-at-13.58.552-1024x576.jpeg\" alt=\"\" class=\"wp-image-3688\" srcset=\"https:\/\/prensa.sma.gob.ar\/wp-content\/uploads\/2024\/11\/WhatsApp-Image-2024-11-13-at-13.58.552-1024x576.jpeg 1024w, https:\/\/prensa.sma.gob.ar\/wp-content\/uploads\/2024\/11\/WhatsApp-Image-2024-11-13-at-13.58.552-300x169.jpeg 300w, https:\/\/prensa.sma.gob.ar\/wp-content\/uploads\/2024\/11\/WhatsApp-Image-2024-11-13-at-13.58.552-768x432.jpeg 768w, https:\/\/prensa.sma.gob.ar\/wp-content\/uploads\/2024\/11\/WhatsApp-Image-2024-11-13-at-13.58.552-1536x864.jpeg 1536w, https:\/\/prensa.sma.gob.ar\/wp-content\/uploads\/2024\/11\/WhatsApp-Image-2024-11-13-at-13.58.552-747x420.jpeg 747w, https:\/\/prensa.sma.gob.ar\/wp-content\/uploads\/2024\/11\/WhatsApp-Image-2024-11-13-at-13.58.552-696x392.jpeg 696w, https:\/\/prensa.sma.gob.ar\/wp-content\/uploads\/2024\/11\/WhatsApp-Image-2024-11-13-at-13.58.552-1068x601.jpeg 1068w, https:\/\/prensa.sma.gob.ar\/wp-content\/uploads\/2024\/11\/WhatsApp-Image-2024-11-13-at-13.58.552.jpeg 1600w\" sizes=\"auto, (max-width: 1024px) 100vw, 1024px\" \/><\/figure>\n\n\n\n<figure class=\"wp-block-image size-large\"><img loading=\"lazy\" decoding=\"async\" width=\"1024\" height=\"613\" data-id=\"3685\" src=\"https:\/\/prensa.sma.gob.ar\/wp-content\/uploads\/2024\/11\/WhatsApp-Image-2024-11-13-at-13.58.582-1024x613.jpeg\" alt=\"\" class=\"wp-image-3685\" srcset=\"https:\/\/prensa.sma.gob.ar\/wp-content\/uploads\/2024\/11\/WhatsApp-Image-2024-11-13-at-13.58.582-1024x613.jpeg 1024w, https:\/\/prensa.sma.gob.ar\/wp-content\/uploads\/2024\/11\/WhatsApp-Image-2024-11-13-at-13.58.582-300x180.jpeg 300w, https:\/\/prensa.sma.gob.ar\/wp-content\/uploads\/2024\/11\/WhatsApp-Image-2024-11-13-at-13.58.582-768x460.jpeg 768w, https:\/\/prensa.sma.gob.ar\/wp-content\/uploads\/2024\/11\/WhatsApp-Image-2024-11-13-at-13.58.582-1536x920.jpeg 1536w, https:\/\/prensa.sma.gob.ar\/wp-content\/uploads\/2024\/11\/WhatsApp-Image-2024-11-13-at-13.58.582-701x420.jpeg 701w, https:\/\/prensa.sma.gob.ar\/wp-content\/uploads\/2024\/11\/WhatsApp-Image-2024-11-13-at-13.58.582-696x417.jpeg 696w, https:\/\/prensa.sma.gob.ar\/wp-content\/uploads\/2024\/11\/WhatsApp-Image-2024-11-13-at-13.58.582-1068x639.jpeg 1068w, https:\/\/prensa.sma.gob.ar\/wp-content\/uploads\/2024\/11\/WhatsApp-Image-2024-11-13-at-13.58.582.jpeg 1600w\" sizes=\"auto, (max-width: 1024px) 100vw, 1024px\" \/><\/figure>\n\n\n\n<figure class=\"wp-block-image size-large\"><img loading=\"lazy\" decoding=\"async\" width=\"1024\" height=\"576\" data-id=\"3684\" src=\"https:\/\/prensa.sma.gob.ar\/wp-content\/uploads\/2024\/11\/WhatsApp-Image-2024-11-13-at-13.58.59-1-1024x576.jpeg\" alt=\"\" class=\"wp-image-3684\" srcset=\"https:\/\/prensa.sma.gob.ar\/wp-content\/uploads\/2024\/11\/WhatsApp-Image-2024-11-13-at-13.58.59-1-1024x576.jpeg 1024w, https:\/\/prensa.sma.gob.ar\/wp-content\/uploads\/2024\/11\/WhatsApp-Image-2024-11-13-at-13.58.59-1-300x169.jpeg 300w, https:\/\/prensa.sma.gob.ar\/wp-content\/uploads\/2024\/11\/WhatsApp-Image-2024-11-13-at-13.58.59-1-768x432.jpeg 768w, https:\/\/prensa.sma.gob.ar\/wp-content\/uploads\/2024\/11\/WhatsApp-Image-2024-11-13-at-13.58.59-1-1536x864.jpeg 1536w, https:\/\/prensa.sma.gob.ar\/wp-content\/uploads\/2024\/11\/WhatsApp-Image-2024-11-13-at-13.58.59-1-747x420.jpeg 747w, https:\/\/prensa.sma.gob.ar\/wp-content\/uploads\/2024\/11\/WhatsApp-Image-2024-11-13-at-13.58.59-1-696x392.jpeg 696w, https:\/\/prensa.sma.gob.ar\/wp-content\/uploads\/2024\/11\/WhatsApp-Image-2024-11-13-at-13.58.59-1-1068x601.jpeg 1068w, https:\/\/prensa.sma.gob.ar\/wp-content\/uploads\/2024\/11\/WhatsApp-Image-2024-11-13-at-13.58.59-1.jpeg 1600w\" sizes=\"auto, (max-width: 1024px) 100vw, 1024px\" \/><\/figure>\n\n\n\n<figure class=\"wp-block-image size-large\"><img loading=\"lazy\" decoding=\"async\" width=\"1024\" height=\"576\" data-id=\"3683\" src=\"https:\/\/prensa.sma.gob.ar\/wp-content\/uploads\/2024\/11\/WhatsApp-Image-2024-11-13-at-13.59.00-1-1024x576.jpeg\" alt=\"\" class=\"wp-image-3683\" srcset=\"https:\/\/prensa.sma.gob.ar\/wp-content\/uploads\/2024\/11\/WhatsApp-Image-2024-11-13-at-13.59.00-1-1024x576.jpeg 1024w, https:\/\/prensa.sma.gob.ar\/wp-content\/uploads\/2024\/11\/WhatsApp-Image-2024-11-13-at-13.59.00-1-300x169.jpeg 300w, https:\/\/prensa.sma.gob.ar\/wp-content\/uploads\/2024\/11\/WhatsApp-Image-2024-11-13-at-13.59.00-1-768x432.jpeg 768w, https:\/\/prensa.sma.gob.ar\/wp-content\/uploads\/2024\/11\/WhatsApp-Image-2024-11-13-at-13.59.00-1-1536x864.jpeg 1536w, https:\/\/prensa.sma.gob.ar\/wp-content\/uploads\/2024\/11\/WhatsApp-Image-2024-11-13-at-13.59.00-1-747x420.jpeg 747w, https:\/\/prensa.sma.gob.ar\/wp-content\/uploads\/2024\/11\/WhatsApp-Image-2024-11-13-at-13.59.00-1-696x392.jpeg 696w, https:\/\/prensa.sma.gob.ar\/wp-content\/uploads\/2024\/11\/WhatsApp-Image-2024-11-13-at-13.59.00-1-1068x601.jpeg 1068w, https:\/\/prensa.sma.gob.ar\/wp-content\/uploads\/2024\/11\/WhatsApp-Image-2024-11-13-at-13.59.00-1.jpeg 1600w\" sizes=\"auto, (max-width: 1024px) 100vw, 1024px\" \/><\/figure>\n\n\n\n<figure class=\"wp-block-image size-large\"><img loading=\"lazy\" decoding=\"async\" width=\"1024\" height=\"576\" data-id=\"3682\" src=\"https:\/\/prensa.sma.gob.ar\/wp-content\/uploads\/2024\/11\/WhatsApp-Image-2024-11-13-at-13.59.01-1024x576.jpeg\" alt=\"\" class=\"wp-image-3682\" srcset=\"https:\/\/prensa.sma.gob.ar\/wp-content\/uploads\/2024\/11\/WhatsApp-Image-2024-11-13-at-13.59.01-1024x576.jpeg 1024w, https:\/\/prensa.sma.gob.ar\/wp-content\/uploads\/2024\/11\/WhatsApp-Image-2024-11-13-at-13.59.01-300x169.jpeg 300w, https:\/\/prensa.sma.gob.ar\/wp-content\/uploads\/2024\/11\/WhatsApp-Image-2024-11-13-at-13.59.01-768x432.jpeg 768w, https:\/\/prensa.sma.gob.ar\/wp-content\/uploads\/2024\/11\/WhatsApp-Image-2024-11-13-at-13.59.01-1536x864.jpeg 1536w, https:\/\/prensa.sma.gob.ar\/wp-content\/uploads\/2024\/11\/WhatsApp-Image-2024-11-13-at-13.59.01-747x420.jpeg 747w, https:\/\/prensa.sma.gob.ar\/wp-content\/uploads\/2024\/11\/WhatsApp-Image-2024-11-13-at-13.59.01-696x392.jpeg 696w, https:\/\/prensa.sma.gob.ar\/wp-content\/uploads\/2024\/11\/WhatsApp-Image-2024-11-13-at-13.59.01-1068x601.jpeg 1068w, https:\/\/prensa.sma.gob.ar\/wp-content\/uploads\/2024\/11\/WhatsApp-Image-2024-11-13-at-13.59.01.jpeg 1600w\" sizes=\"auto, (max-width: 1024px) 100vw, 1024px\" \/><\/figure>\n\n\n\n<figure class=\"wp-block-image size-large\"><img loading=\"lazy\" decoding=\"async\" width=\"1024\" height=\"576\" data-id=\"3681\" src=\"https:\/\/prensa.sma.gob.ar\/wp-content\/uploads\/2024\/11\/WhatsApp-Image-2024-11-13-at-13.59.02-1-1024x576.jpeg\" alt=\"\" class=\"wp-image-3681\" srcset=\"https:\/\/prensa.sma.gob.ar\/wp-content\/uploads\/2024\/11\/WhatsApp-Image-2024-11-13-at-13.59.02-1-1024x576.jpeg 1024w, https:\/\/prensa.sma.gob.ar\/wp-content\/uploads\/2024\/11\/WhatsApp-Image-2024-11-13-at-13.59.02-1-300x169.jpeg 300w, https:\/\/prensa.sma.gob.ar\/wp-content\/uploads\/2024\/11\/WhatsApp-Image-2024-11-13-at-13.59.02-1-768x432.jpeg 768w, https:\/\/prensa.sma.gob.ar\/wp-content\/uploads\/2024\/11\/WhatsApp-Image-2024-11-13-at-13.59.02-1-1536x864.jpeg 1536w, https:\/\/prensa.sma.gob.ar\/wp-content\/uploads\/2024\/11\/WhatsApp-Image-2024-11-13-at-13.59.02-1-747x420.jpeg 747w, https:\/\/prensa.sma.gob.ar\/wp-content\/uploads\/2024\/11\/WhatsApp-Image-2024-11-13-at-13.59.02-1-696x392.jpeg 696w, https:\/\/prensa.sma.gob.ar\/wp-content\/uploads\/2024\/11\/WhatsApp-Image-2024-11-13-at-13.59.02-1-1068x601.jpeg 1068w, https:\/\/prensa.sma.gob.ar\/wp-content\/uploads\/2024\/11\/WhatsApp-Image-2024-11-13-at-13.59.02-1.jpeg 1600w\" sizes=\"auto, (max-width: 1024px) 100vw, 1024px\" \/><\/figure>\n\n\n\n<figure class=\"wp-block-image size-large\"><img loading=\"lazy\" decoding=\"async\" width=\"1024\" height=\"576\" data-id=\"3680\" src=\"https:\/\/prensa.sma.gob.ar\/wp-content\/uploads\/2024\/11\/WhatsApp-Image-2024-11-13-at-13.59.06-3-1024x576.jpeg\" alt=\"\" class=\"wp-image-3680\" srcset=\"https:\/\/prensa.sma.gob.ar\/wp-content\/uploads\/2024\/11\/WhatsApp-Image-2024-11-13-at-13.59.06-3-1024x576.jpeg 1024w, https:\/\/prensa.sma.gob.ar\/wp-content\/uploads\/2024\/11\/WhatsApp-Image-2024-11-13-at-13.59.06-3-300x169.jpeg 300w, https:\/\/prensa.sma.gob.ar\/wp-content\/uploads\/2024\/11\/WhatsApp-Image-2024-11-13-at-13.59.06-3-768x432.jpeg 768w, https:\/\/prensa.sma.gob.ar\/wp-content\/uploads\/2024\/11\/WhatsApp-Image-2024-11-13-at-13.59.06-3-1536x864.jpeg 1536w, https:\/\/prensa.sma.gob.ar\/wp-content\/uploads\/2024\/11\/WhatsApp-Image-2024-11-13-at-13.59.06-3-747x420.jpeg 747w, https:\/\/prensa.sma.gob.ar\/wp-content\/uploads\/2024\/11\/WhatsApp-Image-2024-11-13-at-13.59.06-3-696x392.jpeg 696w, https:\/\/prensa.sma.gob.ar\/wp-content\/uploads\/2024\/11\/WhatsApp-Image-2024-11-13-at-13.59.06-3-1068x601.jpeg 1068w, https:\/\/prensa.sma.gob.ar\/wp-content\/uploads\/2024\/11\/WhatsApp-Image-2024-11-13-at-13.59.06-3.jpeg 1600w\" sizes=\"auto, (max-width: 1024px) 100vw, 1024px\" \/><\/figure>\n<\/figure>\n","protected":false},"excerpt":{"rendered":"<p>Cuatro de las diez mujeres que trabajaron hace tres a\u00f1os en la pavimentaci\u00f3n de los primeros metros de avenida Los Lagos, acaban de sumarse a la cuadrilla que, por estas semanas, avanza con el tramo de 400 metros hasta la Escuela 359. Carolina, Gladis, Andrea y Mariana afirman que est\u00e1n felices de poder volver a [&hellip;]<\/p>\n","protected":false},"author":2,"featured_media":3695,"comment_status":"closed","ping_status":"open","sticky":false,"template":"","format":"standard","meta":{"footnotes":""},"categories":[16,14,19,17],"tags":[],"class_list":{"0":"post-3679","1":"post","2":"type-post","3":"status-publish","4":"format-standard","5":"has-post-thumbnail","7":"category-destacadas","8":"category-noticias","9":"category-obras-y-servicios-publicos","10":"category-portada"},"_links":{"self":[{"href":"https:\/\/prensa.sma.gob.ar\/index.php?rest_route=\/wp\/v2\/posts\/3679","targetHints":{"allow":["GET"]}}],"collection":[{"href":"https:\/\/prensa.sma.gob.ar\/index.php?rest_route=\/wp\/v2\/posts"}],"about":[{"href":"https:\/\/prensa.sma.gob.ar\/index.php?rest_route=\/wp\/v2\/types\/post"}],"author":[{"embeddable":true,"href":"https:\/\/prensa.sma.gob.ar\/index.php?rest_route=\/wp\/v2\/users\/2"}],"replies":[{"embeddable":true,"href":"https:\/\/prensa.sma.gob.ar\/index.php?rest_route=%2Fwp%2Fv2%2Fcomments&post=3679"}],"version-history":[{"count":2,"href":"https:\/\/prensa.sma.gob.ar\/index.php?rest_route=\/wp\/v2\/posts\/3679\/revisions"}],"predecessor-version":[{"id":3699,"href":"https:\/\/prensa.sma.gob.ar\/index.php?rest_route=\/wp\/v2\/posts\/3679\/revisions\/3699"}],"wp:featuredmedia":[{"embeddable":true,"href":"https:\/\/prensa.sma.gob.ar\/index.php?rest_route=\/wp\/v2\/media\/3695"}],"wp:attachment":[{"href":"https:\/\/prensa.sma.gob.ar\/index.php?rest_route=%2Fwp%2Fv2%2Fmedia&parent=3679"}],"wp:term":[{"taxonomy":"category","embeddable":true,"href":"https:\/\/prensa.sma.gob.ar\/index.php?rest_route=%2Fwp%2Fv2%2Fcategories&post=3679"},{"taxonomy":"post_tag","embeddable":true,"href":"https:\/\/prensa.sma.gob.ar\/index.php?rest_route=%2Fwp%2Fv2%2Ftags&post=3679"}],"curies":[{"name":"wp","href":"https:\/\/api.w.org\/{rel}","templated":true}]}}