{"id":3702,"date":"2024-11-18T17:34:49","date_gmt":"2024-11-18T17:34:49","guid":{"rendered":"https:\/\/prensa.sma.gob.ar\/?p=3702"},"modified":"2024-11-18T17:34:50","modified_gmt":"2024-11-18T17:34:50","slug":"con-presencia-de-vecinas-vecinos-y-turistas-se-realizo-el-encuentro-de-tejedoras-del-neuquen","status":"publish","type":"post","link":"https:\/\/prensa.sma.gob.ar\/?p=3702","title":{"rendered":"Con presencia de vecinas, vecinos y turistas, se realiz\u00f3 el Encuentro de Tejedoras del Neuqu\u00e9n"},"content":{"rendered":"\n<p>El encuentro, denominado \u201cLa trama en com\u00fan\u201d, reuni\u00f3 a mujeres tejedoras de varias localidades de la provincia, desde una perspectiva intercultural, incluyendo alumnas del taller de tejido mapuche de nuestra ciudad, que encabeza Georgina Tripailaf.<\/p>\n\n\n\n<p>Esta actividad gener\u00f3 un espacio de encuentro y de aprendizaje orientado a la recuperaci\u00f3n de saberes, t\u00e9cnicas y experiencias sobre <a><\/a>el universo del tejido, incluyendo demostraciones de te\u00f1ido de lana con ra\u00edces.<\/p>\n\n\n\n<figure class=\"wp-block-gallery has-nested-images columns-default is-cropped wp-block-gallery-1 is-layout-flex wp-block-gallery-is-layout-flex\">\n<figure class=\"wp-block-image size-large\"><img loading=\"lazy\" decoding=\"async\" width=\"1024\" height=\"576\" data-id=\"3723\" src=\"https:\/\/prensa.sma.gob.ar\/wp-content\/uploads\/2024\/11\/WhatsApp-Image-2024-11-16-at-18.09.55-1024x576.jpeg\" alt=\"\" class=\"wp-image-3723\" srcset=\"https:\/\/prensa.sma.gob.ar\/wp-content\/uploads\/2024\/11\/WhatsApp-Image-2024-11-16-at-18.09.55-1024x576.jpeg 1024w, https:\/\/prensa.sma.gob.ar\/wp-content\/uploads\/2024\/11\/WhatsApp-Image-2024-11-16-at-18.09.55-300x169.jpeg 300w, https:\/\/prensa.sma.gob.ar\/wp-content\/uploads\/2024\/11\/WhatsApp-Image-2024-11-16-at-18.09.55-768x432.jpeg 768w, https:\/\/prensa.sma.gob.ar\/wp-content\/uploads\/2024\/11\/WhatsApp-Image-2024-11-16-at-18.09.55-1536x864.jpeg 1536w, https:\/\/prensa.sma.gob.ar\/wp-content\/uploads\/2024\/11\/WhatsApp-Image-2024-11-16-at-18.09.55-747x420.jpeg 747w, https:\/\/prensa.sma.gob.ar\/wp-content\/uploads\/2024\/11\/WhatsApp-Image-2024-11-16-at-18.09.55-696x392.jpeg 696w, https:\/\/prensa.sma.gob.ar\/wp-content\/uploads\/2024\/11\/WhatsApp-Image-2024-11-16-at-18.09.55-1068x601.jpeg 1068w, https:\/\/prensa.sma.gob.ar\/wp-content\/uploads\/2024\/11\/WhatsApp-Image-2024-11-16-at-18.09.55.jpeg 1600w\" sizes=\"auto, (max-width: 1024px) 100vw, 1024px\" \/><\/figure>\n\n\n\n<figure class=\"wp-block-image size-large\"><img loading=\"lazy\" decoding=\"async\" width=\"1024\" height=\"625\" data-id=\"3704\" src=\"https:\/\/prensa.sma.gob.ar\/wp-content\/uploads\/2024\/11\/WhatsApp-Image-2024-11-16-at-18.10.141-1024x625.jpeg\" alt=\"\" class=\"wp-image-3704\" srcset=\"https:\/\/prensa.sma.gob.ar\/wp-content\/uploads\/2024\/11\/WhatsApp-Image-2024-11-16-at-18.10.141-1024x625.jpeg 1024w, https:\/\/prensa.sma.gob.ar\/wp-content\/uploads\/2024\/11\/WhatsApp-Image-2024-11-16-at-18.10.141-300x183.jpeg 300w, https:\/\/prensa.sma.gob.ar\/wp-content\/uploads\/2024\/11\/WhatsApp-Image-2024-11-16-at-18.10.141-768x469.jpeg 768w, https:\/\/prensa.sma.gob.ar\/wp-content\/uploads\/2024\/11\/WhatsApp-Image-2024-11-16-at-18.10.141-1536x938.jpeg 1536w, https:\/\/prensa.sma.gob.ar\/wp-content\/uploads\/2024\/11\/WhatsApp-Image-2024-11-16-at-18.10.141-688x420.jpeg 688w, https:\/\/prensa.sma.gob.ar\/wp-content\/uploads\/2024\/11\/WhatsApp-Image-2024-11-16-at-18.10.141-696x425.jpeg 696w, https:\/\/prensa.sma.gob.ar\/wp-content\/uploads\/2024\/11\/WhatsApp-Image-2024-11-16-at-18.10.141-1068x652.jpeg 1068w, https:\/\/prensa.sma.gob.ar\/wp-content\/uploads\/2024\/11\/WhatsApp-Image-2024-11-16-at-18.10.141.jpeg 1600w\" sizes=\"auto, (max-width: 1024px) 100vw, 1024px\" \/><\/figure>\n\n\n\n<figure class=\"wp-block-image size-large\"><img loading=\"lazy\" decoding=\"async\" width=\"1024\" height=\"576\" data-id=\"3705\" src=\"https:\/\/prensa.sma.gob.ar\/wp-content\/uploads\/2024\/11\/WhatsApp-Image-2024-11-16-at-18.10.14-1024x576.jpeg\" alt=\"\" class=\"wp-image-3705\" srcset=\"https:\/\/prensa.sma.gob.ar\/wp-content\/uploads\/2024\/11\/WhatsApp-Image-2024-11-16-at-18.10.14-1024x576.jpeg 1024w, https:\/\/prensa.sma.gob.ar\/wp-content\/uploads\/2024\/11\/WhatsApp-Image-2024-11-16-at-18.10.14-300x169.jpeg 300w, https:\/\/prensa.sma.gob.ar\/wp-content\/uploads\/2024\/11\/WhatsApp-Image-2024-11-16-at-18.10.14-768x432.jpeg 768w, https:\/\/prensa.sma.gob.ar\/wp-content\/uploads\/2024\/11\/WhatsApp-Image-2024-11-16-at-18.10.14-1536x864.jpeg 1536w, https:\/\/prensa.sma.gob.ar\/wp-content\/uploads\/2024\/11\/WhatsApp-Image-2024-11-16-at-18.10.14-747x420.jpeg 747w, https:\/\/prensa.sma.gob.ar\/wp-content\/uploads\/2024\/11\/WhatsApp-Image-2024-11-16-at-18.10.14-696x392.jpeg 696w, https:\/\/prensa.sma.gob.ar\/wp-content\/uploads\/2024\/11\/WhatsApp-Image-2024-11-16-at-18.10.14-1068x601.jpeg 1068w, https:\/\/prensa.sma.gob.ar\/wp-content\/uploads\/2024\/11\/WhatsApp-Image-2024-11-16-at-18.10.14.jpeg 1600w\" sizes=\"auto, (max-width: 1024px) 100vw, 1024px\" \/><\/figure>\n\n\n\n<figure class=\"wp-block-image size-large\"><img loading=\"lazy\" decoding=\"async\" width=\"1024\" height=\"577\" data-id=\"3706\" src=\"https:\/\/prensa.sma.gob.ar\/wp-content\/uploads\/2024\/11\/WhatsApp-Image-2024-11-16-at-18.10.132-1024x577.jpeg\" alt=\"\" class=\"wp-image-3706\" srcset=\"https:\/\/prensa.sma.gob.ar\/wp-content\/uploads\/2024\/11\/WhatsApp-Image-2024-11-16-at-18.10.132-1024x577.jpeg 1024w, https:\/\/prensa.sma.gob.ar\/wp-content\/uploads\/2024\/11\/WhatsApp-Image-2024-11-16-at-18.10.132-300x169.jpeg 300w, https:\/\/prensa.sma.gob.ar\/wp-content\/uploads\/2024\/11\/WhatsApp-Image-2024-11-16-at-18.10.132-768x433.jpeg 768w, https:\/\/prensa.sma.gob.ar\/wp-content\/uploads\/2024\/11\/WhatsApp-Image-2024-11-16-at-18.10.132-1536x866.jpeg 1536w, https:\/\/prensa.sma.gob.ar\/wp-content\/uploads\/2024\/11\/WhatsApp-Image-2024-11-16-at-18.10.132-745x420.jpeg 745w, https:\/\/prensa.sma.gob.ar\/wp-content\/uploads\/2024\/11\/WhatsApp-Image-2024-11-16-at-18.10.132-696x392.jpeg 696w, https:\/\/prensa.sma.gob.ar\/wp-content\/uploads\/2024\/11\/WhatsApp-Image-2024-11-16-at-18.10.132-1068x602.jpeg 1068w, https:\/\/prensa.sma.gob.ar\/wp-content\/uploads\/2024\/11\/WhatsApp-Image-2024-11-16-at-18.10.132.jpeg 1600w\" sizes=\"auto, (max-width: 1024px) 100vw, 1024px\" \/><\/figure>\n\n\n\n<figure class=\"wp-block-image size-large\"><img loading=\"lazy\" decoding=\"async\" width=\"1024\" height=\"591\" data-id=\"3707\" src=\"https:\/\/prensa.sma.gob.ar\/wp-content\/uploads\/2024\/11\/WhatsApp-Image-2024-11-16-at-18.10.131-1024x591.jpeg\" alt=\"\" class=\"wp-image-3707\" srcset=\"https:\/\/prensa.sma.gob.ar\/wp-content\/uploads\/2024\/11\/WhatsApp-Image-2024-11-16-at-18.10.131-1024x591.jpeg 1024w, https:\/\/prensa.sma.gob.ar\/wp-content\/uploads\/2024\/11\/WhatsApp-Image-2024-11-16-at-18.10.131-300x173.jpeg 300w, https:\/\/prensa.sma.gob.ar\/wp-content\/uploads\/2024\/11\/WhatsApp-Image-2024-11-16-at-18.10.131-768x443.jpeg 768w, https:\/\/prensa.sma.gob.ar\/wp-content\/uploads\/2024\/11\/WhatsApp-Image-2024-11-16-at-18.10.131-1536x886.jpeg 1536w, https:\/\/prensa.sma.gob.ar\/wp-content\/uploads\/2024\/11\/WhatsApp-Image-2024-11-16-at-18.10.131-728x420.jpeg 728w, https:\/\/prensa.sma.gob.ar\/wp-content\/uploads\/2024\/11\/WhatsApp-Image-2024-11-16-at-18.10.131-696x402.jpeg 696w, https:\/\/prensa.sma.gob.ar\/wp-content\/uploads\/2024\/11\/WhatsApp-Image-2024-11-16-at-18.10.131-1068x616.jpeg 1068w, https:\/\/prensa.sma.gob.ar\/wp-content\/uploads\/2024\/11\/WhatsApp-Image-2024-11-16-at-18.10.131.jpeg 1600w\" sizes=\"auto, (max-width: 1024px) 100vw, 1024px\" \/><\/figure>\n\n\n\n<figure class=\"wp-block-image size-large\"><img loading=\"lazy\" decoding=\"async\" width=\"1024\" height=\"576\" data-id=\"3708\" src=\"https:\/\/prensa.sma.gob.ar\/wp-content\/uploads\/2024\/11\/WhatsApp-Image-2024-11-16-at-18.10.13-1024x576.jpeg\" alt=\"\" class=\"wp-image-3708\" srcset=\"https:\/\/prensa.sma.gob.ar\/wp-content\/uploads\/2024\/11\/WhatsApp-Image-2024-11-16-at-18.10.13-1024x576.jpeg 1024w, https:\/\/prensa.sma.gob.ar\/wp-content\/uploads\/2024\/11\/WhatsApp-Image-2024-11-16-at-18.10.13-300x169.jpeg 300w, https:\/\/prensa.sma.gob.ar\/wp-content\/uploads\/2024\/11\/WhatsApp-Image-2024-11-16-at-18.10.13-768x432.jpeg 768w, https:\/\/prensa.sma.gob.ar\/wp-content\/uploads\/2024\/11\/WhatsApp-Image-2024-11-16-at-18.10.13-1536x864.jpeg 1536w, https:\/\/prensa.sma.gob.ar\/wp-content\/uploads\/2024\/11\/WhatsApp-Image-2024-11-16-at-18.10.13-747x420.jpeg 747w, https:\/\/prensa.sma.gob.ar\/wp-content\/uploads\/2024\/11\/WhatsApp-Image-2024-11-16-at-18.10.13-696x392.jpeg 696w, https:\/\/prensa.sma.gob.ar\/wp-content\/uploads\/2024\/11\/WhatsApp-Image-2024-11-16-at-18.10.13-1068x601.jpeg 1068w, https:\/\/prensa.sma.gob.ar\/wp-content\/uploads\/2024\/11\/WhatsApp-Image-2024-11-16-at-18.10.13.jpeg 1600w\" sizes=\"auto, (max-width: 1024px) 100vw, 1024px\" \/><\/figure>\n<\/figure>\n\n\n\n<p>Participaron el secretario de Cultura del Municipio, Gustavo Santos, y todo el personal del \u00e1rea; el investigador del \u00e1rea de Patrimonio Cultural de la provincia de Neuqu\u00e9n Nicolas Padin, y Georgina Tripailaf, coordinadora del encuentro.<\/p>\n\n\n\n<p>Tambi\u00e9n particip\u00f3 el grupo de Croquiseros Urbanos, dibujando escenas del Encuentro, que se realiz\u00f3 en la plaza San Mart\u00edn.<\/p>\n\n\n\n<p>El encuentro estuvo organizado por el Ministerio de Desarrollo Humano, Gobiernos Locales y Mujeres de la provincia; la Secretar\u00eda provincial de Cultura, Inclusi\u00f3n y Gesti\u00f3n Comunitaria; la Subsecretar\u00eda de Cultura de la Provincia y la Secretar\u00eda de Cultura del Municipio de San Mart\u00edn de los Andes.<\/p>\n\n\n\n<figure class=\"wp-block-gallery has-nested-images columns-default is-cropped wp-block-gallery-2 is-layout-flex wp-block-gallery-is-layout-flex\">\n<figure class=\"wp-block-image size-large\"><img loading=\"lazy\" decoding=\"async\" width=\"1024\" height=\"576\" data-id=\"3712\" src=\"https:\/\/prensa.sma.gob.ar\/wp-content\/uploads\/2024\/11\/WhatsApp-Image-2024-11-16-at-18.10.051-1024x576.jpeg\" alt=\"\" class=\"wp-image-3712\" srcset=\"https:\/\/prensa.sma.gob.ar\/wp-content\/uploads\/2024\/11\/WhatsApp-Image-2024-11-16-at-18.10.051-1024x576.jpeg 1024w, https:\/\/prensa.sma.gob.ar\/wp-content\/uploads\/2024\/11\/WhatsApp-Image-2024-11-16-at-18.10.051-300x169.jpeg 300w, https:\/\/prensa.sma.gob.ar\/wp-content\/uploads\/2024\/11\/WhatsApp-Image-2024-11-16-at-18.10.051-768x432.jpeg 768w, https:\/\/prensa.sma.gob.ar\/wp-content\/uploads\/2024\/11\/WhatsApp-Image-2024-11-16-at-18.10.051-1536x864.jpeg 1536w, https:\/\/prensa.sma.gob.ar\/wp-content\/uploads\/2024\/11\/WhatsApp-Image-2024-11-16-at-18.10.051-747x420.jpeg 747w, https:\/\/prensa.sma.gob.ar\/wp-content\/uploads\/2024\/11\/WhatsApp-Image-2024-11-16-at-18.10.051-696x392.jpeg 696w, https:\/\/prensa.sma.gob.ar\/wp-content\/uploads\/2024\/11\/WhatsApp-Image-2024-11-16-at-18.10.051-1068x601.jpeg 1068w, https:\/\/prensa.sma.gob.ar\/wp-content\/uploads\/2024\/11\/WhatsApp-Image-2024-11-16-at-18.10.051.jpeg 1600w\" sizes=\"auto, (max-width: 1024px) 100vw, 1024px\" \/><\/figure>\n\n\n\n<figure class=\"wp-block-image size-large\"><img loading=\"lazy\" decoding=\"async\" width=\"1024\" height=\"576\" data-id=\"3714\" src=\"https:\/\/prensa.sma.gob.ar\/wp-content\/uploads\/2024\/11\/WhatsApp-Image-2024-11-16-at-18.10.042-1024x576.jpeg\" alt=\"\" class=\"wp-image-3714\" srcset=\"https:\/\/prensa.sma.gob.ar\/wp-content\/uploads\/2024\/11\/WhatsApp-Image-2024-11-16-at-18.10.042-1024x576.jpeg 1024w, https:\/\/prensa.sma.gob.ar\/wp-content\/uploads\/2024\/11\/WhatsApp-Image-2024-11-16-at-18.10.042-300x169.jpeg 300w, https:\/\/prensa.sma.gob.ar\/wp-content\/uploads\/2024\/11\/WhatsApp-Image-2024-11-16-at-18.10.042-768x432.jpeg 768w, https:\/\/prensa.sma.gob.ar\/wp-content\/uploads\/2024\/11\/WhatsApp-Image-2024-11-16-at-18.10.042-1536x864.jpeg 1536w, https:\/\/prensa.sma.gob.ar\/wp-content\/uploads\/2024\/11\/WhatsApp-Image-2024-11-16-at-18.10.042-747x420.jpeg 747w, https:\/\/prensa.sma.gob.ar\/wp-content\/uploads\/2024\/11\/WhatsApp-Image-2024-11-16-at-18.10.042-696x392.jpeg 696w, https:\/\/prensa.sma.gob.ar\/wp-content\/uploads\/2024\/11\/WhatsApp-Image-2024-11-16-at-18.10.042-1068x601.jpeg 1068w, https:\/\/prensa.sma.gob.ar\/wp-content\/uploads\/2024\/11\/WhatsApp-Image-2024-11-16-at-18.10.042.jpeg 1600w\" sizes=\"auto, (max-width: 1024px) 100vw, 1024px\" \/><\/figure>\n\n\n\n<figure class=\"wp-block-image size-large\"><img loading=\"lazy\" decoding=\"async\" width=\"1024\" height=\"576\" data-id=\"3723\" src=\"https:\/\/prensa.sma.gob.ar\/wp-content\/uploads\/2024\/11\/WhatsApp-Image-2024-11-16-at-18.09.55-1024x576.jpeg\" alt=\"\" class=\"wp-image-3723\" srcset=\"https:\/\/prensa.sma.gob.ar\/wp-content\/uploads\/2024\/11\/WhatsApp-Image-2024-11-16-at-18.09.55-1024x576.jpeg 1024w, https:\/\/prensa.sma.gob.ar\/wp-content\/uploads\/2024\/11\/WhatsApp-Image-2024-11-16-at-18.09.55-300x169.jpeg 300w, https:\/\/prensa.sma.gob.ar\/wp-content\/uploads\/2024\/11\/WhatsApp-Image-2024-11-16-at-18.09.55-768x432.jpeg 768w, https:\/\/prensa.sma.gob.ar\/wp-content\/uploads\/2024\/11\/WhatsApp-Image-2024-11-16-at-18.09.55-1536x864.jpeg 1536w, https:\/\/prensa.sma.gob.ar\/wp-content\/uploads\/2024\/11\/WhatsApp-Image-2024-11-16-at-18.09.55-747x420.jpeg 747w, https:\/\/prensa.sma.gob.ar\/wp-content\/uploads\/2024\/11\/WhatsApp-Image-2024-11-16-at-18.09.55-696x392.jpeg 696w, https:\/\/prensa.sma.gob.ar\/wp-content\/uploads\/2024\/11\/WhatsApp-Image-2024-11-16-at-18.09.55-1068x601.jpeg 1068w, https:\/\/prensa.sma.gob.ar\/wp-content\/uploads\/2024\/11\/WhatsApp-Image-2024-11-16-at-18.09.55.jpeg 1600w\" sizes=\"auto, (max-width: 1024px) 100vw, 1024px\" \/><\/figure>\n\n\n\n<figure class=\"wp-block-image size-large\"><img loading=\"lazy\" decoding=\"async\" width=\"1024\" height=\"593\" data-id=\"3722\" src=\"https:\/\/prensa.sma.gob.ar\/wp-content\/uploads\/2024\/11\/WhatsApp-Image-2024-11-16-at-18.09.58-1024x593.jpeg\" alt=\"\" class=\"wp-image-3722\" srcset=\"https:\/\/prensa.sma.gob.ar\/wp-content\/uploads\/2024\/11\/WhatsApp-Image-2024-11-16-at-18.09.58-1024x593.jpeg 1024w, https:\/\/prensa.sma.gob.ar\/wp-content\/uploads\/2024\/11\/WhatsApp-Image-2024-11-16-at-18.09.58-300x174.jpeg 300w, https:\/\/prensa.sma.gob.ar\/wp-content\/uploads\/2024\/11\/WhatsApp-Image-2024-11-16-at-18.09.58-768x445.jpeg 768w, https:\/\/prensa.sma.gob.ar\/wp-content\/uploads\/2024\/11\/WhatsApp-Image-2024-11-16-at-18.09.58-1536x890.jpeg 1536w, https:\/\/prensa.sma.gob.ar\/wp-content\/uploads\/2024\/11\/WhatsApp-Image-2024-11-16-at-18.09.58-725x420.jpeg 725w, https:\/\/prensa.sma.gob.ar\/wp-content\/uploads\/2024\/11\/WhatsApp-Image-2024-11-16-at-18.09.58-696x403.jpeg 696w, https:\/\/prensa.sma.gob.ar\/wp-content\/uploads\/2024\/11\/WhatsApp-Image-2024-11-16-at-18.09.58-1068x619.jpeg 1068w, https:\/\/prensa.sma.gob.ar\/wp-content\/uploads\/2024\/11\/WhatsApp-Image-2024-11-16-at-18.09.58.jpeg 1600w\" sizes=\"auto, (max-width: 1024px) 100vw, 1024px\" \/><\/figure>\n\n\n\n<figure class=\"wp-block-image size-large\"><img loading=\"lazy\" decoding=\"async\" width=\"1024\" height=\"629\" data-id=\"3720\" src=\"https:\/\/prensa.sma.gob.ar\/wp-content\/uploads\/2024\/11\/WhatsApp-Image-2024-11-16-at-18.10.001-1024x629.jpeg\" alt=\"\" class=\"wp-image-3720\" srcset=\"https:\/\/prensa.sma.gob.ar\/wp-content\/uploads\/2024\/11\/WhatsApp-Image-2024-11-16-at-18.10.001-1024x629.jpeg 1024w, https:\/\/prensa.sma.gob.ar\/wp-content\/uploads\/2024\/11\/WhatsApp-Image-2024-11-16-at-18.10.001-300x184.jpeg 300w, https:\/\/prensa.sma.gob.ar\/wp-content\/uploads\/2024\/11\/WhatsApp-Image-2024-11-16-at-18.10.001-768x472.jpeg 768w, https:\/\/prensa.sma.gob.ar\/wp-content\/uploads\/2024\/11\/WhatsApp-Image-2024-11-16-at-18.10.001-1536x944.jpeg 1536w, https:\/\/prensa.sma.gob.ar\/wp-content\/uploads\/2024\/11\/WhatsApp-Image-2024-11-16-at-18.10.001-684x420.jpeg 684w, https:\/\/prensa.sma.gob.ar\/wp-content\/uploads\/2024\/11\/WhatsApp-Image-2024-11-16-at-18.10.001-696x428.jpeg 696w, https:\/\/prensa.sma.gob.ar\/wp-content\/uploads\/2024\/11\/WhatsApp-Image-2024-11-16-at-18.10.001-1068x656.jpeg 1068w, https:\/\/prensa.sma.gob.ar\/wp-content\/uploads\/2024\/11\/WhatsApp-Image-2024-11-16-at-18.10.001.jpeg 1600w\" sizes=\"auto, (max-width: 1024px) 100vw, 1024px\" \/><\/figure>\n\n\n\n<figure class=\"wp-block-image size-large\"><img loading=\"lazy\" decoding=\"async\" width=\"1024\" height=\"576\" data-id=\"3721\" src=\"https:\/\/prensa.sma.gob.ar\/wp-content\/uploads\/2024\/11\/WhatsApp-Image-2024-11-16-at-18.10.00-1024x576.jpeg\" alt=\"\" class=\"wp-image-3721\" srcset=\"https:\/\/prensa.sma.gob.ar\/wp-content\/uploads\/2024\/11\/WhatsApp-Image-2024-11-16-at-18.10.00-1024x576.jpeg 1024w, https:\/\/prensa.sma.gob.ar\/wp-content\/uploads\/2024\/11\/WhatsApp-Image-2024-11-16-at-18.10.00-300x169.jpeg 300w, https:\/\/prensa.sma.gob.ar\/wp-content\/uploads\/2024\/11\/WhatsApp-Image-2024-11-16-at-18.10.00-768x432.jpeg 768w, https:\/\/prensa.sma.gob.ar\/wp-content\/uploads\/2024\/11\/WhatsApp-Image-2024-11-16-at-18.10.00-1536x864.jpeg 1536w, https:\/\/prensa.sma.gob.ar\/wp-content\/uploads\/2024\/11\/WhatsApp-Image-2024-11-16-at-18.10.00-747x420.jpeg 747w, https:\/\/prensa.sma.gob.ar\/wp-content\/uploads\/2024\/11\/WhatsApp-Image-2024-11-16-at-18.10.00-696x392.jpeg 696w, https:\/\/prensa.sma.gob.ar\/wp-content\/uploads\/2024\/11\/WhatsApp-Image-2024-11-16-at-18.10.00-1068x601.jpeg 1068w, https:\/\/prensa.sma.gob.ar\/wp-content\/uploads\/2024\/11\/WhatsApp-Image-2024-11-16-at-18.10.00.jpeg 1600w\" sizes=\"auto, (max-width: 1024px) 100vw, 1024px\" \/><\/figure>\n\n\n\n<figure class=\"wp-block-image size-large\"><img loading=\"lazy\" decoding=\"async\" width=\"1024\" height=\"657\" data-id=\"3718\" src=\"https:\/\/prensa.sma.gob.ar\/wp-content\/uploads\/2024\/11\/WhatsApp-Image-2024-11-16-at-18.10.03-1024x657.jpeg\" alt=\"\" class=\"wp-image-3718\" srcset=\"https:\/\/prensa.sma.gob.ar\/wp-content\/uploads\/2024\/11\/WhatsApp-Image-2024-11-16-at-18.10.03-1024x657.jpeg 1024w, https:\/\/prensa.sma.gob.ar\/wp-content\/uploads\/2024\/11\/WhatsApp-Image-2024-11-16-at-18.10.03-300x192.jpeg 300w, https:\/\/prensa.sma.gob.ar\/wp-content\/uploads\/2024\/11\/WhatsApp-Image-2024-11-16-at-18.10.03-768x492.jpeg 768w, https:\/\/prensa.sma.gob.ar\/wp-content\/uploads\/2024\/11\/WhatsApp-Image-2024-11-16-at-18.10.03-1536x985.jpeg 1536w, https:\/\/prensa.sma.gob.ar\/wp-content\/uploads\/2024\/11\/WhatsApp-Image-2024-11-16-at-18.10.03-655x420.jpeg 655w, https:\/\/prensa.sma.gob.ar\/wp-content\/uploads\/2024\/11\/WhatsApp-Image-2024-11-16-at-18.10.03-696x446.jpeg 696w, https:\/\/prensa.sma.gob.ar\/wp-content\/uploads\/2024\/11\/WhatsApp-Image-2024-11-16-at-18.10.03-1068x685.jpeg 1068w, https:\/\/prensa.sma.gob.ar\/wp-content\/uploads\/2024\/11\/WhatsApp-Image-2024-11-16-at-18.10.03.jpeg 1600w\" sizes=\"auto, (max-width: 1024px) 100vw, 1024px\" \/><\/figure>\n\n\n\n<figure class=\"wp-block-image size-large\"><img loading=\"lazy\" decoding=\"async\" width=\"1024\" height=\"576\" data-id=\"3717\" src=\"https:\/\/prensa.sma.gob.ar\/wp-content\/uploads\/2024\/11\/WhatsApp-Image-2024-11-16-at-18.10.031-1024x576.jpeg\" alt=\"\" class=\"wp-image-3717\" srcset=\"https:\/\/prensa.sma.gob.ar\/wp-content\/uploads\/2024\/11\/WhatsApp-Image-2024-11-16-at-18.10.031-1024x576.jpeg 1024w, https:\/\/prensa.sma.gob.ar\/wp-content\/uploads\/2024\/11\/WhatsApp-Image-2024-11-16-at-18.10.031-300x169.jpeg 300w, https:\/\/prensa.sma.gob.ar\/wp-content\/uploads\/2024\/11\/WhatsApp-Image-2024-11-16-at-18.10.031-768x432.jpeg 768w, https:\/\/prensa.sma.gob.ar\/wp-content\/uploads\/2024\/11\/WhatsApp-Image-2024-11-16-at-18.10.031-1536x864.jpeg 1536w, https:\/\/prensa.sma.gob.ar\/wp-content\/uploads\/2024\/11\/WhatsApp-Image-2024-11-16-at-18.10.031-747x420.jpeg 747w, https:\/\/prensa.sma.gob.ar\/wp-content\/uploads\/2024\/11\/WhatsApp-Image-2024-11-16-at-18.10.031-696x392.jpeg 696w, https:\/\/prensa.sma.gob.ar\/wp-content\/uploads\/2024\/11\/WhatsApp-Image-2024-11-16-at-18.10.031-1068x601.jpeg 1068w, https:\/\/prensa.sma.gob.ar\/wp-content\/uploads\/2024\/11\/WhatsApp-Image-2024-11-16-at-18.10.031.jpeg 1600w\" sizes=\"auto, (max-width: 1024px) 100vw, 1024px\" \/><\/figure>\n\n\n\n<figure class=\"wp-block-image size-large\"><img loading=\"lazy\" decoding=\"async\" width=\"1024\" height=\"627\" data-id=\"3716\" src=\"https:\/\/prensa.sma.gob.ar\/wp-content\/uploads\/2024\/11\/WhatsApp-Image-2024-11-16-at-18.10.04-1024x627.jpeg\" alt=\"\" class=\"wp-image-3716\" srcset=\"https:\/\/prensa.sma.gob.ar\/wp-content\/uploads\/2024\/11\/WhatsApp-Image-2024-11-16-at-18.10.04-1024x627.jpeg 1024w, https:\/\/prensa.sma.gob.ar\/wp-content\/uploads\/2024\/11\/WhatsApp-Image-2024-11-16-at-18.10.04-300x184.jpeg 300w, https:\/\/prensa.sma.gob.ar\/wp-content\/uploads\/2024\/11\/WhatsApp-Image-2024-11-16-at-18.10.04-768x470.jpeg 768w, https:\/\/prensa.sma.gob.ar\/wp-content\/uploads\/2024\/11\/WhatsApp-Image-2024-11-16-at-18.10.04-1536x941.jpeg 1536w, https:\/\/prensa.sma.gob.ar\/wp-content\/uploads\/2024\/11\/WhatsApp-Image-2024-11-16-at-18.10.04-686x420.jpeg 686w, https:\/\/prensa.sma.gob.ar\/wp-content\/uploads\/2024\/11\/WhatsApp-Image-2024-11-16-at-18.10.04-696x426.jpeg 696w, https:\/\/prensa.sma.gob.ar\/wp-content\/uploads\/2024\/11\/WhatsApp-Image-2024-11-16-at-18.10.04-1068x654.jpeg 1068w, https:\/\/prensa.sma.gob.ar\/wp-content\/uploads\/2024\/11\/WhatsApp-Image-2024-11-16-at-18.10.04.jpeg 1600w\" sizes=\"auto, (max-width: 1024px) 100vw, 1024px\" \/><\/figure>\n<\/figure>\n\n\n\n<p><\/p>\n","protected":false},"excerpt":{"rendered":"<p>El encuentro, denominado \u201cLa trama en com\u00fan\u201d, reuni\u00f3 a mujeres tejedoras de varias localidades de la provincia, desde una perspectiva intercultural, incluyendo alumnas del taller de tejido mapuche de nuestra ciudad, que encabeza Georgina Tripailaf. Esta actividad gener\u00f3 un espacio de encuentro y de aprendizaje orientado a la recuperaci\u00f3n de saberes, t\u00e9cnicas y experiencias sobre [&hellip;]<\/p>\n","protected":false},"author":2,"featured_media":3713,"comment_status":"closed","ping_status":"open","sticky":false,"template":"","format":"standard","meta":{"footnotes":""},"categories":[5,16,14,17],"tags":[],"class_list":{"0":"post-3702","1":"post","2":"type-post","3":"status-publish","4":"format-standard","5":"has-post-thumbnail","7":"category-cultura","8":"category-destacadas","9":"category-noticias","10":"category-portada"},"_links":{"self":[{"href":"https:\/\/prensa.sma.gob.ar\/index.php?rest_route=\/wp\/v2\/posts\/3702","targetHints":{"allow":["GET"]}}],"collection":[{"href":"https:\/\/prensa.sma.gob.ar\/index.php?rest_route=\/wp\/v2\/posts"}],"about":[{"href":"https:\/\/prensa.sma.gob.ar\/index.php?rest_route=\/wp\/v2\/types\/post"}],"author":[{"embeddable":true,"href":"https:\/\/prensa.sma.gob.ar\/index.php?rest_route=\/wp\/v2\/users\/2"}],"replies":[{"embeddable":true,"href":"https:\/\/prensa.sma.gob.ar\/index.php?rest_route=%2Fwp%2Fv2%2Fcomments&post=3702"}],"version-history":[{"count":1,"href":"https:\/\/prensa.sma.gob.ar\/index.php?rest_route=\/wp\/v2\/posts\/3702\/revisions"}],"predecessor-version":[{"id":3724,"href":"https:\/\/prensa.sma.gob.ar\/index.php?rest_route=\/wp\/v2\/posts\/3702\/revisions\/3724"}],"wp:featuredmedia":[{"embeddable":true,"href":"https:\/\/prensa.sma.gob.ar\/index.php?rest_route=\/wp\/v2\/media\/3713"}],"wp:attachment":[{"href":"https:\/\/prensa.sma.gob.ar\/index.php?rest_route=%2Fwp%2Fv2%2Fmedia&parent=3702"}],"wp:term":[{"taxonomy":"category","embeddable":true,"href":"https:\/\/prensa.sma.gob.ar\/index.php?rest_route=%2Fwp%2Fv2%2Fcategories&post=3702"},{"taxonomy":"post_tag","embeddable":true,"href":"https:\/\/prensa.sma.gob.ar\/index.php?rest_route=%2Fwp%2Fv2%2Ftags&post=3702"}],"curies":[{"name":"wp","href":"https:\/\/api.w.org\/{rel}","templated":true}]}}