{"id":3730,"date":"2024-11-19T13:46:09","date_gmt":"2024-11-19T13:46:09","guid":{"rendered":"https:\/\/prensa.sma.gob.ar\/?p=3730"},"modified":"2025-03-26T13:57:21","modified_gmt":"2025-03-26T13:57:21","slug":"gran-convocatoria-tuvo-el-tercer-festival-artistico-adolescente-tu-vieja","status":"publish","type":"post","link":"https:\/\/prensa.sma.gob.ar\/?p=3730","title":{"rendered":"Gran convocatoria tuvo el Tercer Festival Art\u00edstico Adolescente Tu Vieja"},"content":{"rendered":"\n<p>El tercer Festival de Artistas Adolescentes, Tu Vieja, reuni\u00f3 a una gran cantidad de j\u00f3venes en las diferentes actividades organizadas, tanto en el show musical, como en la competencia de rap y en las exposiciones que tuvieron lugar en el Teatro San Jos\u00e9.<\/p>\n\n\n\n<p>El encuentro, organizado por el Consejo Adolescente con el acompa\u00f1amiento de la Secretar\u00eda de Cultura del Municipio, se desarroll\u00f3 el s\u00e1bado sobre la calle Drury, frente al Teatro San Jos\u00e9, mientras que en el interior del edificio se exhibi\u00f3 una muestra de dibujos, pintura, arte digital, instalaciones de objetos y otras producciones art\u00edsticas de j\u00f3venes de nuestra ciudad.<\/p>\n\n\n\n<figure class=\"wp-block-gallery has-nested-images columns-default is-cropped wp-block-gallery-1 is-layout-flex wp-block-gallery-is-layout-flex\">\n<figure class=\"wp-block-image size-large\"><img loading=\"lazy\" decoding=\"async\" width=\"1024\" height=\"684\" data-id=\"3736\" src=\"https:\/\/prensa.sma.gob.ar\/wp-content\/uploads\/2024\/11\/TUVIEJAS-1-1024x684.jpg\" alt=\"\" class=\"wp-image-3736\" srcset=\"https:\/\/prensa.sma.gob.ar\/wp-content\/uploads\/2024\/11\/TUVIEJAS-1-1024x684.jpg 1024w, https:\/\/prensa.sma.gob.ar\/wp-content\/uploads\/2024\/11\/TUVIEJAS-1-300x200.jpg 300w, https:\/\/prensa.sma.gob.ar\/wp-content\/uploads\/2024\/11\/TUVIEJAS-1-768x513.jpg 768w, https:\/\/prensa.sma.gob.ar\/wp-content\/uploads\/2024\/11\/TUVIEJAS-1-1536x1026.jpg 1536w, https:\/\/prensa.sma.gob.ar\/wp-content\/uploads\/2024\/11\/TUVIEJAS-1-629x420.jpg 629w, https:\/\/prensa.sma.gob.ar\/wp-content\/uploads\/2024\/11\/TUVIEJAS-1-696x465.jpg 696w, https:\/\/prensa.sma.gob.ar\/wp-content\/uploads\/2024\/11\/TUVIEJAS-1-1068x713.jpg 1068w, https:\/\/prensa.sma.gob.ar\/wp-content\/uploads\/2024\/11\/TUVIEJAS-1.jpg 1920w\" sizes=\"auto, (max-width: 1024px) 100vw, 1024px\" \/><\/figure>\n\n\n\n<figure class=\"wp-block-image size-large\"><img loading=\"lazy\" decoding=\"async\" width=\"1024\" height=\"684\" data-id=\"3734\" src=\"https:\/\/prensa.sma.gob.ar\/wp-content\/uploads\/2024\/11\/TUVIEJAS-9-1024x684.jpg\" alt=\"\" class=\"wp-image-3734\" srcset=\"https:\/\/prensa.sma.gob.ar\/wp-content\/uploads\/2024\/11\/TUVIEJAS-9-1024x684.jpg 1024w, https:\/\/prensa.sma.gob.ar\/wp-content\/uploads\/2024\/11\/TUVIEJAS-9-300x200.jpg 300w, https:\/\/prensa.sma.gob.ar\/wp-content\/uploads\/2024\/11\/TUVIEJAS-9-768x513.jpg 768w, https:\/\/prensa.sma.gob.ar\/wp-content\/uploads\/2024\/11\/TUVIEJAS-9-1536x1026.jpg 1536w, https:\/\/prensa.sma.gob.ar\/wp-content\/uploads\/2024\/11\/TUVIEJAS-9-629x420.jpg 629w, https:\/\/prensa.sma.gob.ar\/wp-content\/uploads\/2024\/11\/TUVIEJAS-9-696x465.jpg 696w, https:\/\/prensa.sma.gob.ar\/wp-content\/uploads\/2024\/11\/TUVIEJAS-9-1068x713.jpg 1068w, https:\/\/prensa.sma.gob.ar\/wp-content\/uploads\/2024\/11\/TUVIEJAS-9.jpg 1920w\" sizes=\"auto, (max-width: 1024px) 100vw, 1024px\" \/><\/figure>\n\n\n\n<figure class=\"wp-block-image size-large\"><img loading=\"lazy\" decoding=\"async\" width=\"1024\" height=\"684\" data-id=\"3733\" src=\"https:\/\/prensa.sma.gob.ar\/wp-content\/uploads\/2024\/11\/TUVIEJAS-11-1024x684.jpg\" alt=\"\" class=\"wp-image-3733\" srcset=\"https:\/\/prensa.sma.gob.ar\/wp-content\/uploads\/2024\/11\/TUVIEJAS-11-1024x684.jpg 1024w, https:\/\/prensa.sma.gob.ar\/wp-content\/uploads\/2024\/11\/TUVIEJAS-11-300x200.jpg 300w, https:\/\/prensa.sma.gob.ar\/wp-content\/uploads\/2024\/11\/TUVIEJAS-11-768x513.jpg 768w, https:\/\/prensa.sma.gob.ar\/wp-content\/uploads\/2024\/11\/TUVIEJAS-11-1536x1026.jpg 1536w, https:\/\/prensa.sma.gob.ar\/wp-content\/uploads\/2024\/11\/TUVIEJAS-11-629x420.jpg 629w, https:\/\/prensa.sma.gob.ar\/wp-content\/uploads\/2024\/11\/TUVIEJAS-11-696x465.jpg 696w, https:\/\/prensa.sma.gob.ar\/wp-content\/uploads\/2024\/11\/TUVIEJAS-11-1068x713.jpg 1068w, https:\/\/prensa.sma.gob.ar\/wp-content\/uploads\/2024\/11\/TUVIEJAS-11.jpg 1920w\" sizes=\"auto, (max-width: 1024px) 100vw, 1024px\" \/><\/figure>\n<\/figure>\n\n\n\n<p>El Festival hab\u00eda sido declarado de Inter\u00e9s Municipal por el Concejo Deliberante de nuestra ciudad, tal como hab\u00eda sido presentado por el Consejo Adolescente y aprobado por unanimidad por el Concejo Deliberante Estudiantil.<\/p>\n\n\n\n<p>La iniciativa surgi\u00f3 luego de la pandemia de Covid 19, cuando el el Consejo Adolescente de nuestra ciudad resolvi\u00f3 crear un espacio de, por y para j\u00f3venes, garantizando la participaci\u00f3n y expresi\u00f3n a trav\u00e9s del arte. En 2022 se realiz\u00f3 el primer encuentro y en 2023, la segunda edici\u00f3n.<\/p>\n\n\n\n<figure class=\"wp-block-gallery has-nested-images columns-default is-cropped wp-block-gallery-2 is-layout-flex wp-block-gallery-is-layout-flex\">\n<figure class=\"wp-block-image size-large\"><img loading=\"lazy\" decoding=\"async\" width=\"1024\" height=\"684\" data-id=\"3732\" src=\"https:\/\/prensa.sma.gob.ar\/wp-content\/uploads\/2024\/11\/TUVIEJAS-18-1024x684.jpg\" alt=\"\" class=\"wp-image-3732\" srcset=\"https:\/\/prensa.sma.gob.ar\/wp-content\/uploads\/2024\/11\/TUVIEJAS-18-1024x684.jpg 1024w, https:\/\/prensa.sma.gob.ar\/wp-content\/uploads\/2024\/11\/TUVIEJAS-18-300x200.jpg 300w, https:\/\/prensa.sma.gob.ar\/wp-content\/uploads\/2024\/11\/TUVIEJAS-18-768x513.jpg 768w, https:\/\/prensa.sma.gob.ar\/wp-content\/uploads\/2024\/11\/TUVIEJAS-18-1536x1026.jpg 1536w, https:\/\/prensa.sma.gob.ar\/wp-content\/uploads\/2024\/11\/TUVIEJAS-18-629x420.jpg 629w, https:\/\/prensa.sma.gob.ar\/wp-content\/uploads\/2024\/11\/TUVIEJAS-18-696x465.jpg 696w, https:\/\/prensa.sma.gob.ar\/wp-content\/uploads\/2024\/11\/TUVIEJAS-18-1068x713.jpg 1068w, https:\/\/prensa.sma.gob.ar\/wp-content\/uploads\/2024\/11\/TUVIEJAS-18.jpg 1920w\" sizes=\"auto, (max-width: 1024px) 100vw, 1024px\" \/><\/figure>\n\n\n\n<figure class=\"wp-block-image size-large\"><img loading=\"lazy\" decoding=\"async\" width=\"1024\" height=\"684\" data-id=\"3731\" src=\"https:\/\/prensa.sma.gob.ar\/wp-content\/uploads\/2024\/11\/TUVIEJAS-20-1024x684.jpg\" alt=\"\" class=\"wp-image-3731\" srcset=\"https:\/\/prensa.sma.gob.ar\/wp-content\/uploads\/2024\/11\/TUVIEJAS-20-1024x684.jpg 1024w, https:\/\/prensa.sma.gob.ar\/wp-content\/uploads\/2024\/11\/TUVIEJAS-20-300x200.jpg 300w, https:\/\/prensa.sma.gob.ar\/wp-content\/uploads\/2024\/11\/TUVIEJAS-20-768x513.jpg 768w, https:\/\/prensa.sma.gob.ar\/wp-content\/uploads\/2024\/11\/TUVIEJAS-20-1536x1026.jpg 1536w, https:\/\/prensa.sma.gob.ar\/wp-content\/uploads\/2024\/11\/TUVIEJAS-20-629x420.jpg 629w, https:\/\/prensa.sma.gob.ar\/wp-content\/uploads\/2024\/11\/TUVIEJAS-20-696x465.jpg 696w, https:\/\/prensa.sma.gob.ar\/wp-content\/uploads\/2024\/11\/TUVIEJAS-20-1068x713.jpg 1068w, https:\/\/prensa.sma.gob.ar\/wp-content\/uploads\/2024\/11\/TUVIEJAS-20.jpg 1920w\" sizes=\"auto, (max-width: 1024px) 100vw, 1024px\" \/><\/figure>\n\n\n\n<figure class=\"wp-block-image size-full\"><img loading=\"lazy\" decoding=\"async\" width=\"800\" height=\"534\" data-id=\"3739\" src=\"https:\/\/prensa.sma.gob.ar\/wp-content\/uploads\/2024\/11\/1-1.jpg\" alt=\"\" class=\"wp-image-3739\" srcset=\"https:\/\/prensa.sma.gob.ar\/wp-content\/uploads\/2024\/11\/1-1.jpg 800w, https:\/\/prensa.sma.gob.ar\/wp-content\/uploads\/2024\/11\/1-1-300x200.jpg 300w, https:\/\/prensa.sma.gob.ar\/wp-content\/uploads\/2024\/11\/1-1-768x513.jpg 768w, https:\/\/prensa.sma.gob.ar\/wp-content\/uploads\/2024\/11\/1-1-629x420.jpg 629w, https:\/\/prensa.sma.gob.ar\/wp-content\/uploads\/2024\/11\/1-1-696x465.jpg 696w\" sizes=\"auto, (max-width: 800px) 100vw, 800px\" \/><\/figure>\n<\/figure>\n\n\n\n<p>El Festival entiende que \u201cla m\u00fasica, la danza, el arte, son el lenguaje cotidiano de las adolescencias. A trav\u00e9s del arte, se expresas, se conocen y se divierten. Adem\u00e1s, porque las adolescencias necesitan encontrarse\u201d. &nbsp;<\/p>\n\n\n\n<p>La convocatoria confirm\u00f3 que, en sus tres ediciones, \u201cTu Vieja\u201d est\u00e1 fuertemente instalado entre la poblaci\u00f3n adolescente de nuestra comunidad, con participaci\u00f3n directa de distintas vertientes art\u00edsticas y convocando a amplios sectores de la poblaci\u00f3n juvenil.<\/p>\n\n\n\n<figure class=\"wp-block-gallery has-nested-images columns-default is-cropped wp-block-gallery-3 is-layout-flex wp-block-gallery-is-layout-flex\">\n<figure class=\"wp-block-image size-large\"><img loading=\"lazy\" decoding=\"async\" width=\"800\" height=\"534\" data-id=\"3740\" src=\"https:\/\/prensa.sma.gob.ar\/wp-content\/uploads\/2024\/11\/4-1.jpg\" alt=\"\" class=\"wp-image-3740\" srcset=\"https:\/\/prensa.sma.gob.ar\/wp-content\/uploads\/2024\/11\/4-1.jpg 800w, https:\/\/prensa.sma.gob.ar\/wp-content\/uploads\/2024\/11\/4-1-300x200.jpg 300w, https:\/\/prensa.sma.gob.ar\/wp-content\/uploads\/2024\/11\/4-1-768x513.jpg 768w, https:\/\/prensa.sma.gob.ar\/wp-content\/uploads\/2024\/11\/4-1-629x420.jpg 629w, https:\/\/prensa.sma.gob.ar\/wp-content\/uploads\/2024\/11\/4-1-696x465.jpg 696w\" sizes=\"auto, (max-width: 800px) 100vw, 800px\" \/><\/figure>\n\n\n\n<figure class=\"wp-block-image size-large\"><img loading=\"lazy\" decoding=\"async\" width=\"800\" height=\"534\" data-id=\"3737\" src=\"https:\/\/prensa.sma.gob.ar\/wp-content\/uploads\/2024\/11\/3-1.jpg\" alt=\"\" class=\"wp-image-3737\" srcset=\"https:\/\/prensa.sma.gob.ar\/wp-content\/uploads\/2024\/11\/3-1.jpg 800w, https:\/\/prensa.sma.gob.ar\/wp-content\/uploads\/2024\/11\/3-1-300x200.jpg 300w, https:\/\/prensa.sma.gob.ar\/wp-content\/uploads\/2024\/11\/3-1-768x513.jpg 768w, https:\/\/prensa.sma.gob.ar\/wp-content\/uploads\/2024\/11\/3-1-629x420.jpg 629w, https:\/\/prensa.sma.gob.ar\/wp-content\/uploads\/2024\/11\/3-1-696x465.jpg 696w\" sizes=\"auto, (max-width: 800px) 100vw, 800px\" \/><\/figure>\n\n\n\n<figure class=\"wp-block-image size-large\"><img loading=\"lazy\" decoding=\"async\" width=\"800\" height=\"534\" data-id=\"3738\" src=\"https:\/\/prensa.sma.gob.ar\/wp-content\/uploads\/2024\/11\/2-1.jpg\" alt=\"\" class=\"wp-image-3738\" srcset=\"https:\/\/prensa.sma.gob.ar\/wp-content\/uploads\/2024\/11\/2-1.jpg 800w, https:\/\/prensa.sma.gob.ar\/wp-content\/uploads\/2024\/11\/2-1-300x200.jpg 300w, https:\/\/prensa.sma.gob.ar\/wp-content\/uploads\/2024\/11\/2-1-768x513.jpg 768w, https:\/\/prensa.sma.gob.ar\/wp-content\/uploads\/2024\/11\/2-1-629x420.jpg 629w, https:\/\/prensa.sma.gob.ar\/wp-content\/uploads\/2024\/11\/2-1-696x465.jpg 696w\" sizes=\"auto, (max-width: 800px) 100vw, 800px\" \/><\/figure>\n<\/figure>\n\n\n\n<figure class=\"wp-block-gallery has-nested-images columns-default is-cropped wp-block-gallery-4 is-layout-flex wp-block-gallery-is-layout-flex\">\n<figure class=\"wp-block-image size-large\"><img loading=\"lazy\" decoding=\"async\" width=\"800\" height=\"534\" data-id=\"3745\" src=\"https:\/\/prensa.sma.gob.ar\/wp-content\/uploads\/2024\/11\/7.jpg\" alt=\"\" class=\"wp-image-3745\" srcset=\"https:\/\/prensa.sma.gob.ar\/wp-content\/uploads\/2024\/11\/7.jpg 800w, https:\/\/prensa.sma.gob.ar\/wp-content\/uploads\/2024\/11\/7-300x200.jpg 300w, https:\/\/prensa.sma.gob.ar\/wp-content\/uploads\/2024\/11\/7-768x513.jpg 768w, https:\/\/prensa.sma.gob.ar\/wp-content\/uploads\/2024\/11\/7-629x420.jpg 629w, https:\/\/prensa.sma.gob.ar\/wp-content\/uploads\/2024\/11\/7-696x465.jpg 696w\" sizes=\"auto, (max-width: 800px) 100vw, 800px\" \/><\/figure>\n\n\n\n<figure class=\"wp-block-image size-large\"><img loading=\"lazy\" decoding=\"async\" width=\"800\" height=\"534\" data-id=\"3744\" src=\"https:\/\/prensa.sma.gob.ar\/wp-content\/uploads\/2024\/11\/6-1.jpg\" alt=\"\" class=\"wp-image-3744\" srcset=\"https:\/\/prensa.sma.gob.ar\/wp-content\/uploads\/2024\/11\/6-1.jpg 800w, https:\/\/prensa.sma.gob.ar\/wp-content\/uploads\/2024\/11\/6-1-300x200.jpg 300w, https:\/\/prensa.sma.gob.ar\/wp-content\/uploads\/2024\/11\/6-1-768x513.jpg 768w, https:\/\/prensa.sma.gob.ar\/wp-content\/uploads\/2024\/11\/6-1-629x420.jpg 629w, https:\/\/prensa.sma.gob.ar\/wp-content\/uploads\/2024\/11\/6-1-696x465.jpg 696w\" sizes=\"auto, (max-width: 800px) 100vw, 800px\" \/><\/figure>\n\n\n\n<figure class=\"wp-block-image size-large\"><img loading=\"lazy\" decoding=\"async\" width=\"800\" height=\"534\" data-id=\"3743\" src=\"https:\/\/prensa.sma.gob.ar\/wp-content\/uploads\/2024\/11\/5-1.jpg\" alt=\"\" class=\"wp-image-3743\" srcset=\"https:\/\/prensa.sma.gob.ar\/wp-content\/uploads\/2024\/11\/5-1.jpg 800w, https:\/\/prensa.sma.gob.ar\/wp-content\/uploads\/2024\/11\/5-1-300x200.jpg 300w, https:\/\/prensa.sma.gob.ar\/wp-content\/uploads\/2024\/11\/5-1-768x513.jpg 768w, https:\/\/prensa.sma.gob.ar\/wp-content\/uploads\/2024\/11\/5-1-629x420.jpg 629w, https:\/\/prensa.sma.gob.ar\/wp-content\/uploads\/2024\/11\/5-1-696x465.jpg 696w\" sizes=\"auto, (max-width: 800px) 100vw, 800px\" \/><\/figure>\n<\/figure>\n","protected":false},"excerpt":{"rendered":"<p>El tercer Festival de Artistas Adolescentes, Tu Vieja, reuni\u00f3 a una gran cantidad de j\u00f3venes en las diferentes actividades organizadas, tanto en el show musical, como en la competencia de rap y en las exposiciones que tuvieron lugar en el Teatro San Jos\u00e9. El encuentro, organizado por el Consejo Adolescente con el acompa\u00f1amiento de la [&hellip;]<\/p>\n","protected":false},"author":2,"featured_media":3735,"comment_status":"closed","ping_status":"open","sticky":false,"template":"","format":"standard","meta":{"footnotes":""},"categories":[16,14,38],"tags":[],"class_list":{"0":"post-3730","1":"post","2":"type-post","3":"status-publish","4":"format-standard","5":"has-post-thumbnail","7":"category-destacadas","8":"category-noticias","9":"category-subsecretaria-produccion-empleo-y-juventud"},"_links":{"self":[{"href":"https:\/\/prensa.sma.gob.ar\/index.php?rest_route=\/wp\/v2\/posts\/3730","targetHints":{"allow":["GET"]}}],"collection":[{"href":"https:\/\/prensa.sma.gob.ar\/index.php?rest_route=\/wp\/v2\/posts"}],"about":[{"href":"https:\/\/prensa.sma.gob.ar\/index.php?rest_route=\/wp\/v2\/types\/post"}],"author":[{"embeddable":true,"href":"https:\/\/prensa.sma.gob.ar\/index.php?rest_route=\/wp\/v2\/users\/2"}],"replies":[{"embeddable":true,"href":"https:\/\/prensa.sma.gob.ar\/index.php?rest_route=%2Fwp%2Fv2%2Fcomments&post=3730"}],"version-history":[{"count":2,"href":"https:\/\/prensa.sma.gob.ar\/index.php?rest_route=\/wp\/v2\/posts\/3730\/revisions"}],"predecessor-version":[{"id":3746,"href":"https:\/\/prensa.sma.gob.ar\/index.php?rest_route=\/wp\/v2\/posts\/3730\/revisions\/3746"}],"wp:featuredmedia":[{"embeddable":true,"href":"https:\/\/prensa.sma.gob.ar\/index.php?rest_route=\/wp\/v2\/media\/3735"}],"wp:attachment":[{"href":"https:\/\/prensa.sma.gob.ar\/index.php?rest_route=%2Fwp%2Fv2%2Fmedia&parent=3730"}],"wp:term":[{"taxonomy":"category","embeddable":true,"href":"https:\/\/prensa.sma.gob.ar\/index.php?rest_route=%2Fwp%2Fv2%2Fcategories&post=3730"},{"taxonomy":"post_tag","embeddable":true,"href":"https:\/\/prensa.sma.gob.ar\/index.php?rest_route=%2Fwp%2Fv2%2Ftags&post=3730"}],"curies":[{"name":"wp","href":"https:\/\/api.w.org\/{rel}","templated":true}]}}