{"id":3773,"date":"2024-11-21T21:52:26","date_gmt":"2024-11-21T21:52:26","guid":{"rendered":"https:\/\/prensa.sma.gob.ar\/?p=3773"},"modified":"2024-11-21T23:09:53","modified_gmt":"2024-11-21T23:09:53","slug":"el-intendente-saloniti-recorrio-las-obras-de-ampliacion-de-la-escuela-de-lolog","status":"publish","type":"post","link":"https:\/\/prensa.sma.gob.ar\/?p=3773","title":{"rendered":"El intendente Saloniti recorri\u00f3 las obras de ampliaci\u00f3n de la Escuela de Lolog"},"content":{"rendered":"\n<p>El intendente Carlos Saloniti visit\u00f3 este jueves la Escuela 116, de Lolog, para observar la buena marcha de los trabajos de ampliaci\u00f3n y mejoramiento del edificio, que se realiza con financiamiento del Estado provincial.<\/p>\n\n\n\n<p>El jefe comunal agradeci\u00f3 la presencia del Gobierno provincial y asegur\u00f3 que, el avance de los trabajos, permiten pensar en la pronta concreci\u00f3n de un sue\u00f1o para la comunidad educativa de Lolog.<\/p>\n\n\n\n<figure class=\"wp-block-gallery has-nested-images columns-default is-cropped wp-block-gallery-1 is-layout-flex wp-block-gallery-is-layout-flex\">\n<figure class=\"wp-block-image size-large\"><img loading=\"lazy\" decoding=\"async\" width=\"1000\" height=\"753\" data-id=\"3781\" src=\"https:\/\/prensa.sma.gob.ar\/wp-content\/uploads\/2024\/11\/Lolog-2.jpg\" alt=\"\" class=\"wp-image-3781\" srcset=\"https:\/\/prensa.sma.gob.ar\/wp-content\/uploads\/2024\/11\/Lolog-2.jpg 1000w, https:\/\/prensa.sma.gob.ar\/wp-content\/uploads\/2024\/11\/Lolog-2-300x226.jpg 300w, https:\/\/prensa.sma.gob.ar\/wp-content\/uploads\/2024\/11\/Lolog-2-768x578.jpg 768w, https:\/\/prensa.sma.gob.ar\/wp-content\/uploads\/2024\/11\/Lolog-2-558x420.jpg 558w, https:\/\/prensa.sma.gob.ar\/wp-content\/uploads\/2024\/11\/Lolog-2-80x60.jpg 80w, https:\/\/prensa.sma.gob.ar\/wp-content\/uploads\/2024\/11\/Lolog-2-696x524.jpg 696w\" sizes=\"auto, (max-width: 1000px) 100vw, 1000px\" \/><\/figure>\n\n\n\n<figure class=\"wp-block-image size-large\"><img loading=\"lazy\" decoding=\"async\" width=\"1000\" height=\"753\" data-id=\"3779\" src=\"https:\/\/prensa.sma.gob.ar\/wp-content\/uploads\/2024\/11\/Lolog-4.jpg\" alt=\"\" class=\"wp-image-3779\" srcset=\"https:\/\/prensa.sma.gob.ar\/wp-content\/uploads\/2024\/11\/Lolog-4.jpg 1000w, https:\/\/prensa.sma.gob.ar\/wp-content\/uploads\/2024\/11\/Lolog-4-300x226.jpg 300w, https:\/\/prensa.sma.gob.ar\/wp-content\/uploads\/2024\/11\/Lolog-4-768x578.jpg 768w, https:\/\/prensa.sma.gob.ar\/wp-content\/uploads\/2024\/11\/Lolog-4-558x420.jpg 558w, https:\/\/prensa.sma.gob.ar\/wp-content\/uploads\/2024\/11\/Lolog-4-80x60.jpg 80w, https:\/\/prensa.sma.gob.ar\/wp-content\/uploads\/2024\/11\/Lolog-4-696x524.jpg 696w\" sizes=\"auto, (max-width: 1000px) 100vw, 1000px\" \/><\/figure>\n\n\n\n<figure class=\"wp-block-image size-large\"><img loading=\"lazy\" decoding=\"async\" width=\"1000\" height=\"753\" data-id=\"3778\" src=\"https:\/\/prensa.sma.gob.ar\/wp-content\/uploads\/2024\/11\/Lolog-5.jpg\" alt=\"\" class=\"wp-image-3778\" srcset=\"https:\/\/prensa.sma.gob.ar\/wp-content\/uploads\/2024\/11\/Lolog-5.jpg 1000w, https:\/\/prensa.sma.gob.ar\/wp-content\/uploads\/2024\/11\/Lolog-5-300x226.jpg 300w, https:\/\/prensa.sma.gob.ar\/wp-content\/uploads\/2024\/11\/Lolog-5-768x578.jpg 768w, https:\/\/prensa.sma.gob.ar\/wp-content\/uploads\/2024\/11\/Lolog-5-558x420.jpg 558w, https:\/\/prensa.sma.gob.ar\/wp-content\/uploads\/2024\/11\/Lolog-5-80x60.jpg 80w, https:\/\/prensa.sma.gob.ar\/wp-content\/uploads\/2024\/11\/Lolog-5-696x524.jpg 696w\" sizes=\"auto, (max-width: 1000px) 100vw, 1000px\" \/><\/figure>\n<\/figure>\n\n\n\n<p>A comienzos de la gesti\u00f3n del gobernador Rolando Figueroa, se pidi\u00f3 un relevamiento del estado de los trabajos que estaban paralizados y luego, a partir de eso, se abri\u00f3 el proceso de renegociaci\u00f3n de plazos y montos con la empresa que ten\u00eda a cargo las tareas.<\/p>\n\n\n\n<figure class=\"wp-block-gallery has-nested-images columns-default is-cropped wp-block-gallery-2 is-layout-flex wp-block-gallery-is-layout-flex\">\n<figure class=\"wp-block-image size-large\"><img loading=\"lazy\" decoding=\"async\" width=\"1000\" height=\"753\" data-id=\"3776\" src=\"https:\/\/prensa.sma.gob.ar\/wp-content\/uploads\/2024\/11\/Lolog-8.jpg\" alt=\"\" class=\"wp-image-3776\" srcset=\"https:\/\/prensa.sma.gob.ar\/wp-content\/uploads\/2024\/11\/Lolog-8.jpg 1000w, https:\/\/prensa.sma.gob.ar\/wp-content\/uploads\/2024\/11\/Lolog-8-300x226.jpg 300w, https:\/\/prensa.sma.gob.ar\/wp-content\/uploads\/2024\/11\/Lolog-8-768x578.jpg 768w, https:\/\/prensa.sma.gob.ar\/wp-content\/uploads\/2024\/11\/Lolog-8-558x420.jpg 558w, https:\/\/prensa.sma.gob.ar\/wp-content\/uploads\/2024\/11\/Lolog-8-80x60.jpg 80w, https:\/\/prensa.sma.gob.ar\/wp-content\/uploads\/2024\/11\/Lolog-8-696x524.jpg 696w\" sizes=\"auto, (max-width: 1000px) 100vw, 1000px\" \/><\/figure>\n\n\n\n<figure class=\"wp-block-image size-large\"><img loading=\"lazy\" decoding=\"async\" width=\"1000\" height=\"753\" data-id=\"3775\" src=\"https:\/\/prensa.sma.gob.ar\/wp-content\/uploads\/2024\/11\/Lolog-9.jpg\" alt=\"\" class=\"wp-image-3775\" srcset=\"https:\/\/prensa.sma.gob.ar\/wp-content\/uploads\/2024\/11\/Lolog-9.jpg 1000w, https:\/\/prensa.sma.gob.ar\/wp-content\/uploads\/2024\/11\/Lolog-9-300x226.jpg 300w, https:\/\/prensa.sma.gob.ar\/wp-content\/uploads\/2024\/11\/Lolog-9-768x578.jpg 768w, https:\/\/prensa.sma.gob.ar\/wp-content\/uploads\/2024\/11\/Lolog-9-558x420.jpg 558w, https:\/\/prensa.sma.gob.ar\/wp-content\/uploads\/2024\/11\/Lolog-9-80x60.jpg 80w, https:\/\/prensa.sma.gob.ar\/wp-content\/uploads\/2024\/11\/Lolog-9-696x524.jpg 696w\" sizes=\"auto, (max-width: 1000px) 100vw, 1000px\" \/><\/figure>\n\n\n\n<figure class=\"wp-block-image size-large\"><img loading=\"lazy\" decoding=\"async\" width=\"1000\" height=\"753\" data-id=\"3774\" src=\"https:\/\/prensa.sma.gob.ar\/wp-content\/uploads\/2024\/11\/Lolog-10.jpg\" alt=\"\" class=\"wp-image-3774\" srcset=\"https:\/\/prensa.sma.gob.ar\/wp-content\/uploads\/2024\/11\/Lolog-10.jpg 1000w, https:\/\/prensa.sma.gob.ar\/wp-content\/uploads\/2024\/11\/Lolog-10-300x226.jpg 300w, https:\/\/prensa.sma.gob.ar\/wp-content\/uploads\/2024\/11\/Lolog-10-768x578.jpg 768w, https:\/\/prensa.sma.gob.ar\/wp-content\/uploads\/2024\/11\/Lolog-10-558x420.jpg 558w, https:\/\/prensa.sma.gob.ar\/wp-content\/uploads\/2024\/11\/Lolog-10-80x60.jpg 80w, https:\/\/prensa.sma.gob.ar\/wp-content\/uploads\/2024\/11\/Lolog-10-696x524.jpg 696w\" sizes=\"auto, (max-width: 1000px) 100vw, 1000px\" \/><\/figure>\n<\/figure>\n\n\n\n<p>La obra en esta escuela, ubicada a 15 kil\u00f3metros del centro de San Mart\u00edn de los Andes, se reactiv\u00f3 en julio pasado tras la firma de los convenios correspondientes por parte del ministro de Infraestructura, Rub\u00e9n Etcheverry, para la reanudaci\u00f3n.<\/p>\n\n\n\n<figure class=\"wp-block-embed is-type-video is-provider-youtube wp-block-embed-youtube wp-embed-aspect-16-9 wp-has-aspect-ratio\"><div class=\"wp-block-embed__wrapper\">\n<div class=\"youtube-embed\" data-video_id=\"\"><iframe loading=\"lazy\" title=\"El intendente Saloniti recorri\u00f3 las obras de ampliaci\u00f3n de la Escuela de Lolog\" width=\"696\" height=\"392\" src=\"https:\/\/www.youtube.com\/embed\/3BDq4ZqYRYs?feature=oembed&#038;enablejsapi=1\" frameborder=\"0\" allow=\"accelerometer; autoplay; clipboard-write; encrypted-media; gyroscope; picture-in-picture; web-share\" referrerpolicy=\"strict-origin-when-cross-origin\" allowfullscreen><\/iframe><\/div>\n<\/div><\/figure>\n","protected":false},"excerpt":{"rendered":"<p>El intendente Carlos Saloniti visit\u00f3 este jueves la Escuela 116, de Lolog, para observar la buena marcha de los trabajos de ampliaci\u00f3n y mejoramiento del edificio, que se realiza con financiamiento del Estado provincial. El jefe comunal agradeci\u00f3 la presencia del Gobierno provincial y asegur\u00f3 que, el avance de los trabajos, permiten pensar en la [&hellip;]<\/p>\n","protected":false},"author":2,"featured_media":3782,"comment_status":"closed","ping_status":"open","sticky":false,"template":"","format":"standard","meta":{"footnotes":""},"categories":[16,9,14,17],"tags":[],"class_list":{"0":"post-3773","1":"post","2":"type-post","3":"status-publish","4":"format-standard","5":"has-post-thumbnail","7":"category-destacadas","8":"category-educacion","9":"category-noticias","10":"category-portada"},"_links":{"self":[{"href":"https:\/\/prensa.sma.gob.ar\/index.php?rest_route=\/wp\/v2\/posts\/3773","targetHints":{"allow":["GET"]}}],"collection":[{"href":"https:\/\/prensa.sma.gob.ar\/index.php?rest_route=\/wp\/v2\/posts"}],"about":[{"href":"https:\/\/prensa.sma.gob.ar\/index.php?rest_route=\/wp\/v2\/types\/post"}],"author":[{"embeddable":true,"href":"https:\/\/prensa.sma.gob.ar\/index.php?rest_route=\/wp\/v2\/users\/2"}],"replies":[{"embeddable":true,"href":"https:\/\/prensa.sma.gob.ar\/index.php?rest_route=%2Fwp%2Fv2%2Fcomments&post=3773"}],"version-history":[{"count":2,"href":"https:\/\/prensa.sma.gob.ar\/index.php?rest_route=\/wp\/v2\/posts\/3773\/revisions"}],"predecessor-version":[{"id":3797,"href":"https:\/\/prensa.sma.gob.ar\/index.php?rest_route=\/wp\/v2\/posts\/3773\/revisions\/3797"}],"wp:featuredmedia":[{"embeddable":true,"href":"https:\/\/prensa.sma.gob.ar\/index.php?rest_route=\/wp\/v2\/media\/3782"}],"wp:attachment":[{"href":"https:\/\/prensa.sma.gob.ar\/index.php?rest_route=%2Fwp%2Fv2%2Fmedia&parent=3773"}],"wp:term":[{"taxonomy":"category","embeddable":true,"href":"https:\/\/prensa.sma.gob.ar\/index.php?rest_route=%2Fwp%2Fv2%2Fcategories&post=3773"},{"taxonomy":"post_tag","embeddable":true,"href":"https:\/\/prensa.sma.gob.ar\/index.php?rest_route=%2Fwp%2Fv2%2Ftags&post=3773"}],"curies":[{"name":"wp","href":"https:\/\/api.w.org\/{rel}","templated":true}]}}