{"id":3826,"date":"2024-11-22T00:59:09","date_gmt":"2024-11-22T00:59:09","guid":{"rendered":"https:\/\/prensa.sma.gob.ar\/?p=3826"},"modified":"2024-11-22T00:59:10","modified_gmt":"2024-11-22T00:59:10","slug":"vialidad-nacional-con-asistencia-del-municipio-realiza-demarcacion-en-la-ruta-40","status":"publish","type":"post","link":"https:\/\/prensa.sma.gob.ar\/?p=3826","title":{"rendered":"Vialidad Nacional con asistencia del Municipio realiza demarcaci\u00f3n en la ruta 40"},"content":{"rendered":"\n<p>Este jueves comenzaron los trabajos de pintado de l\u00edneas de demarcaci\u00f3n sobre la Ruta 40, a cargo de Vialidad Nacional, con apoyo del Cuerpo de Ordenadores de Tr\u00e1nsito y Transporte (Cott) y de la Direcci\u00f3n de Protecci\u00f3n Ciudadana del Municipio.<\/p>\n\n\n\n<figure class=\"wp-block-gallery has-nested-images columns-default is-cropped wp-block-gallery-1 is-layout-flex wp-block-gallery-is-layout-flex\">\n<figure class=\"wp-block-image size-large\"><img loading=\"lazy\" decoding=\"async\" width=\"1024\" height=\"657\" data-id=\"3828\" src=\"https:\/\/prensa.sma.gob.ar\/wp-content\/uploads\/2024\/11\/VIALIDAD-2-1024x657.jpg\" alt=\"\" class=\"wp-image-3828\" srcset=\"https:\/\/prensa.sma.gob.ar\/wp-content\/uploads\/2024\/11\/VIALIDAD-2-1024x657.jpg 1024w, https:\/\/prensa.sma.gob.ar\/wp-content\/uploads\/2024\/11\/VIALIDAD-2-300x192.jpg 300w, https:\/\/prensa.sma.gob.ar\/wp-content\/uploads\/2024\/11\/VIALIDAD-2-768x492.jpg 768w, https:\/\/prensa.sma.gob.ar\/wp-content\/uploads\/2024\/11\/VIALIDAD-2-1536x985.jpg 1536w, https:\/\/prensa.sma.gob.ar\/wp-content\/uploads\/2024\/11\/VIALIDAD-2-655x420.jpg 655w, https:\/\/prensa.sma.gob.ar\/wp-content\/uploads\/2024\/11\/VIALIDAD-2-696x446.jpg 696w, https:\/\/prensa.sma.gob.ar\/wp-content\/uploads\/2024\/11\/VIALIDAD-2-1068x685.jpg 1068w, https:\/\/prensa.sma.gob.ar\/wp-content\/uploads\/2024\/11\/VIALIDAD-2.jpg 1600w\" sizes=\"auto, (max-width: 1024px) 100vw, 1024px\" \/><\/figure>\n\n\n\n<figure class=\"wp-block-image size-large\"><img loading=\"lazy\" decoding=\"async\" width=\"1024\" height=\"627\" data-id=\"3829\" src=\"https:\/\/prensa.sma.gob.ar\/wp-content\/uploads\/2024\/11\/VIALIDAD-3-1024x627.jpg\" alt=\"\" class=\"wp-image-3829\" srcset=\"https:\/\/prensa.sma.gob.ar\/wp-content\/uploads\/2024\/11\/VIALIDAD-3-1024x627.jpg 1024w, https:\/\/prensa.sma.gob.ar\/wp-content\/uploads\/2024\/11\/VIALIDAD-3-300x184.jpg 300w, https:\/\/prensa.sma.gob.ar\/wp-content\/uploads\/2024\/11\/VIALIDAD-3-768x470.jpg 768w, https:\/\/prensa.sma.gob.ar\/wp-content\/uploads\/2024\/11\/VIALIDAD-3-1536x940.jpg 1536w, https:\/\/prensa.sma.gob.ar\/wp-content\/uploads\/2024\/11\/VIALIDAD-3-686x420.jpg 686w, https:\/\/prensa.sma.gob.ar\/wp-content\/uploads\/2024\/11\/VIALIDAD-3-696x426.jpg 696w, https:\/\/prensa.sma.gob.ar\/wp-content\/uploads\/2024\/11\/VIALIDAD-3-1068x653.jpg 1068w, https:\/\/prensa.sma.gob.ar\/wp-content\/uploads\/2024\/11\/VIALIDAD-3.jpg 1600w\" sizes=\"auto, (max-width: 1024px) 100vw, 1024px\" \/><\/figure>\n\n\n\n<figure class=\"wp-block-image size-large\"><img loading=\"lazy\" decoding=\"async\" width=\"1024\" height=\"589\" data-id=\"3830\" src=\"https:\/\/prensa.sma.gob.ar\/wp-content\/uploads\/2024\/11\/VIALIDAD-4-1024x589.jpg\" alt=\"\" class=\"wp-image-3830\" srcset=\"https:\/\/prensa.sma.gob.ar\/wp-content\/uploads\/2024\/11\/VIALIDAD-4-1024x589.jpg 1024w, https:\/\/prensa.sma.gob.ar\/wp-content\/uploads\/2024\/11\/VIALIDAD-4-300x173.jpg 300w, https:\/\/prensa.sma.gob.ar\/wp-content\/uploads\/2024\/11\/VIALIDAD-4-768x442.jpg 768w, https:\/\/prensa.sma.gob.ar\/wp-content\/uploads\/2024\/11\/VIALIDAD-4-1536x884.jpg 1536w, https:\/\/prensa.sma.gob.ar\/wp-content\/uploads\/2024\/11\/VIALIDAD-4-730x420.jpg 730w, https:\/\/prensa.sma.gob.ar\/wp-content\/uploads\/2024\/11\/VIALIDAD-4-696x401.jpg 696w, https:\/\/prensa.sma.gob.ar\/wp-content\/uploads\/2024\/11\/VIALIDAD-4-1068x615.jpg 1068w, https:\/\/prensa.sma.gob.ar\/wp-content\/uploads\/2024\/11\/VIALIDAD-4.jpg 1600w\" sizes=\"auto, (max-width: 1024px) 100vw, 1024px\" \/><\/figure>\n<\/figure>\n\n\n\n<p>Durante las tareas, desarrolladas en la zona de Vega San Mart\u00edn, se observ\u00f3 el alto riesgo que implica para los operarios y para los automovilistas no atender las indicaciones para reducir la velocidad, ante la presencia de m\u00e1quinas y personal.<\/p>\n\n\n\n<figure class=\"wp-block-gallery has-nested-images columns-default is-cropped wp-block-gallery-2 is-layout-flex wp-block-gallery-is-layout-flex\">\n<figure class=\"wp-block-image size-large\"><img loading=\"lazy\" decoding=\"async\" width=\"1024\" height=\"576\" data-id=\"3835\" src=\"https:\/\/prensa.sma.gob.ar\/wp-content\/uploads\/2024\/11\/VIALIDAD-9-1024x576.jpg\" alt=\"\" class=\"wp-image-3835\" srcset=\"https:\/\/prensa.sma.gob.ar\/wp-content\/uploads\/2024\/11\/VIALIDAD-9-1024x576.jpg 1024w, https:\/\/prensa.sma.gob.ar\/wp-content\/uploads\/2024\/11\/VIALIDAD-9-300x169.jpg 300w, https:\/\/prensa.sma.gob.ar\/wp-content\/uploads\/2024\/11\/VIALIDAD-9-768x432.jpg 768w, https:\/\/prensa.sma.gob.ar\/wp-content\/uploads\/2024\/11\/VIALIDAD-9-1536x864.jpg 1536w, https:\/\/prensa.sma.gob.ar\/wp-content\/uploads\/2024\/11\/VIALIDAD-9-747x420.jpg 747w, https:\/\/prensa.sma.gob.ar\/wp-content\/uploads\/2024\/11\/VIALIDAD-9-696x392.jpg 696w, https:\/\/prensa.sma.gob.ar\/wp-content\/uploads\/2024\/11\/VIALIDAD-9-1068x601.jpg 1068w, https:\/\/prensa.sma.gob.ar\/wp-content\/uploads\/2024\/11\/VIALIDAD-9.jpg 1600w\" sizes=\"auto, (max-width: 1024px) 100vw, 1024px\" \/><\/figure>\n\n\n\n<figure class=\"wp-block-image size-large\"><img loading=\"lazy\" decoding=\"async\" width=\"1024\" height=\"607\" data-id=\"3834\" src=\"https:\/\/prensa.sma.gob.ar\/wp-content\/uploads\/2024\/11\/VIALIDAD-8-1024x607.jpg\" alt=\"\" class=\"wp-image-3834\" srcset=\"https:\/\/prensa.sma.gob.ar\/wp-content\/uploads\/2024\/11\/VIALIDAD-8-1024x607.jpg 1024w, https:\/\/prensa.sma.gob.ar\/wp-content\/uploads\/2024\/11\/VIALIDAD-8-300x178.jpg 300w, https:\/\/prensa.sma.gob.ar\/wp-content\/uploads\/2024\/11\/VIALIDAD-8-768x455.jpg 768w, https:\/\/prensa.sma.gob.ar\/wp-content\/uploads\/2024\/11\/VIALIDAD-8-1536x910.jpg 1536w, https:\/\/prensa.sma.gob.ar\/wp-content\/uploads\/2024\/11\/VIALIDAD-8-709x420.jpg 709w, https:\/\/prensa.sma.gob.ar\/wp-content\/uploads\/2024\/11\/VIALIDAD-8-696x412.jpg 696w, https:\/\/prensa.sma.gob.ar\/wp-content\/uploads\/2024\/11\/VIALIDAD-8-1068x633.jpg 1068w, https:\/\/prensa.sma.gob.ar\/wp-content\/uploads\/2024\/11\/VIALIDAD-8.jpg 1600w\" sizes=\"auto, (max-width: 1024px) 100vw, 1024px\" \/><\/figure>\n\n\n\n<figure class=\"wp-block-image size-large\"><img loading=\"lazy\" decoding=\"async\" width=\"1024\" height=\"650\" data-id=\"3832\" src=\"https:\/\/prensa.sma.gob.ar\/wp-content\/uploads\/2024\/11\/VIALIDAD-6-1024x650.jpg\" alt=\"\" class=\"wp-image-3832\" srcset=\"https:\/\/prensa.sma.gob.ar\/wp-content\/uploads\/2024\/11\/VIALIDAD-6-1024x650.jpg 1024w, https:\/\/prensa.sma.gob.ar\/wp-content\/uploads\/2024\/11\/VIALIDAD-6-300x190.jpg 300w, https:\/\/prensa.sma.gob.ar\/wp-content\/uploads\/2024\/11\/VIALIDAD-6-768x487.jpg 768w, https:\/\/prensa.sma.gob.ar\/wp-content\/uploads\/2024\/11\/VIALIDAD-6-1536x974.jpg 1536w, https:\/\/prensa.sma.gob.ar\/wp-content\/uploads\/2024\/11\/VIALIDAD-6-662x420.jpg 662w, https:\/\/prensa.sma.gob.ar\/wp-content\/uploads\/2024\/11\/VIALIDAD-6-696x442.jpg 696w, https:\/\/prensa.sma.gob.ar\/wp-content\/uploads\/2024\/11\/VIALIDAD-6-1068x678.jpg 1068w, https:\/\/prensa.sma.gob.ar\/wp-content\/uploads\/2024\/11\/VIALIDAD-6.jpg 1600w\" sizes=\"auto, (max-width: 1024px) 100vw, 1024px\" \/><\/figure>\n<\/figure>\n\n\n\n<p>Los trabajos continuar\u00e1n ma\u00f1ana en diferentes horarios, evitando los segmentos de mayor movimiento del tr\u00e1nsito.&nbsp; Se reitera la necesidad de reducir la velocidad en los tramos en los que se trabajar\u00e1, entre Vega San Mart\u00edn y el centro de la ciudad.<\/p>\n\n\n\n<figure class=\"wp-block-gallery has-nested-images columns-default is-cropped wp-block-gallery-3 is-layout-flex wp-block-gallery-is-layout-flex\">\n<figure class=\"wp-block-image size-large\"><img loading=\"lazy\" decoding=\"async\" width=\"1024\" height=\"576\" data-id=\"3831\" src=\"https:\/\/prensa.sma.gob.ar\/wp-content\/uploads\/2024\/11\/VIALIDAD-5-1024x576.jpg\" alt=\"\" class=\"wp-image-3831\" srcset=\"https:\/\/prensa.sma.gob.ar\/wp-content\/uploads\/2024\/11\/VIALIDAD-5-1024x576.jpg 1024w, https:\/\/prensa.sma.gob.ar\/wp-content\/uploads\/2024\/11\/VIALIDAD-5-300x169.jpg 300w, https:\/\/prensa.sma.gob.ar\/wp-content\/uploads\/2024\/11\/VIALIDAD-5-768x432.jpg 768w, https:\/\/prensa.sma.gob.ar\/wp-content\/uploads\/2024\/11\/VIALIDAD-5-1536x864.jpg 1536w, https:\/\/prensa.sma.gob.ar\/wp-content\/uploads\/2024\/11\/VIALIDAD-5-747x420.jpg 747w, https:\/\/prensa.sma.gob.ar\/wp-content\/uploads\/2024\/11\/VIALIDAD-5-696x392.jpg 696w, https:\/\/prensa.sma.gob.ar\/wp-content\/uploads\/2024\/11\/VIALIDAD-5-1068x601.jpg 1068w, https:\/\/prensa.sma.gob.ar\/wp-content\/uploads\/2024\/11\/VIALIDAD-5.jpg 1600w\" sizes=\"auto, (max-width: 1024px) 100vw, 1024px\" \/><\/figure>\n\n\n\n<figure class=\"wp-block-image size-large\"><img loading=\"lazy\" decoding=\"async\" width=\"1024\" height=\"653\" data-id=\"3833\" src=\"https:\/\/prensa.sma.gob.ar\/wp-content\/uploads\/2024\/11\/VIALIDAD-7-1024x653.jpg\" alt=\"\" class=\"wp-image-3833\" srcset=\"https:\/\/prensa.sma.gob.ar\/wp-content\/uploads\/2024\/11\/VIALIDAD-7-1024x653.jpg 1024w, https:\/\/prensa.sma.gob.ar\/wp-content\/uploads\/2024\/11\/VIALIDAD-7-300x191.jpg 300w, https:\/\/prensa.sma.gob.ar\/wp-content\/uploads\/2024\/11\/VIALIDAD-7-768x490.jpg 768w, https:\/\/prensa.sma.gob.ar\/wp-content\/uploads\/2024\/11\/VIALIDAD-7-1536x979.jpg 1536w, https:\/\/prensa.sma.gob.ar\/wp-content\/uploads\/2024\/11\/VIALIDAD-7-659x420.jpg 659w, https:\/\/prensa.sma.gob.ar\/wp-content\/uploads\/2024\/11\/VIALIDAD-7-696x444.jpg 696w, https:\/\/prensa.sma.gob.ar\/wp-content\/uploads\/2024\/11\/VIALIDAD-7-1068x681.jpg 1068w, https:\/\/prensa.sma.gob.ar\/wp-content\/uploads\/2024\/11\/VIALIDAD-7.jpg 1600w\" sizes=\"auto, (max-width: 1024px) 100vw, 1024px\" \/><\/figure>\n\n\n\n<figure class=\"wp-block-image size-large\"><img loading=\"lazy\" decoding=\"async\" width=\"1024\" height=\"576\" data-id=\"3827\" src=\"https:\/\/prensa.sma.gob.ar\/wp-content\/uploads\/2024\/11\/VIALIDAD-1-1024x576.jpg\" alt=\"\" class=\"wp-image-3827\" srcset=\"https:\/\/prensa.sma.gob.ar\/wp-content\/uploads\/2024\/11\/VIALIDAD-1-1024x576.jpg 1024w, https:\/\/prensa.sma.gob.ar\/wp-content\/uploads\/2024\/11\/VIALIDAD-1-300x169.jpg 300w, https:\/\/prensa.sma.gob.ar\/wp-content\/uploads\/2024\/11\/VIALIDAD-1-768x432.jpg 768w, https:\/\/prensa.sma.gob.ar\/wp-content\/uploads\/2024\/11\/VIALIDAD-1-1536x864.jpg 1536w, https:\/\/prensa.sma.gob.ar\/wp-content\/uploads\/2024\/11\/VIALIDAD-1-747x420.jpg 747w, https:\/\/prensa.sma.gob.ar\/wp-content\/uploads\/2024\/11\/VIALIDAD-1-696x392.jpg 696w, https:\/\/prensa.sma.gob.ar\/wp-content\/uploads\/2024\/11\/VIALIDAD-1-1068x601.jpg 1068w, https:\/\/prensa.sma.gob.ar\/wp-content\/uploads\/2024\/11\/VIALIDAD-1.jpg 1600w\" sizes=\"auto, (max-width: 1024px) 100vw, 1024px\" \/><\/figure>\n<\/figure>\n","protected":false},"excerpt":{"rendered":"<p>Este jueves comenzaron los trabajos de pintado de l\u00edneas de demarcaci\u00f3n sobre la Ruta 40, a cargo de Vialidad Nacional, con apoyo del Cuerpo de Ordenadores de Tr\u00e1nsito y Transporte (Cott) y de la Direcci\u00f3n de Protecci\u00f3n Ciudadana del Municipio. Durante las tareas, desarrolladas en la zona de Vega San Mart\u00edn, se observ\u00f3 el alto [&hellip;]<\/p>\n","protected":false},"author":2,"featured_media":3827,"comment_status":"closed","ping_status":"open","sticky":false,"template":"","format":"standard","meta":{"footnotes":""},"categories":[16,14,19],"tags":[],"class_list":{"0":"post-3826","1":"post","2":"type-post","3":"status-publish","4":"format-standard","5":"has-post-thumbnail","7":"category-destacadas","8":"category-noticias","9":"category-obras-y-servicios-publicos"},"_links":{"self":[{"href":"https:\/\/prensa.sma.gob.ar\/index.php?rest_route=\/wp\/v2\/posts\/3826","targetHints":{"allow":["GET"]}}],"collection":[{"href":"https:\/\/prensa.sma.gob.ar\/index.php?rest_route=\/wp\/v2\/posts"}],"about":[{"href":"https:\/\/prensa.sma.gob.ar\/index.php?rest_route=\/wp\/v2\/types\/post"}],"author":[{"embeddable":true,"href":"https:\/\/prensa.sma.gob.ar\/index.php?rest_route=\/wp\/v2\/users\/2"}],"replies":[{"embeddable":true,"href":"https:\/\/prensa.sma.gob.ar\/index.php?rest_route=%2Fwp%2Fv2%2Fcomments&post=3826"}],"version-history":[{"count":1,"href":"https:\/\/prensa.sma.gob.ar\/index.php?rest_route=\/wp\/v2\/posts\/3826\/revisions"}],"predecessor-version":[{"id":3836,"href":"https:\/\/prensa.sma.gob.ar\/index.php?rest_route=\/wp\/v2\/posts\/3826\/revisions\/3836"}],"wp:featuredmedia":[{"embeddable":true,"href":"https:\/\/prensa.sma.gob.ar\/index.php?rest_route=\/wp\/v2\/media\/3827"}],"wp:attachment":[{"href":"https:\/\/prensa.sma.gob.ar\/index.php?rest_route=%2Fwp%2Fv2%2Fmedia&parent=3826"}],"wp:term":[{"taxonomy":"category","embeddable":true,"href":"https:\/\/prensa.sma.gob.ar\/index.php?rest_route=%2Fwp%2Fv2%2Fcategories&post=3826"},{"taxonomy":"post_tag","embeddable":true,"href":"https:\/\/prensa.sma.gob.ar\/index.php?rest_route=%2Fwp%2Fv2%2Ftags&post=3826"}],"curies":[{"name":"wp","href":"https:\/\/api.w.org\/{rel}","templated":true}]}}