{"id":3840,"date":"2024-11-22T16:32:31","date_gmt":"2024-11-22T16:32:31","guid":{"rendered":"https:\/\/prensa.sma.gob.ar\/?p=3840"},"modified":"2024-11-22T16:32:32","modified_gmt":"2024-11-22T16:32:32","slug":"el-intendente-saloniti-participo-del-cierre-de-las-jornadas-de-capacitacion-de-epen","status":"publish","type":"post","link":"https:\/\/prensa.sma.gob.ar\/?p=3840","title":{"rendered":"El intendente Saloniti particip\u00f3 del cierre de las Jornadas de Capacitaci\u00f3n de Epen"},"content":{"rendered":"\n<p>El intendente Carlos Saloniti elogi\u00f3 el trabajo del Ente Provincial de Energ\u00eda del Neuqu\u00e9n (Epen), elogi\u00f3 el trabajo conjunto que la empresa provincial realiza con el Municipio de San Mart\u00edn de los Andes y dese\u00f3 m\u00e1s crecimiento a\u00fan porque \u201cal Epen lo hacen las personas\u201d.<\/p>\n\n\n\n<p>Saloniti fue parte del cierre de las Jornadas de Capacitaci\u00f3n de la empresa estatal de energ\u00eda, de las que participaron trabajadoras, trabajadores y personal jer\u00e1rquico de las 57 localidades de la provincia y de todas las \u00e1reas.<\/p>\n\n\n\n<p>\u201cPara el Municipio, trabajar con el Epen es fundamental, trabajamos codo a codo en lo cotidiano y ante las emergencias\u201d, se\u00f1al\u00f3 Saloniti, acompa\u00f1ado del Gerente General de la empresa, Jorge Ramos, y del Gerente de Distribuci\u00f3n, Jorge Salva.<\/p>\n\n\n\n<figure class=\"wp-block-gallery has-nested-images columns-default is-cropped wp-block-gallery-1 is-layout-flex wp-block-gallery-is-layout-flex\">\n<figure class=\"wp-block-image size-large\"><img loading=\"lazy\" decoding=\"async\" width=\"1024\" height=\"576\" data-id=\"3846\" src=\"https:\/\/prensa.sma.gob.ar\/wp-content\/uploads\/2024\/11\/WhatsApp-Image-2024-11-22-at-12.11.06-1024x576.jpeg\" alt=\"\" class=\"wp-image-3846\" srcset=\"https:\/\/prensa.sma.gob.ar\/wp-content\/uploads\/2024\/11\/WhatsApp-Image-2024-11-22-at-12.11.06-1024x576.jpeg 1024w, https:\/\/prensa.sma.gob.ar\/wp-content\/uploads\/2024\/11\/WhatsApp-Image-2024-11-22-at-12.11.06-300x169.jpeg 300w, https:\/\/prensa.sma.gob.ar\/wp-content\/uploads\/2024\/11\/WhatsApp-Image-2024-11-22-at-12.11.06-768x432.jpeg 768w, https:\/\/prensa.sma.gob.ar\/wp-content\/uploads\/2024\/11\/WhatsApp-Image-2024-11-22-at-12.11.06-1536x864.jpeg 1536w, https:\/\/prensa.sma.gob.ar\/wp-content\/uploads\/2024\/11\/WhatsApp-Image-2024-11-22-at-12.11.06-747x420.jpeg 747w, https:\/\/prensa.sma.gob.ar\/wp-content\/uploads\/2024\/11\/WhatsApp-Image-2024-11-22-at-12.11.06-696x392.jpeg 696w, https:\/\/prensa.sma.gob.ar\/wp-content\/uploads\/2024\/11\/WhatsApp-Image-2024-11-22-at-12.11.06-1068x601.jpeg 1068w, https:\/\/prensa.sma.gob.ar\/wp-content\/uploads\/2024\/11\/WhatsApp-Image-2024-11-22-at-12.11.06.jpeg 1600w\" sizes=\"auto, (max-width: 1024px) 100vw, 1024px\" \/><\/figure>\n\n\n\n<figure class=\"wp-block-image size-large\"><img loading=\"lazy\" decoding=\"async\" width=\"1024\" height=\"576\" data-id=\"3844\" src=\"https:\/\/prensa.sma.gob.ar\/wp-content\/uploads\/2024\/11\/WhatsApp-Image-2024-11-22-at-12.11.07-1-1024x576.jpeg\" alt=\"\" class=\"wp-image-3844\" srcset=\"https:\/\/prensa.sma.gob.ar\/wp-content\/uploads\/2024\/11\/WhatsApp-Image-2024-11-22-at-12.11.07-1-1024x576.jpeg 1024w, https:\/\/prensa.sma.gob.ar\/wp-content\/uploads\/2024\/11\/WhatsApp-Image-2024-11-22-at-12.11.07-1-300x169.jpeg 300w, https:\/\/prensa.sma.gob.ar\/wp-content\/uploads\/2024\/11\/WhatsApp-Image-2024-11-22-at-12.11.07-1-768x432.jpeg 768w, https:\/\/prensa.sma.gob.ar\/wp-content\/uploads\/2024\/11\/WhatsApp-Image-2024-11-22-at-12.11.07-1-1536x864.jpeg 1536w, https:\/\/prensa.sma.gob.ar\/wp-content\/uploads\/2024\/11\/WhatsApp-Image-2024-11-22-at-12.11.07-1-747x420.jpeg 747w, https:\/\/prensa.sma.gob.ar\/wp-content\/uploads\/2024\/11\/WhatsApp-Image-2024-11-22-at-12.11.07-1-696x392.jpeg 696w, https:\/\/prensa.sma.gob.ar\/wp-content\/uploads\/2024\/11\/WhatsApp-Image-2024-11-22-at-12.11.07-1-1068x601.jpeg 1068w, https:\/\/prensa.sma.gob.ar\/wp-content\/uploads\/2024\/11\/WhatsApp-Image-2024-11-22-at-12.11.07-1.jpeg 1600w\" sizes=\"auto, (max-width: 1024px) 100vw, 1024px\" \/><\/figure>\n\n\n\n<figure class=\"wp-block-image size-large\"><img loading=\"lazy\" decoding=\"async\" width=\"1024\" height=\"576\" data-id=\"3843\" src=\"https:\/\/prensa.sma.gob.ar\/wp-content\/uploads\/2024\/11\/WhatsApp-Image-2024-11-22-at-12.11.07-2-1024x576.jpeg\" alt=\"\" class=\"wp-image-3843\" srcset=\"https:\/\/prensa.sma.gob.ar\/wp-content\/uploads\/2024\/11\/WhatsApp-Image-2024-11-22-at-12.11.07-2-1024x576.jpeg 1024w, https:\/\/prensa.sma.gob.ar\/wp-content\/uploads\/2024\/11\/WhatsApp-Image-2024-11-22-at-12.11.07-2-300x169.jpeg 300w, https:\/\/prensa.sma.gob.ar\/wp-content\/uploads\/2024\/11\/WhatsApp-Image-2024-11-22-at-12.11.07-2-768x432.jpeg 768w, https:\/\/prensa.sma.gob.ar\/wp-content\/uploads\/2024\/11\/WhatsApp-Image-2024-11-22-at-12.11.07-2-1536x864.jpeg 1536w, https:\/\/prensa.sma.gob.ar\/wp-content\/uploads\/2024\/11\/WhatsApp-Image-2024-11-22-at-12.11.07-2-747x420.jpeg 747w, https:\/\/prensa.sma.gob.ar\/wp-content\/uploads\/2024\/11\/WhatsApp-Image-2024-11-22-at-12.11.07-2-696x392.jpeg 696w, https:\/\/prensa.sma.gob.ar\/wp-content\/uploads\/2024\/11\/WhatsApp-Image-2024-11-22-at-12.11.07-2-1068x601.jpeg 1068w, https:\/\/prensa.sma.gob.ar\/wp-content\/uploads\/2024\/11\/WhatsApp-Image-2024-11-22-at-12.11.07-2.jpeg 1600w\" sizes=\"auto, (max-width: 1024px) 100vw, 1024px\" \/><\/figure>\n<\/figure>\n\n\n\n<p>El jefe comunal agreg\u00f3 que \u201cEpen es una gran empresa estatal\u201d y pidi\u00f3 \u201ccuidar mucho al Epen como empresa estatal en estos tiempos donde se dice que una empresa privada puede hacer todo mucho mejor y m\u00e1s r\u00e1pido\u201d.<\/p>\n\n\n\n<p>\u201cSoy defensor de las empresas del Estado que hacen bien las cosas. Tenemos que reivindicar el trabajo que hacemos y esto implica tener buena informaci\u00f3n y difusi\u00f3n, porque a veces las quejas o los planteos tienen que ver con las dificultades para dimensionar la gesti\u00f3n\u201d, sostuvo.<\/p>\n\n\n\n<p>Insisti\u00f3 en que \u201clo m\u00e1s importante del trabajo entre Municipio, Provincia y el Epen, es tener mucha comunicaci\u00f3n, contarnos todo lo que hacemos, las cosas buenas y las cosas malas. Con planteos de buena fe, las cosas se pueden cambiar\u201d.<\/p>\n\n\n\n<p>Reafirm\u00f3 que \u201cson tiempos donde tenemos que estar muy unidos para explicar el rol que tiene el Estado, porque la prestaci\u00f3n de un servicio p\u00fablico no es menor, ha que tener equipamiento, personal, capacitaci\u00f3n, buenos salarios, no es solamente prestar el servicio\u201d.<\/p>\n\n\n\n<p>Por \u00faltimo, Saloniti se\u00f1al\u00f3: \u201cYo soy un agradecido con el Epen, porque cuando viene una mala, nos damos una mano; porque cuando hay problemas de lluvia, de nieve o emergencias, los trabajadores municipales, los del Epen y los bomberos son los que est\u00e1n en primera l\u00ednea. Tenemos que valorar nosotros mismo el trabajo que hacemos. Es importante que el Epen siga creciendo, que se fortalezca, teniendo en claro que detr\u00e1s de una instituci\u00f3n est\u00e1n las personas. Al Epen lo hacen las personas\u201d.<\/p>\n\n\n\n<figure class=\"wp-block-gallery has-nested-images columns-default is-cropped wp-block-gallery-2 is-layout-flex wp-block-gallery-is-layout-flex\">\n<figure class=\"wp-block-image size-large\"><img loading=\"lazy\" decoding=\"async\" width=\"1024\" height=\"576\" data-id=\"3842\" src=\"https:\/\/prensa.sma.gob.ar\/wp-content\/uploads\/2024\/11\/WhatsApp-Image-2024-11-22-at-12.11.11-1024x576.jpeg\" alt=\"\" class=\"wp-image-3842\" srcset=\"https:\/\/prensa.sma.gob.ar\/wp-content\/uploads\/2024\/11\/WhatsApp-Image-2024-11-22-at-12.11.11-1024x576.jpeg 1024w, https:\/\/prensa.sma.gob.ar\/wp-content\/uploads\/2024\/11\/WhatsApp-Image-2024-11-22-at-12.11.11-300x169.jpeg 300w, https:\/\/prensa.sma.gob.ar\/wp-content\/uploads\/2024\/11\/WhatsApp-Image-2024-11-22-at-12.11.11-768x432.jpeg 768w, https:\/\/prensa.sma.gob.ar\/wp-content\/uploads\/2024\/11\/WhatsApp-Image-2024-11-22-at-12.11.11-1536x864.jpeg 1536w, https:\/\/prensa.sma.gob.ar\/wp-content\/uploads\/2024\/11\/WhatsApp-Image-2024-11-22-at-12.11.11-747x420.jpeg 747w, https:\/\/prensa.sma.gob.ar\/wp-content\/uploads\/2024\/11\/WhatsApp-Image-2024-11-22-at-12.11.11-696x392.jpeg 696w, https:\/\/prensa.sma.gob.ar\/wp-content\/uploads\/2024\/11\/WhatsApp-Image-2024-11-22-at-12.11.11-1068x601.jpeg 1068w, https:\/\/prensa.sma.gob.ar\/wp-content\/uploads\/2024\/11\/WhatsApp-Image-2024-11-22-at-12.11.11.jpeg 1600w\" sizes=\"auto, (max-width: 1024px) 100vw, 1024px\" \/><\/figure>\n\n\n\n<figure class=\"wp-block-image size-large\"><img loading=\"lazy\" decoding=\"async\" width=\"1024\" height=\"595\" data-id=\"3845\" src=\"https:\/\/prensa.sma.gob.ar\/wp-content\/uploads\/2024\/11\/WhatsApp-Image-2024-11-22-at-12.11.07-1024x595.jpeg\" alt=\"\" class=\"wp-image-3845\" srcset=\"https:\/\/prensa.sma.gob.ar\/wp-content\/uploads\/2024\/11\/WhatsApp-Image-2024-11-22-at-12.11.07-1024x595.jpeg 1024w, https:\/\/prensa.sma.gob.ar\/wp-content\/uploads\/2024\/11\/WhatsApp-Image-2024-11-22-at-12.11.07-300x174.jpeg 300w, https:\/\/prensa.sma.gob.ar\/wp-content\/uploads\/2024\/11\/WhatsApp-Image-2024-11-22-at-12.11.07-768x446.jpeg 768w, https:\/\/prensa.sma.gob.ar\/wp-content\/uploads\/2024\/11\/WhatsApp-Image-2024-11-22-at-12.11.07-1536x893.jpeg 1536w, https:\/\/prensa.sma.gob.ar\/wp-content\/uploads\/2024\/11\/WhatsApp-Image-2024-11-22-at-12.11.07-723x420.jpeg 723w, https:\/\/prensa.sma.gob.ar\/wp-content\/uploads\/2024\/11\/WhatsApp-Image-2024-11-22-at-12.11.07-696x405.jpeg 696w, https:\/\/prensa.sma.gob.ar\/wp-content\/uploads\/2024\/11\/WhatsApp-Image-2024-11-22-at-12.11.07-1068x621.jpeg 1068w, https:\/\/prensa.sma.gob.ar\/wp-content\/uploads\/2024\/11\/WhatsApp-Image-2024-11-22-at-12.11.07.jpeg 1600w\" sizes=\"auto, (max-width: 1024px) 100vw, 1024px\" \/><\/figure>\n\n\n\n<figure class=\"wp-block-image size-large\"><img loading=\"lazy\" decoding=\"async\" width=\"1024\" height=\"639\" data-id=\"3841\" src=\"https:\/\/prensa.sma.gob.ar\/wp-content\/uploads\/2024\/11\/WhatsApp-Image-2024-11-22-at-12.11.12-1024x639.jpeg\" alt=\"\" class=\"wp-image-3841\" srcset=\"https:\/\/prensa.sma.gob.ar\/wp-content\/uploads\/2024\/11\/WhatsApp-Image-2024-11-22-at-12.11.12-1024x639.jpeg 1024w, https:\/\/prensa.sma.gob.ar\/wp-content\/uploads\/2024\/11\/WhatsApp-Image-2024-11-22-at-12.11.12-300x187.jpeg 300w, https:\/\/prensa.sma.gob.ar\/wp-content\/uploads\/2024\/11\/WhatsApp-Image-2024-11-22-at-12.11.12-768x480.jpeg 768w, https:\/\/prensa.sma.gob.ar\/wp-content\/uploads\/2024\/11\/WhatsApp-Image-2024-11-22-at-12.11.12-1536x959.jpeg 1536w, https:\/\/prensa.sma.gob.ar\/wp-content\/uploads\/2024\/11\/WhatsApp-Image-2024-11-22-at-12.11.12-673x420.jpeg 673w, https:\/\/prensa.sma.gob.ar\/wp-content\/uploads\/2024\/11\/WhatsApp-Image-2024-11-22-at-12.11.12-696x435.jpeg 696w, https:\/\/prensa.sma.gob.ar\/wp-content\/uploads\/2024\/11\/WhatsApp-Image-2024-11-22-at-12.11.12-1068x667.jpeg 1068w, https:\/\/prensa.sma.gob.ar\/wp-content\/uploads\/2024\/11\/WhatsApp-Image-2024-11-22-at-12.11.12.jpeg 1600w\" sizes=\"auto, (max-width: 1024px) 100vw, 1024px\" \/><\/figure>\n<\/figure>\n","protected":false},"excerpt":{"rendered":"<p>El intendente Carlos Saloniti elogi\u00f3 el trabajo del Ente Provincial de Energ\u00eda del Neuqu\u00e9n (Epen), elogi\u00f3 el trabajo conjunto que la empresa provincial realiza con el Municipio de San Mart\u00edn de los Andes y dese\u00f3 m\u00e1s crecimiento a\u00fan porque \u201cal Epen lo hacen las personas\u201d. Saloniti fue parte del cierre de las Jornadas de Capacitaci\u00f3n [&hellip;]<\/p>\n","protected":false},"author":2,"featured_media":3845,"comment_status":"closed","ping_status":"open","sticky":false,"template":"","format":"standard","meta":{"footnotes":""},"categories":[16,14],"tags":[],"class_list":{"0":"post-3840","1":"post","2":"type-post","3":"status-publish","4":"format-standard","5":"has-post-thumbnail","7":"category-destacadas","8":"category-noticias"},"_links":{"self":[{"href":"https:\/\/prensa.sma.gob.ar\/index.php?rest_route=\/wp\/v2\/posts\/3840","targetHints":{"allow":["GET"]}}],"collection":[{"href":"https:\/\/prensa.sma.gob.ar\/index.php?rest_route=\/wp\/v2\/posts"}],"about":[{"href":"https:\/\/prensa.sma.gob.ar\/index.php?rest_route=\/wp\/v2\/types\/post"}],"author":[{"embeddable":true,"href":"https:\/\/prensa.sma.gob.ar\/index.php?rest_route=\/wp\/v2\/users\/2"}],"replies":[{"embeddable":true,"href":"https:\/\/prensa.sma.gob.ar\/index.php?rest_route=%2Fwp%2Fv2%2Fcomments&post=3840"}],"version-history":[{"count":1,"href":"https:\/\/prensa.sma.gob.ar\/index.php?rest_route=\/wp\/v2\/posts\/3840\/revisions"}],"predecessor-version":[{"id":3847,"href":"https:\/\/prensa.sma.gob.ar\/index.php?rest_route=\/wp\/v2\/posts\/3840\/revisions\/3847"}],"wp:featuredmedia":[{"embeddable":true,"href":"https:\/\/prensa.sma.gob.ar\/index.php?rest_route=\/wp\/v2\/media\/3845"}],"wp:attachment":[{"href":"https:\/\/prensa.sma.gob.ar\/index.php?rest_route=%2Fwp%2Fv2%2Fmedia&parent=3840"}],"wp:term":[{"taxonomy":"category","embeddable":true,"href":"https:\/\/prensa.sma.gob.ar\/index.php?rest_route=%2Fwp%2Fv2%2Fcategories&post=3840"},{"taxonomy":"post_tag","embeddable":true,"href":"https:\/\/prensa.sma.gob.ar\/index.php?rest_route=%2Fwp%2Fv2%2Ftags&post=3840"}],"curies":[{"name":"wp","href":"https:\/\/api.w.org\/{rel}","templated":true}]}}