{"id":3914,"date":"2024-11-25T02:31:26","date_gmt":"2024-11-25T02:31:26","guid":{"rendered":"https:\/\/prensa.sma.gob.ar\/?p=3914"},"modified":"2024-11-25T02:31:27","modified_gmt":"2024-11-25T02:31:27","slug":"representantes-de-diferentes-ambitos-debatieron-sobre-el-ordenamiento-territorial","status":"publish","type":"post","link":"https:\/\/prensa.sma.gob.ar\/?p=3914","title":{"rendered":"Representantes de diferentes \u00e1mbitos debatieron sobre el ordenamiento territorial"},"content":{"rendered":"\n<p>Funcionarios municipales, concejales, representantes del sector privado, profesionales, dirigentes sociales y representantes de organismos nacionales en nuestra ciudad, pudieron aportar al Plan de Ordenamiento Territorial que lleva adelante, a trav\u00e9s de una consultora, el Consejo de Planificaci\u00f3n y Acci\u00f3n para el Desarrollo (COPADE) de Neuqu\u00e9n.<\/p>\n\n\n\n<p>Las reuniones se realizaron durante toda la jornada del jueves, repartidas en las sedes del Consejo de Planificaci\u00f3n Estrat\u00e9gica (COPE) de San Mart\u00edn de los Andes y en el edificio del Parque Nacional Lan\u00edn, convocadas por la Delegaci\u00f3n de la Regi\u00f3n Sur de la provincia de Neuqu\u00e9n, a cargo de Eliana Rivera.<\/p>\n\n\n\n<p>La directora del Instituto de Vivienda y H\u00e1bitat del Municipio, Carolina Amaya, inform\u00f3 que \u201clas entrevistas incluyeron a distintos actores que impactan en el desarrollo de nuestra ciudad, actores institucionales, del \u00e1mbito p\u00fablico y privado, entes concesionarios de servicios\u201d, entre otros.<\/p>\n\n\n\n<p>Con estos encuentros, se\u00f1al\u00f3, la consultora contratada por COPADE \u201cbusca construir un diagn\u00f3stico y a partir de ah\u00ed, trabajar con el Estado provincial para definir pol\u00edticas regionales\u201d, con formatos de reuniones t\u00e9cnicas breves y concretas con los diferentes sectores.<\/p>\n\n\n\n<p>Los encuentros con funcionarios municipales incluyeron a los responsables de Planificaci\u00f3n, Paula Dest\u00e9fano; de Obras y Servicios P\u00fablicos, H\u00e9ctor Dur\u00e1n; de Gesti\u00f3n Ambiental, Marcela V\u00e1zquez; del COPE, Mart\u00edn Rodr\u00edguez y F\u00e9lix Cariboni; y a Carolina Amaya, de Vivienda. Al final de la jornada, el equipo consultor y miembros de COPADE fueron recibidos por el intendente Carlos Saloniti.<\/p>\n\n\n\n<figure class=\"wp-block-gallery has-nested-images columns-default is-cropped wp-block-gallery-1 is-layout-flex wp-block-gallery-is-layout-flex\">\n<figure class=\"wp-block-image size-large\"><img loading=\"lazy\" decoding=\"async\" width=\"768\" height=\"1024\" data-id=\"3924\" src=\"https:\/\/prensa.sma.gob.ar\/wp-content\/uploads\/2024\/11\/WhatsApp-Image-2024-11-21-at-14.59.23-768x1024.jpeg\" alt=\"\" class=\"wp-image-3924\" srcset=\"https:\/\/prensa.sma.gob.ar\/wp-content\/uploads\/2024\/11\/WhatsApp-Image-2024-11-21-at-14.59.23-768x1024.jpeg 768w, https:\/\/prensa.sma.gob.ar\/wp-content\/uploads\/2024\/11\/WhatsApp-Image-2024-11-21-at-14.59.23-225x300.jpeg 225w, https:\/\/prensa.sma.gob.ar\/wp-content\/uploads\/2024\/11\/WhatsApp-Image-2024-11-21-at-14.59.23-315x420.jpeg 315w, https:\/\/prensa.sma.gob.ar\/wp-content\/uploads\/2024\/11\/WhatsApp-Image-2024-11-21-at-14.59.23-696x928.jpeg 696w, https:\/\/prensa.sma.gob.ar\/wp-content\/uploads\/2024\/11\/WhatsApp-Image-2024-11-21-at-14.59.23.jpeg 960w\" sizes=\"auto, (max-width: 768px) 100vw, 768px\" \/><\/figure>\n\n\n\n<figure class=\"wp-block-image size-large\"><img loading=\"lazy\" decoding=\"async\" width=\"768\" height=\"1024\" data-id=\"3923\" src=\"https:\/\/prensa.sma.gob.ar\/wp-content\/uploads\/2024\/11\/WhatsApp-Image-2024-11-21-at-14.59.231-768x1024.jpeg\" alt=\"\" class=\"wp-image-3923\" srcset=\"https:\/\/prensa.sma.gob.ar\/wp-content\/uploads\/2024\/11\/WhatsApp-Image-2024-11-21-at-14.59.231-768x1024.jpeg 768w, https:\/\/prensa.sma.gob.ar\/wp-content\/uploads\/2024\/11\/WhatsApp-Image-2024-11-21-at-14.59.231-225x300.jpeg 225w, https:\/\/prensa.sma.gob.ar\/wp-content\/uploads\/2024\/11\/WhatsApp-Image-2024-11-21-at-14.59.231-315x420.jpeg 315w, https:\/\/prensa.sma.gob.ar\/wp-content\/uploads\/2024\/11\/WhatsApp-Image-2024-11-21-at-14.59.231-696x928.jpeg 696w, https:\/\/prensa.sma.gob.ar\/wp-content\/uploads\/2024\/11\/WhatsApp-Image-2024-11-21-at-14.59.231.jpeg 960w\" sizes=\"auto, (max-width: 768px) 100vw, 768px\" \/><\/figure>\n\n\n\n<figure class=\"wp-block-image size-large\"><img loading=\"lazy\" decoding=\"async\" width=\"1024\" height=\"576\" data-id=\"3919\" src=\"https:\/\/prensa.sma.gob.ar\/wp-content\/uploads\/2024\/11\/WhatsApp-Image-2024-11-21-at-16.35.37-1024x576.jpeg\" alt=\"\" class=\"wp-image-3919\" srcset=\"https:\/\/prensa.sma.gob.ar\/wp-content\/uploads\/2024\/11\/WhatsApp-Image-2024-11-21-at-16.35.37-1024x576.jpeg 1024w, https:\/\/prensa.sma.gob.ar\/wp-content\/uploads\/2024\/11\/WhatsApp-Image-2024-11-21-at-16.35.37-300x169.jpeg 300w, https:\/\/prensa.sma.gob.ar\/wp-content\/uploads\/2024\/11\/WhatsApp-Image-2024-11-21-at-16.35.37-768x432.jpeg 768w, https:\/\/prensa.sma.gob.ar\/wp-content\/uploads\/2024\/11\/WhatsApp-Image-2024-11-21-at-16.35.37-1536x864.jpeg 1536w, https:\/\/prensa.sma.gob.ar\/wp-content\/uploads\/2024\/11\/WhatsApp-Image-2024-11-21-at-16.35.37-747x420.jpeg 747w, https:\/\/prensa.sma.gob.ar\/wp-content\/uploads\/2024\/11\/WhatsApp-Image-2024-11-21-at-16.35.37-696x392.jpeg 696w, https:\/\/prensa.sma.gob.ar\/wp-content\/uploads\/2024\/11\/WhatsApp-Image-2024-11-21-at-16.35.37-1068x601.jpeg 1068w, https:\/\/prensa.sma.gob.ar\/wp-content\/uploads\/2024\/11\/WhatsApp-Image-2024-11-21-at-16.35.37.jpeg 1600w\" sizes=\"auto, (max-width: 1024px) 100vw, 1024px\" \/><\/figure>\n<\/figure>\n\n\n\n<p>De otras reuniones participaron concejales; representantes de Parque Nacional Lanin; INTA, C\u00e1mara de Comercio; Colegio de Arquitectos, Colegio de Ingenieros; Cooperativa de Agua Potable y Saneamiento; Defensor\u00eda del Pueblo y del Ambiente; C\u00e1mara Inmobiliaria, organizaciones sociales, Consejo Asesor de la Vivienda y Registro Nacional de Barrios Populares.<\/p>\n\n\n\n<p>Representantes de la consultora -contratada por COPADE con financiamiento del Consejo Federal de Inversiones (CFI)- recibieron informaci\u00f3n, inquietudes y sugerencias de los representantes de diferentes \u00e1mbitos de nuestra comunidad en cuanto al ordenamiento territorial bajo la premisa de planificaci\u00f3n participativa.<\/p>\n\n\n\n<p>El Plan de Ordenamiento Territorial tiene la finalidad de lograr que los municipios puedan afrontar el desarrollo integral de su territorio con visi\u00f3n de futuro, enfocado en el uso racional de los recursos naturales y sus actividades productivas, analizando, desarrollando y gestionando los procesos de planificaci\u00f3n necesarios.<\/p>\n\n\n\n<p>COPADE inform\u00f3 que esta asistencia t\u00e9cnica, que comenz\u00f3 en agosto y se extender\u00e1 durante un a\u00f1o, prev\u00e9 para cada una de las regiones de la provincia, la formulaci\u00f3n de Planes de Ordenamiento Territorial e Instrumentos Regulatorios, entre los que se encuentran normativas de usos de suelo.<\/p>\n\n\n\n<p>El organismo record\u00f3 que esta iniciativa del Gobierno provincial, entre otras, se enmarca en el Plan Provincial de Regionalizaci\u00f3n que prev\u00e9 la confecci\u00f3n de agendas territoriales y el fortalecimiento de las capacidades locales en materia de planificaci\u00f3n y gesti\u00f3n de suelo.<\/p>\n\n\n\n<figure class=\"wp-block-gallery has-nested-images columns-default is-cropped wp-block-gallery-2 is-layout-flex wp-block-gallery-is-layout-flex\">\n<figure class=\"wp-block-image size-large\"><img loading=\"lazy\" decoding=\"async\" width=\"1024\" height=\"576\" data-id=\"3919\" src=\"https:\/\/prensa.sma.gob.ar\/wp-content\/uploads\/2024\/11\/WhatsApp-Image-2024-11-21-at-16.35.37-1024x576.jpeg\" alt=\"\" class=\"wp-image-3919\" srcset=\"https:\/\/prensa.sma.gob.ar\/wp-content\/uploads\/2024\/11\/WhatsApp-Image-2024-11-21-at-16.35.37-1024x576.jpeg 1024w, https:\/\/prensa.sma.gob.ar\/wp-content\/uploads\/2024\/11\/WhatsApp-Image-2024-11-21-at-16.35.37-300x169.jpeg 300w, https:\/\/prensa.sma.gob.ar\/wp-content\/uploads\/2024\/11\/WhatsApp-Image-2024-11-21-at-16.35.37-768x432.jpeg 768w, https:\/\/prensa.sma.gob.ar\/wp-content\/uploads\/2024\/11\/WhatsApp-Image-2024-11-21-at-16.35.37-1536x864.jpeg 1536w, https:\/\/prensa.sma.gob.ar\/wp-content\/uploads\/2024\/11\/WhatsApp-Image-2024-11-21-at-16.35.37-747x420.jpeg 747w, https:\/\/prensa.sma.gob.ar\/wp-content\/uploads\/2024\/11\/WhatsApp-Image-2024-11-21-at-16.35.37-696x392.jpeg 696w, https:\/\/prensa.sma.gob.ar\/wp-content\/uploads\/2024\/11\/WhatsApp-Image-2024-11-21-at-16.35.37-1068x601.jpeg 1068w, https:\/\/prensa.sma.gob.ar\/wp-content\/uploads\/2024\/11\/WhatsApp-Image-2024-11-21-at-16.35.37.jpeg 1600w\" sizes=\"auto, (max-width: 1024px) 100vw, 1024px\" \/><\/figure>\n\n\n\n<figure class=\"wp-block-image size-large\"><img loading=\"lazy\" decoding=\"async\" width=\"1024\" height=\"576\" data-id=\"3918\" src=\"https:\/\/prensa.sma.gob.ar\/wp-content\/uploads\/2024\/11\/WhatsApp-Image-2024-11-21-at-16.35.371-1024x576.jpeg\" alt=\"\" class=\"wp-image-3918\" srcset=\"https:\/\/prensa.sma.gob.ar\/wp-content\/uploads\/2024\/11\/WhatsApp-Image-2024-11-21-at-16.35.371-1024x576.jpeg 1024w, https:\/\/prensa.sma.gob.ar\/wp-content\/uploads\/2024\/11\/WhatsApp-Image-2024-11-21-at-16.35.371-300x169.jpeg 300w, https:\/\/prensa.sma.gob.ar\/wp-content\/uploads\/2024\/11\/WhatsApp-Image-2024-11-21-at-16.35.371-768x432.jpeg 768w, https:\/\/prensa.sma.gob.ar\/wp-content\/uploads\/2024\/11\/WhatsApp-Image-2024-11-21-at-16.35.371-1536x864.jpeg 1536w, https:\/\/prensa.sma.gob.ar\/wp-content\/uploads\/2024\/11\/WhatsApp-Image-2024-11-21-at-16.35.371-747x420.jpeg 747w, https:\/\/prensa.sma.gob.ar\/wp-content\/uploads\/2024\/11\/WhatsApp-Image-2024-11-21-at-16.35.371-696x392.jpeg 696w, https:\/\/prensa.sma.gob.ar\/wp-content\/uploads\/2024\/11\/WhatsApp-Image-2024-11-21-at-16.35.371-1068x601.jpeg 1068w, https:\/\/prensa.sma.gob.ar\/wp-content\/uploads\/2024\/11\/WhatsApp-Image-2024-11-21-at-16.35.371.jpeg 1600w\" sizes=\"auto, (max-width: 1024px) 100vw, 1024px\" \/><\/figure>\n\n\n\n<figure class=\"wp-block-image size-large\"><img loading=\"lazy\" decoding=\"async\" width=\"1024\" height=\"604\" data-id=\"3920\" src=\"https:\/\/prensa.sma.gob.ar\/wp-content\/uploads\/2024\/11\/WhatsApp-Image-2024-11-21-at-16.35.38-1024x604.jpeg\" alt=\"\" class=\"wp-image-3920\" srcset=\"https:\/\/prensa.sma.gob.ar\/wp-content\/uploads\/2024\/11\/WhatsApp-Image-2024-11-21-at-16.35.38-1024x604.jpeg 1024w, https:\/\/prensa.sma.gob.ar\/wp-content\/uploads\/2024\/11\/WhatsApp-Image-2024-11-21-at-16.35.38-300x177.jpeg 300w, https:\/\/prensa.sma.gob.ar\/wp-content\/uploads\/2024\/11\/WhatsApp-Image-2024-11-21-at-16.35.38-768x453.jpeg 768w, https:\/\/prensa.sma.gob.ar\/wp-content\/uploads\/2024\/11\/WhatsApp-Image-2024-11-21-at-16.35.38-1536x906.jpeg 1536w, https:\/\/prensa.sma.gob.ar\/wp-content\/uploads\/2024\/11\/WhatsApp-Image-2024-11-21-at-16.35.38-712x420.jpeg 712w, https:\/\/prensa.sma.gob.ar\/wp-content\/uploads\/2024\/11\/WhatsApp-Image-2024-11-21-at-16.35.38-696x411.jpeg 696w, https:\/\/prensa.sma.gob.ar\/wp-content\/uploads\/2024\/11\/WhatsApp-Image-2024-11-21-at-16.35.38-1068x630.jpeg 1068w, https:\/\/prensa.sma.gob.ar\/wp-content\/uploads\/2024\/11\/WhatsApp-Image-2024-11-21-at-16.35.38.jpeg 1600w\" sizes=\"auto, (max-width: 1024px) 100vw, 1024px\" \/><\/figure>\n\n\n\n<figure class=\"wp-block-image size-large\"><img loading=\"lazy\" decoding=\"async\" width=\"1024\" height=\"629\" data-id=\"3917\" src=\"https:\/\/prensa.sma.gob.ar\/wp-content\/uploads\/2024\/11\/WhatsApp-Image-2024-11-21-at-16.35.36-1024x629.jpeg\" alt=\"\" class=\"wp-image-3917\" srcset=\"https:\/\/prensa.sma.gob.ar\/wp-content\/uploads\/2024\/11\/WhatsApp-Image-2024-11-21-at-16.35.36-1024x629.jpeg 1024w, https:\/\/prensa.sma.gob.ar\/wp-content\/uploads\/2024\/11\/WhatsApp-Image-2024-11-21-at-16.35.36-300x184.jpeg 300w, https:\/\/prensa.sma.gob.ar\/wp-content\/uploads\/2024\/11\/WhatsApp-Image-2024-11-21-at-16.35.36-768x472.jpeg 768w, https:\/\/prensa.sma.gob.ar\/wp-content\/uploads\/2024\/11\/WhatsApp-Image-2024-11-21-at-16.35.36-1536x944.jpeg 1536w, https:\/\/prensa.sma.gob.ar\/wp-content\/uploads\/2024\/11\/WhatsApp-Image-2024-11-21-at-16.35.36-684x420.jpeg 684w, https:\/\/prensa.sma.gob.ar\/wp-content\/uploads\/2024\/11\/WhatsApp-Image-2024-11-21-at-16.35.36-696x428.jpeg 696w, https:\/\/prensa.sma.gob.ar\/wp-content\/uploads\/2024\/11\/WhatsApp-Image-2024-11-21-at-16.35.36-1068x656.jpeg 1068w, https:\/\/prensa.sma.gob.ar\/wp-content\/uploads\/2024\/11\/WhatsApp-Image-2024-11-21-at-16.35.36.jpeg 1600w\" sizes=\"auto, (max-width: 1024px) 100vw, 1024px\" \/><\/figure>\n\n\n\n<figure class=\"wp-block-image size-large\"><img loading=\"lazy\" decoding=\"async\" width=\"1024\" height=\"576\" data-id=\"3916\" src=\"https:\/\/prensa.sma.gob.ar\/wp-content\/uploads\/2024\/11\/WhatsApp-Image-2024-11-21-at-16.35.32-1024x576.jpeg\" alt=\"\" class=\"wp-image-3916\" srcset=\"https:\/\/prensa.sma.gob.ar\/wp-content\/uploads\/2024\/11\/WhatsApp-Image-2024-11-21-at-16.35.32-1024x576.jpeg 1024w, https:\/\/prensa.sma.gob.ar\/wp-content\/uploads\/2024\/11\/WhatsApp-Image-2024-11-21-at-16.35.32-300x169.jpeg 300w, https:\/\/prensa.sma.gob.ar\/wp-content\/uploads\/2024\/11\/WhatsApp-Image-2024-11-21-at-16.35.32-768x432.jpeg 768w, https:\/\/prensa.sma.gob.ar\/wp-content\/uploads\/2024\/11\/WhatsApp-Image-2024-11-21-at-16.35.32-1536x864.jpeg 1536w, https:\/\/prensa.sma.gob.ar\/wp-content\/uploads\/2024\/11\/WhatsApp-Image-2024-11-21-at-16.35.32-747x420.jpeg 747w, https:\/\/prensa.sma.gob.ar\/wp-content\/uploads\/2024\/11\/WhatsApp-Image-2024-11-21-at-16.35.32-696x392.jpeg 696w, https:\/\/prensa.sma.gob.ar\/wp-content\/uploads\/2024\/11\/WhatsApp-Image-2024-11-21-at-16.35.32-1068x601.jpeg 1068w, https:\/\/prensa.sma.gob.ar\/wp-content\/uploads\/2024\/11\/WhatsApp-Image-2024-11-21-at-16.35.32.jpeg 1600w\" sizes=\"auto, (max-width: 1024px) 100vw, 1024px\" \/><\/figure>\n\n\n\n<figure class=\"wp-block-image size-large\"><img loading=\"lazy\" decoding=\"async\" width=\"1024\" height=\"576\" data-id=\"3922\" src=\"https:\/\/prensa.sma.gob.ar\/wp-content\/uploads\/2024\/11\/WhatsApp-Image-2024-11-21-at-16.36.03-1024x576.jpeg\" alt=\"\" class=\"wp-image-3922\" srcset=\"https:\/\/prensa.sma.gob.ar\/wp-content\/uploads\/2024\/11\/WhatsApp-Image-2024-11-21-at-16.36.03-1024x576.jpeg 1024w, https:\/\/prensa.sma.gob.ar\/wp-content\/uploads\/2024\/11\/WhatsApp-Image-2024-11-21-at-16.36.03-300x169.jpeg 300w, https:\/\/prensa.sma.gob.ar\/wp-content\/uploads\/2024\/11\/WhatsApp-Image-2024-11-21-at-16.36.03-768x432.jpeg 768w, https:\/\/prensa.sma.gob.ar\/wp-content\/uploads\/2024\/11\/WhatsApp-Image-2024-11-21-at-16.36.03-1536x864.jpeg 1536w, https:\/\/prensa.sma.gob.ar\/wp-content\/uploads\/2024\/11\/WhatsApp-Image-2024-11-21-at-16.36.03-747x420.jpeg 747w, https:\/\/prensa.sma.gob.ar\/wp-content\/uploads\/2024\/11\/WhatsApp-Image-2024-11-21-at-16.36.03-696x392.jpeg 696w, https:\/\/prensa.sma.gob.ar\/wp-content\/uploads\/2024\/11\/WhatsApp-Image-2024-11-21-at-16.36.03-1068x601.jpeg 1068w, https:\/\/prensa.sma.gob.ar\/wp-content\/uploads\/2024\/11\/WhatsApp-Image-2024-11-21-at-16.36.03.jpeg 1600w\" sizes=\"auto, (max-width: 1024px) 100vw, 1024px\" \/><\/figure>\n<\/figure>\n","protected":false},"excerpt":{"rendered":"<p>Funcionarios municipales, concejales, representantes del sector privado, profesionales, dirigentes sociales y representantes de organismos nacionales en nuestra ciudad, pudieron aportar al Plan de Ordenamiento Territorial que lleva adelante, a trav\u00e9s de una consultora, el Consejo de Planificaci\u00f3n y Acci\u00f3n para el Desarrollo (COPADE) de Neuqu\u00e9n. Las reuniones se realizaron durante toda la jornada del jueves, [&hellip;]<\/p>\n","protected":false},"author":2,"featured_media":3926,"comment_status":"closed","ping_status":"open","sticky":false,"template":"","format":"standard","meta":{"footnotes":""},"categories":[16,14],"tags":[],"class_list":{"0":"post-3914","1":"post","2":"type-post","3":"status-publish","4":"format-standard","5":"has-post-thumbnail","7":"category-destacadas","8":"category-noticias"},"_links":{"self":[{"href":"https:\/\/prensa.sma.gob.ar\/index.php?rest_route=\/wp\/v2\/posts\/3914","targetHints":{"allow":["GET"]}}],"collection":[{"href":"https:\/\/prensa.sma.gob.ar\/index.php?rest_route=\/wp\/v2\/posts"}],"about":[{"href":"https:\/\/prensa.sma.gob.ar\/index.php?rest_route=\/wp\/v2\/types\/post"}],"author":[{"embeddable":true,"href":"https:\/\/prensa.sma.gob.ar\/index.php?rest_route=\/wp\/v2\/users\/2"}],"replies":[{"embeddable":true,"href":"https:\/\/prensa.sma.gob.ar\/index.php?rest_route=%2Fwp%2Fv2%2Fcomments&post=3914"}],"version-history":[{"count":1,"href":"https:\/\/prensa.sma.gob.ar\/index.php?rest_route=\/wp\/v2\/posts\/3914\/revisions"}],"predecessor-version":[{"id":3927,"href":"https:\/\/prensa.sma.gob.ar\/index.php?rest_route=\/wp\/v2\/posts\/3914\/revisions\/3927"}],"wp:featuredmedia":[{"embeddable":true,"href":"https:\/\/prensa.sma.gob.ar\/index.php?rest_route=\/wp\/v2\/media\/3926"}],"wp:attachment":[{"href":"https:\/\/prensa.sma.gob.ar\/index.php?rest_route=%2Fwp%2Fv2%2Fmedia&parent=3914"}],"wp:term":[{"taxonomy":"category","embeddable":true,"href":"https:\/\/prensa.sma.gob.ar\/index.php?rest_route=%2Fwp%2Fv2%2Fcategories&post=3914"},{"taxonomy":"post_tag","embeddable":true,"href":"https:\/\/prensa.sma.gob.ar\/index.php?rest_route=%2Fwp%2Fv2%2Ftags&post=3914"}],"curies":[{"name":"wp","href":"https:\/\/api.w.org\/{rel}","templated":true}]}}