{"id":3928,"date":"2024-11-25T10:55:35","date_gmt":"2024-11-25T10:55:35","guid":{"rendered":"https:\/\/prensa.sma.gob.ar\/?p=3928"},"modified":"2024-11-25T10:55:37","modified_gmt":"2024-11-25T10:55:37","slug":"abierta-la-preinscripcion-2025-para-los-centros-de-desarrollo-infantil-cdi","status":"publish","type":"post","link":"https:\/\/prensa.sma.gob.ar\/?p=3928","title":{"rendered":"Abierta la preinscripci\u00f3n 2025 para los Centros de Desarrollo Infantil (CDI)"},"content":{"rendered":"\n<p>Hasta el 2 de diciembre estar\u00e1 abierto el proceso de Preinscripci\u00f3n 2025 a los Centros de Desarrollo Infantil (CDI), dependientes de la Direcci\u00f3n de Primera Infancia del Municipio. Esta instancia no garantiza inscripci\u00f3n directa ya que el mi\u00e9rcoles 4 se realizar\u00e1 el sorteo entre todos los inscriptos.<\/p>\n\n\n\n<p>Como en instancias anteriores, la preinscripci\u00f3n es abierta a toda la comunidad, y se puede concretar de modo virtual, mediante esta planilla de Google Forms.<\/p>\n\n\n\n<p><a href=\"https:\/\/docs.google.com\/forms\/d\/e\/1FAIpQLSd_a67GDKI2NgsoiqrHRIUp7v37zAgrgZZfa6BHISiBJUplPw\/viewform?pli=1\"><strong>https:\/\/docs.google.com\/forms\/d\/e\/1FAIpQLSd_a67GDKI2NgsoiqrHRIUp7v37zAgrgZZfa6BHISiBJUplPw\/viewform?pli=1<\/strong><\/a><\/p>\n\n\n\n<p>Adem\u00e1s, se reciben consultas en nuestra oficina de la DPI en el horario de 8 a 13hs y telef\u00f3nicamente al 427-315, interno 384.<\/p>\n\n\n\n<p>Los CDI son Instituciones municipales que acompa\u00f1an cotidianamente la crianza en los primeros a\u00f1os de vida de las infancias y sus familias, en el horario de 8 a 12.30hs.<\/p>\n\n\n<div class=\"wp-block-image\">\n<figure class=\"aligncenter size-large is-resized\"><img loading=\"lazy\" decoding=\"async\" width=\"1024\" height=\"1024\" src=\"https:\/\/prensa.sma.gob.ar\/wp-content\/uploads\/2024\/11\/467422934_1082873170295118_6893059130762819861_n-1024x1024.jpg\" alt=\"\" class=\"wp-image-3930\" style=\"width:665px;height:auto\" srcset=\"https:\/\/prensa.sma.gob.ar\/wp-content\/uploads\/2024\/11\/467422934_1082873170295118_6893059130762819861_n-1024x1024.jpg 1024w, https:\/\/prensa.sma.gob.ar\/wp-content\/uploads\/2024\/11\/467422934_1082873170295118_6893059130762819861_n-300x300.jpg 300w, https:\/\/prensa.sma.gob.ar\/wp-content\/uploads\/2024\/11\/467422934_1082873170295118_6893059130762819861_n-150x150.jpg 150w, https:\/\/prensa.sma.gob.ar\/wp-content\/uploads\/2024\/11\/467422934_1082873170295118_6893059130762819861_n-768x768.jpg 768w, https:\/\/prensa.sma.gob.ar\/wp-content\/uploads\/2024\/11\/467422934_1082873170295118_6893059130762819861_n-420x420.jpg 420w, https:\/\/prensa.sma.gob.ar\/wp-content\/uploads\/2024\/11\/467422934_1082873170295118_6893059130762819861_n-696x696.jpg 696w, https:\/\/prensa.sma.gob.ar\/wp-content\/uploads\/2024\/11\/467422934_1082873170295118_6893059130762819861_n-1068x1068.jpg 1068w, https:\/\/prensa.sma.gob.ar\/wp-content\/uploads\/2024\/11\/467422934_1082873170295118_6893059130762819861_n.jpg 1080w\" sizes=\"auto, (max-width: 1024px) 100vw, 1024px\" \/><\/figure>\n<\/div>\n\n\n<p>Detallamos a continuaci\u00f3n la franja etaria que recibir\u00e1 cada Instituci\u00f3n el pr\u00f3ximo a\u00f1o:<\/p>\n\n\n\n<p>CDI Semillitas (Zona Centro). Sala de 2 a\u00f1os: Infancias nacidas entre el 01\/07\/2022 al 30\/06\/2023.<\/p>\n\n\n\n<p>CDI Pichi Ray\u00e9n (Barrio El Arenal). Sala de 1 \u00bd a\u00f1os: Infancias nacidas entre el 01\/07\/2023 al 31\/12\/2024. Sala de 2 a\u00f1os: Infancias nacidas entre el 01\/07\/2022 al 30\/06\/2023.<\/p>\n\n\n\n<p>CDI Aitue (Barrio Cordones del Chapelco). Sala de 2 a\u00f1os: Infancias nacidas entre el 01\/07\/2022 al 30\/06\/2023. Sala de 3 a\u00f1os: Infancias nacidas entre el 01\/07\/2021 al 30\/06\/2022.<\/p>\n\n\n\n<p>La p\u00e1gina donde se realiza la Preinscripci\u00f3n 2025 estar\u00e1 disponible hasta el lunes 2 de diciembre a las 13hs. A cada preinscripci\u00f3n se le otorgar\u00e1 un n\u00famero que ser\u00e1 enviado v\u00eda mail, con el cual participar\u00e1 del sorteo para el orden de ingreso.<\/p>\n\n\n\n<p>Dado que la preinscripci\u00f3n no garantiza la vacante, el mi\u00e9rcoles 4 de diciembre a las 9hs. se realizar\u00e1 el sorteo mediante una plataforma digital, que luego se socializar\u00e1 por las p\u00e1ginas virtuales antes mencionadas.<\/p>\n\n\n\n<p>El sorteo se llevar\u00e1 a cabo en la oficina de la Direcci\u00f3n de Primera Infancia, con la presencia de todas las Jefaturas de \u00c1rea y el Equipo T\u00e9cnico. Posteriormente se confeccionar\u00e1n las planillas correspondientes a cada sala de cada CDI, para luego contactar a las familias.&nbsp;&nbsp;&nbsp;&nbsp;&nbsp;&nbsp;&nbsp;&nbsp;&nbsp;&nbsp;&nbsp;&nbsp;&nbsp;&nbsp;&nbsp;&nbsp;&nbsp;&nbsp;&nbsp;&nbsp;&nbsp;&nbsp;&nbsp;&nbsp;&nbsp;&nbsp;&nbsp;&nbsp;&nbsp;&nbsp;&nbsp;&nbsp;&nbsp;&nbsp;<\/p>\n","protected":false},"excerpt":{"rendered":"<p>Hasta el 2 de diciembre estar\u00e1 abierto el proceso de Preinscripci\u00f3n 2025 a los Centros de Desarrollo Infantil (CDI), dependientes de la Direcci\u00f3n de Primera Infancia del Municipio. Esta instancia no garantiza inscripci\u00f3n directa ya que el mi\u00e9rcoles 4 se realizar\u00e1 el sorteo entre todos los inscriptos. Como en instancias anteriores, la preinscripci\u00f3n es abierta [&hellip;]<\/p>\n","protected":false},"author":2,"featured_media":3929,"comment_status":"closed","ping_status":"open","sticky":false,"template":"","format":"standard","meta":{"footnotes":""},"categories":[16,14],"tags":[],"class_list":{"0":"post-3928","1":"post","2":"type-post","3":"status-publish","4":"format-standard","5":"has-post-thumbnail","7":"category-destacadas","8":"category-noticias"},"_links":{"self":[{"href":"https:\/\/prensa.sma.gob.ar\/index.php?rest_route=\/wp\/v2\/posts\/3928","targetHints":{"allow":["GET"]}}],"collection":[{"href":"https:\/\/prensa.sma.gob.ar\/index.php?rest_route=\/wp\/v2\/posts"}],"about":[{"href":"https:\/\/prensa.sma.gob.ar\/index.php?rest_route=\/wp\/v2\/types\/post"}],"author":[{"embeddable":true,"href":"https:\/\/prensa.sma.gob.ar\/index.php?rest_route=\/wp\/v2\/users\/2"}],"replies":[{"embeddable":true,"href":"https:\/\/prensa.sma.gob.ar\/index.php?rest_route=%2Fwp%2Fv2%2Fcomments&post=3928"}],"version-history":[{"count":2,"href":"https:\/\/prensa.sma.gob.ar\/index.php?rest_route=\/wp\/v2\/posts\/3928\/revisions"}],"predecessor-version":[{"id":3932,"href":"https:\/\/prensa.sma.gob.ar\/index.php?rest_route=\/wp\/v2\/posts\/3928\/revisions\/3932"}],"wp:featuredmedia":[{"embeddable":true,"href":"https:\/\/prensa.sma.gob.ar\/index.php?rest_route=\/wp\/v2\/media\/3929"}],"wp:attachment":[{"href":"https:\/\/prensa.sma.gob.ar\/index.php?rest_route=%2Fwp%2Fv2%2Fmedia&parent=3928"}],"wp:term":[{"taxonomy":"category","embeddable":true,"href":"https:\/\/prensa.sma.gob.ar\/index.php?rest_route=%2Fwp%2Fv2%2Fcategories&post=3928"},{"taxonomy":"post_tag","embeddable":true,"href":"https:\/\/prensa.sma.gob.ar\/index.php?rest_route=%2Fwp%2Fv2%2Ftags&post=3928"}],"curies":[{"name":"wp","href":"https:\/\/api.w.org\/{rel}","templated":true}]}}