{"id":3945,"date":"2024-11-26T02:05:53","date_gmt":"2024-11-26T02:05:53","guid":{"rendered":"https:\/\/prensa.sma.gob.ar\/?p=3945"},"modified":"2024-11-26T02:05:55","modified_gmt":"2024-11-26T02:05:55","slug":"figueroa-saloniti-y-adus-ponen-en-marcha-un-nuevo-modelo-de-financiamiento-a-la-infraestructura","status":"publish","type":"post","link":"https:\/\/prensa.sma.gob.ar\/?p=3945","title":{"rendered":"Figueroa, Saloniti y Adus ponen en marcha un nuevo modelo de financiamiento a la infraestructura"},"content":{"rendered":"\n<p>La provincia de Neuqu\u00e9n y el Municipio de San Mart\u00edn de los Andes firmaron un convenio mediante el cual la Agencia de Desarrollo Urbano Sustentable (ADUS) financiar\u00e1 la instalaci\u00f3n de la red de agua, red el\u00e9ctrica, iluminaci\u00f3n p\u00fablica y otras mejoras necesarias para los 64 lotes que conforman el loteo El Tr\u00e9bol.<\/p>\n\n\n\n<p>Se trata de una experiencia in\u00e9dita hasta ahora, ya que, por primera vez, el ADUS financiar\u00e1 directamente a un municipio para que, a su vez, garantice la concreci\u00f3n de un objetivo de desarrollo territorial. Es un precedente en la articulaci\u00f3n para abordar el d\u00e9ficit de infraestructura en Neuqu\u00e9n.<\/p>\n\n\n\n<p>El convenio, suscripto entre el gobernador Rolando Figueroa, el intendente Carlos Saloniti, el ministro de Infraestructura, Rub\u00e9n Etcheverry y el presidente de IPVU-ADUS, Omar Pablo Dietrich, es un paso significativo para mejorar la calidad de vida de los vecinos de El Tr\u00e9bol, en Kaleuche.<\/p>\n\n\n\n<p>El convenio corona las acciones colectivas de m\u00e1s de 60 familias, las sucesivas reuniones mantenidas con funcionarios municipales, concejales y funcionarios provinciales; el intercambio de preocupaciones y la b\u00fasqueda de soluciones ante una situaci\u00f3n nacional compleja.<\/p>\n\n\n\n<figure class=\"wp-block-gallery has-nested-images columns-default is-cropped wp-block-gallery-1 is-layout-flex wp-block-gallery-is-layout-flex\">\n<figure class=\"wp-block-image size-large\"><img loading=\"lazy\" decoding=\"async\" width=\"1024\" height=\"683\" data-id=\"3947\" src=\"https:\/\/prensa.sma.gob.ar\/wp-content\/uploads\/2024\/11\/WhatsApp-Image-2024-11-25-at-19.23.351-1024x683.jpeg\" alt=\"\" class=\"wp-image-3947\" srcset=\"https:\/\/prensa.sma.gob.ar\/wp-content\/uploads\/2024\/11\/WhatsApp-Image-2024-11-25-at-19.23.351-1024x683.jpeg 1024w, https:\/\/prensa.sma.gob.ar\/wp-content\/uploads\/2024\/11\/WhatsApp-Image-2024-11-25-at-19.23.351-300x200.jpeg 300w, https:\/\/prensa.sma.gob.ar\/wp-content\/uploads\/2024\/11\/WhatsApp-Image-2024-11-25-at-19.23.351-768x512.jpeg 768w, https:\/\/prensa.sma.gob.ar\/wp-content\/uploads\/2024\/11\/WhatsApp-Image-2024-11-25-at-19.23.351-1536x1024.jpeg 1536w, https:\/\/prensa.sma.gob.ar\/wp-content\/uploads\/2024\/11\/WhatsApp-Image-2024-11-25-at-19.23.351-2048x1365.jpeg 2048w, https:\/\/prensa.sma.gob.ar\/wp-content\/uploads\/2024\/11\/WhatsApp-Image-2024-11-25-at-19.23.351-630x420.jpeg 630w, https:\/\/prensa.sma.gob.ar\/wp-content\/uploads\/2024\/11\/WhatsApp-Image-2024-11-25-at-19.23.351-696x464.jpeg 696w, https:\/\/prensa.sma.gob.ar\/wp-content\/uploads\/2024\/11\/WhatsApp-Image-2024-11-25-at-19.23.351-1068x712.jpeg 1068w, https:\/\/prensa.sma.gob.ar\/wp-content\/uploads\/2024\/11\/WhatsApp-Image-2024-11-25-at-19.23.351-1920x1280.jpeg 1920w\" sizes=\"auto, (max-width: 1024px) 100vw, 1024px\" \/><\/figure>\n\n\n\n<figure class=\"wp-block-image size-large\"><img loading=\"lazy\" decoding=\"async\" width=\"1024\" height=\"683\" data-id=\"3948\" src=\"https:\/\/prensa.sma.gob.ar\/wp-content\/uploads\/2024\/11\/WhatsApp-Image-2024-11-25-at-19.23.35-1024x683.jpeg\" alt=\"\" class=\"wp-image-3948\" srcset=\"https:\/\/prensa.sma.gob.ar\/wp-content\/uploads\/2024\/11\/WhatsApp-Image-2024-11-25-at-19.23.35-1024x683.jpeg 1024w, https:\/\/prensa.sma.gob.ar\/wp-content\/uploads\/2024\/11\/WhatsApp-Image-2024-11-25-at-19.23.35-300x200.jpeg 300w, https:\/\/prensa.sma.gob.ar\/wp-content\/uploads\/2024\/11\/WhatsApp-Image-2024-11-25-at-19.23.35-768x512.jpeg 768w, https:\/\/prensa.sma.gob.ar\/wp-content\/uploads\/2024\/11\/WhatsApp-Image-2024-11-25-at-19.23.35-1536x1024.jpeg 1536w, https:\/\/prensa.sma.gob.ar\/wp-content\/uploads\/2024\/11\/WhatsApp-Image-2024-11-25-at-19.23.35-2048x1365.jpeg 2048w, https:\/\/prensa.sma.gob.ar\/wp-content\/uploads\/2024\/11\/WhatsApp-Image-2024-11-25-at-19.23.35-630x420.jpeg 630w, https:\/\/prensa.sma.gob.ar\/wp-content\/uploads\/2024\/11\/WhatsApp-Image-2024-11-25-at-19.23.35-696x464.jpeg 696w, https:\/\/prensa.sma.gob.ar\/wp-content\/uploads\/2024\/11\/WhatsApp-Image-2024-11-25-at-19.23.35-1068x712.jpeg 1068w, https:\/\/prensa.sma.gob.ar\/wp-content\/uploads\/2024\/11\/WhatsApp-Image-2024-11-25-at-19.23.35-1920x1280.jpeg 1920w\" sizes=\"auto, (max-width: 1024px) 100vw, 1024px\" \/><\/figure>\n\n\n\n<figure class=\"wp-block-image size-large\"><img loading=\"lazy\" decoding=\"async\" width=\"1024\" height=\"683\" data-id=\"3949\" src=\"https:\/\/prensa.sma.gob.ar\/wp-content\/uploads\/2024\/11\/WhatsApp-Image-2024-11-25-at-19.23.342-1024x683.jpeg\" alt=\"\" class=\"wp-image-3949\" srcset=\"https:\/\/prensa.sma.gob.ar\/wp-content\/uploads\/2024\/11\/WhatsApp-Image-2024-11-25-at-19.23.342-1024x683.jpeg 1024w, https:\/\/prensa.sma.gob.ar\/wp-content\/uploads\/2024\/11\/WhatsApp-Image-2024-11-25-at-19.23.342-300x200.jpeg 300w, https:\/\/prensa.sma.gob.ar\/wp-content\/uploads\/2024\/11\/WhatsApp-Image-2024-11-25-at-19.23.342-768x512.jpeg 768w, https:\/\/prensa.sma.gob.ar\/wp-content\/uploads\/2024\/11\/WhatsApp-Image-2024-11-25-at-19.23.342-1536x1024.jpeg 1536w, https:\/\/prensa.sma.gob.ar\/wp-content\/uploads\/2024\/11\/WhatsApp-Image-2024-11-25-at-19.23.342-2048x1365.jpeg 2048w, https:\/\/prensa.sma.gob.ar\/wp-content\/uploads\/2024\/11\/WhatsApp-Image-2024-11-25-at-19.23.342-630x420.jpeg 630w, https:\/\/prensa.sma.gob.ar\/wp-content\/uploads\/2024\/11\/WhatsApp-Image-2024-11-25-at-19.23.342-696x464.jpeg 696w, https:\/\/prensa.sma.gob.ar\/wp-content\/uploads\/2024\/11\/WhatsApp-Image-2024-11-25-at-19.23.342-1068x712.jpeg 1068w, https:\/\/prensa.sma.gob.ar\/wp-content\/uploads\/2024\/11\/WhatsApp-Image-2024-11-25-at-19.23.342-1920x1280.jpeg 1920w\" sizes=\"auto, (max-width: 1024px) 100vw, 1024px\" \/><\/figure>\n<\/figure>\n\n\n\n<p>En los \u00faltimos d\u00edas, y tras el aval del Concejo deliberante, el intendente Saloniti gestion\u00f3 ante ADUS el financiamiento para determinadas obras en El Tr\u00e9bol, donde las familias ya tienen su lote y necesitan poner en marcha los servicios que luego permitan la construcci\u00f3n de sus viviendas.<\/p>\n\n\n\n<p>Una de las particularidades de este convenio es que el ADUS acept\u00f3 la iniciativa del Municipio de ser contrayente del aporte financiero y cumplir con la funci\u00f3n del organismo ejecutor mientras que la Agencia ocupar\u00eda el lugar de organismo financiador.<\/p>\n\n\n\n<p>Otro hito destacable en este proceso fue la sesi\u00f3n del Concejo Deliberante del 14 de noviembre pasado, en la que el Legislativo comunal autoriz\u00f3 al Ejecutivo a llevar adelante las gestiones para las obras de servicios esenciales y accesibilidad, afectando como garant\u00eda de pagos recursos participables.<\/p>\n\n\n\n<p>El acuerdo firmado este lunes en Neuqu\u00e9n establece que ADUS financiar\u00e1 \u201cred de agua; red el\u00e9ctrica de media y baja tensi\u00f3n; iluminaci\u00f3n p\u00fablica y caminer\u00eda\u201d por un monto de 485.000.000 de pesos, los vecinos, a trav\u00e9s del Municipio, restituir\u00e1n a ADUS en 36 cuotas.<\/p>\n\n\n\n<figure class=\"wp-block-gallery has-nested-images columns-default is-cropped wp-block-gallery-2 is-layout-flex wp-block-gallery-is-layout-flex\">\n<figure class=\"wp-block-image size-large\"><img loading=\"lazy\" decoding=\"async\" width=\"1024\" height=\"683\" data-id=\"3955\" src=\"https:\/\/prensa.sma.gob.ar\/wp-content\/uploads\/2024\/11\/WhatsApp-Image-2024-11-25-at-19.23.32-1024x683.jpeg\" alt=\"\" class=\"wp-image-3955\" srcset=\"https:\/\/prensa.sma.gob.ar\/wp-content\/uploads\/2024\/11\/WhatsApp-Image-2024-11-25-at-19.23.32-1024x683.jpeg 1024w, https:\/\/prensa.sma.gob.ar\/wp-content\/uploads\/2024\/11\/WhatsApp-Image-2024-11-25-at-19.23.32-300x200.jpeg 300w, https:\/\/prensa.sma.gob.ar\/wp-content\/uploads\/2024\/11\/WhatsApp-Image-2024-11-25-at-19.23.32-768x512.jpeg 768w, https:\/\/prensa.sma.gob.ar\/wp-content\/uploads\/2024\/11\/WhatsApp-Image-2024-11-25-at-19.23.32-1536x1024.jpeg 1536w, https:\/\/prensa.sma.gob.ar\/wp-content\/uploads\/2024\/11\/WhatsApp-Image-2024-11-25-at-19.23.32-2048x1365.jpeg 2048w, https:\/\/prensa.sma.gob.ar\/wp-content\/uploads\/2024\/11\/WhatsApp-Image-2024-11-25-at-19.23.32-630x420.jpeg 630w, https:\/\/prensa.sma.gob.ar\/wp-content\/uploads\/2024\/11\/WhatsApp-Image-2024-11-25-at-19.23.32-696x464.jpeg 696w, https:\/\/prensa.sma.gob.ar\/wp-content\/uploads\/2024\/11\/WhatsApp-Image-2024-11-25-at-19.23.32-1068x712.jpeg 1068w, https:\/\/prensa.sma.gob.ar\/wp-content\/uploads\/2024\/11\/WhatsApp-Image-2024-11-25-at-19.23.32-1920x1280.jpeg 1920w\" sizes=\"auto, (max-width: 1024px) 100vw, 1024px\" \/><\/figure>\n\n\n\n<figure class=\"wp-block-image size-large\"><img loading=\"lazy\" decoding=\"async\" width=\"1024\" height=\"683\" data-id=\"3954\" src=\"https:\/\/prensa.sma.gob.ar\/wp-content\/uploads\/2024\/11\/WhatsApp-Image-2024-11-25-at-19.23.321-1024x683.jpeg\" alt=\"\" class=\"wp-image-3954\" srcset=\"https:\/\/prensa.sma.gob.ar\/wp-content\/uploads\/2024\/11\/WhatsApp-Image-2024-11-25-at-19.23.321-1024x683.jpeg 1024w, https:\/\/prensa.sma.gob.ar\/wp-content\/uploads\/2024\/11\/WhatsApp-Image-2024-11-25-at-19.23.321-300x200.jpeg 300w, https:\/\/prensa.sma.gob.ar\/wp-content\/uploads\/2024\/11\/WhatsApp-Image-2024-11-25-at-19.23.321-768x512.jpeg 768w, https:\/\/prensa.sma.gob.ar\/wp-content\/uploads\/2024\/11\/WhatsApp-Image-2024-11-25-at-19.23.321-1536x1024.jpeg 1536w, https:\/\/prensa.sma.gob.ar\/wp-content\/uploads\/2024\/11\/WhatsApp-Image-2024-11-25-at-19.23.321-2048x1365.jpeg 2048w, https:\/\/prensa.sma.gob.ar\/wp-content\/uploads\/2024\/11\/WhatsApp-Image-2024-11-25-at-19.23.321-630x420.jpeg 630w, https:\/\/prensa.sma.gob.ar\/wp-content\/uploads\/2024\/11\/WhatsApp-Image-2024-11-25-at-19.23.321-696x464.jpeg 696w, https:\/\/prensa.sma.gob.ar\/wp-content\/uploads\/2024\/11\/WhatsApp-Image-2024-11-25-at-19.23.321-1068x712.jpeg 1068w, https:\/\/prensa.sma.gob.ar\/wp-content\/uploads\/2024\/11\/WhatsApp-Image-2024-11-25-at-19.23.321-1920x1280.jpeg 1920w\" sizes=\"auto, (max-width: 1024px) 100vw, 1024px\" \/><\/figure>\n\n\n\n<figure class=\"wp-block-image size-large\"><img loading=\"lazy\" decoding=\"async\" width=\"1024\" height=\"683\" data-id=\"3953\" src=\"https:\/\/prensa.sma.gob.ar\/wp-content\/uploads\/2024\/11\/WhatsApp-Image-2024-11-25-at-19.23.33-1024x683.jpeg\" alt=\"\" class=\"wp-image-3953\" srcset=\"https:\/\/prensa.sma.gob.ar\/wp-content\/uploads\/2024\/11\/WhatsApp-Image-2024-11-25-at-19.23.33-1024x683.jpeg 1024w, https:\/\/prensa.sma.gob.ar\/wp-content\/uploads\/2024\/11\/WhatsApp-Image-2024-11-25-at-19.23.33-300x200.jpeg 300w, https:\/\/prensa.sma.gob.ar\/wp-content\/uploads\/2024\/11\/WhatsApp-Image-2024-11-25-at-19.23.33-768x512.jpeg 768w, https:\/\/prensa.sma.gob.ar\/wp-content\/uploads\/2024\/11\/WhatsApp-Image-2024-11-25-at-19.23.33-1536x1024.jpeg 1536w, https:\/\/prensa.sma.gob.ar\/wp-content\/uploads\/2024\/11\/WhatsApp-Image-2024-11-25-at-19.23.33-2048x1365.jpeg 2048w, https:\/\/prensa.sma.gob.ar\/wp-content\/uploads\/2024\/11\/WhatsApp-Image-2024-11-25-at-19.23.33-630x420.jpeg 630w, https:\/\/prensa.sma.gob.ar\/wp-content\/uploads\/2024\/11\/WhatsApp-Image-2024-11-25-at-19.23.33-696x464.jpeg 696w, https:\/\/prensa.sma.gob.ar\/wp-content\/uploads\/2024\/11\/WhatsApp-Image-2024-11-25-at-19.23.33-1068x712.jpeg 1068w, https:\/\/prensa.sma.gob.ar\/wp-content\/uploads\/2024\/11\/WhatsApp-Image-2024-11-25-at-19.23.33-1920x1280.jpeg 1920w\" sizes=\"auto, (max-width: 1024px) 100vw, 1024px\" \/><\/figure>\n<\/figure>\n\n\n\n<p>El Gobernador Figueroa se\u00f1al\u00f3 que \u201ces la primera vez que desde el ADUS se financia directamente a un municipio. Tenemos un gran d\u00e9ficit de infraestructura, por eso es muy importante trabajar con los municipios para poder solucionar esta problem\u00e1tica\u201d.<\/p>\n\n\n\n<p>El mandatario provincial adelant\u00f3 que \u201ceste puntapi\u00e9 inicial que hemos dado en San Mart\u00edn de los Andes lo vamos a realizar, seguramente, con otros municipios\u201d. Se presenta \u201ccomo un modelo a replicar en otras localidades de la provincia, fomentando el desarrollo equitativo y la descentralizaci\u00f3n en la gesti\u00f3n de obras p\u00fablicas\u201d.<\/p>\n\n\n\n<p>Tras la firma del convenio, el intendente Saloniti se\u00f1al\u00f3 que \u00ablas necesidades de nuestras vecinas y vecinos son muchas, pero eso no nos ha paralizado. Por el contrario, seguimos gestionando, viajando a Neuqu\u00e9n las veces que sean necesarias hasta encontrar soluciones, porque estamos convencidos de que el gobierno provincial est\u00e1 con San Mart\u00edn de los Andes\u00bb.<\/p>\n","protected":false},"excerpt":{"rendered":"<p>La provincia de Neuqu\u00e9n y el Municipio de San Mart\u00edn de los Andes firmaron un convenio mediante el cual la Agencia de Desarrollo Urbano Sustentable (ADUS) financiar\u00e1 la instalaci\u00f3n de la red de agua, red el\u00e9ctrica, iluminaci\u00f3n p\u00fablica y otras mejoras necesarias para los 64 lotes que conforman el loteo El Tr\u00e9bol. Se trata de [&hellip;]<\/p>\n","protected":false},"author":2,"featured_media":3956,"comment_status":"closed","ping_status":"open","sticky":false,"template":"","format":"standard","meta":{"footnotes":""},"categories":[16,14,17,37],"tags":[],"class_list":{"0":"post-3945","1":"post","2":"type-post","3":"status-publish","4":"format-standard","5":"has-post-thumbnail","7":"category-destacadas","8":"category-noticias","9":"category-portada","10":"category-vivienda"},"_links":{"self":[{"href":"https:\/\/prensa.sma.gob.ar\/index.php?rest_route=\/wp\/v2\/posts\/3945","targetHints":{"allow":["GET"]}}],"collection":[{"href":"https:\/\/prensa.sma.gob.ar\/index.php?rest_route=\/wp\/v2\/posts"}],"about":[{"href":"https:\/\/prensa.sma.gob.ar\/index.php?rest_route=\/wp\/v2\/types\/post"}],"author":[{"embeddable":true,"href":"https:\/\/prensa.sma.gob.ar\/index.php?rest_route=\/wp\/v2\/users\/2"}],"replies":[{"embeddable":true,"href":"https:\/\/prensa.sma.gob.ar\/index.php?rest_route=%2Fwp%2Fv2%2Fcomments&post=3945"}],"version-history":[{"count":1,"href":"https:\/\/prensa.sma.gob.ar\/index.php?rest_route=\/wp\/v2\/posts\/3945\/revisions"}],"predecessor-version":[{"id":3957,"href":"https:\/\/prensa.sma.gob.ar\/index.php?rest_route=\/wp\/v2\/posts\/3945\/revisions\/3957"}],"wp:featuredmedia":[{"embeddable":true,"href":"https:\/\/prensa.sma.gob.ar\/index.php?rest_route=\/wp\/v2\/media\/3956"}],"wp:attachment":[{"href":"https:\/\/prensa.sma.gob.ar\/index.php?rest_route=%2Fwp%2Fv2%2Fmedia&parent=3945"}],"wp:term":[{"taxonomy":"category","embeddable":true,"href":"https:\/\/prensa.sma.gob.ar\/index.php?rest_route=%2Fwp%2Fv2%2Fcategories&post=3945"},{"taxonomy":"post_tag","embeddable":true,"href":"https:\/\/prensa.sma.gob.ar\/index.php?rest_route=%2Fwp%2Fv2%2Ftags&post=3945"}],"curies":[{"name":"wp","href":"https:\/\/api.w.org\/{rel}","templated":true}]}}