{"id":3972,"date":"2024-11-27T14:52:02","date_gmt":"2024-11-27T14:52:02","guid":{"rendered":"https:\/\/prensa.sma.gob.ar\/?p=3972"},"modified":"2024-11-27T17:13:04","modified_gmt":"2024-11-27T17:13:04","slug":"el-municipio-y-saem-incorporan-propuestas-para-mejorar-el-servicio-de-estacionamiento-medido","status":"publish","type":"post","link":"https:\/\/prensa.sma.gob.ar\/?p=3972","title":{"rendered":"El Municipio y SAEM incorporan propuestas para mejorar el servicio de estacionamiento medido"},"content":{"rendered":"\n<p><\/p>\n\n\n\n<p>El intendente municipal, Carlos Saloniti, y los directivos de la empresa SAEM consideraron y acordaron de manera conjunta iniciativas que buscan mejorar el servicio de estacionamiento medido en San Mart\u00edn de los Andes.<\/p>\n\n\n\n<p>Durante encuentros realizados en la ciudad de Neuqu\u00e9n, de los que participaron el jefe comunal, el gerente general de SAEM, Daniel Albi, y los propietarios de la empresa, se evaluaron varias propuestas presentadas durante las \u00faltimas semanas por vecinas y vecinos y por concejales, surgidas del di\u00e1logo respetuoso y de la b\u00fasqueda de consensos.<\/p>\n\n\n\n<p>El Municipio y SAEM entendieron que, habiendo transcurrido un tiempo desde la implementaci\u00f3n del sistema, se propician modificaciones, por los pr\u00f3ximos 12 meses, para facilitar la adaptaci\u00f3n de la comunidad a la nueva modalidad de estacionamiento, cuya finalidad \u00faltima es el mejoramiento y seguridad vial en la ciudad.<\/p>\n\n\n\n<p>Entre las modificaciones acordadas para su implementaci\u00f3n por un periodo un a\u00f1o, a partir del 1 de diciembre de 2024, que ser\u00e1n puestas a consideraci\u00f3n del Concejo Deliberante, se encuentran:<\/p>\n\n\n\n<p>\u2022 Reducci\u00f3n del horario de cobro del servicio de estacionamiento medido, que durante 2025 operar\u00e1 de lunes a viernes de 08:00 a 18:00 hs. y s\u00e1bados de 8.00 a 13:00.<\/p>\n\n\n\n<p>\u2022 La tarifa del servicio de estacionamiento medido se actualizar\u00e1 cada dos meses, bas\u00e1ndose en el \u00cdndice de Precios al Consumidor de Neuqu\u00e9n (IPC NQN), lo que permitir\u00e1 adecuar los valores a la evoluci\u00f3n econ\u00f3mica regional.<\/p>\n\n\n\n<p>\u2022 Se introducir\u00e1 como m\u00e9todo de pago la opci\u00f3n de tarjeta manual denominada \u201ctarjeta raspadita\u201d de una hora, como alternativa para quienes prefieran sistemas de pago m\u00e1s tradicionales.<\/p>\n\n\n\n<p>\u2022 Tambi\u00e9n ratificaron el tiempo de cortes\u00eda y la bonificaci\u00f3n para veh\u00edculos radicados en la ciudad de San Mart\u00edn de los Andes y la tarifa fija mensual (abono) para los frentistas.<\/p>\n\n\n\n<p>Tras la firma del acuerdo, el intendente Saloniti agradeci\u00f3 la predisposici\u00f3n de la empresa, el acompa\u00f1amiento de los concejales de diferentes bloques y las propuestas hechas llegar por vecinos, ratificando las v\u00edas del di\u00e1logo, la escucha y el respeto.<\/p>\n","protected":false},"excerpt":{"rendered":"<p>El intendente municipal, Carlos Saloniti, y los directivos de la empresa SAEM consideraron y acordaron de manera conjunta iniciativas que buscan mejorar el servicio de estacionamiento medido en San Mart\u00edn de los Andes. Durante encuentros realizados en la ciudad de Neuqu\u00e9n, de los que participaron el jefe comunal, el gerente general de SAEM, Daniel Albi, [&hellip;]<\/p>\n","protected":false},"author":2,"featured_media":3973,"comment_status":"closed","ping_status":"open","sticky":false,"template":"","format":"standard","meta":{"footnotes":""},"categories":[16,14,17],"tags":[],"class_list":{"0":"post-3972","1":"post","2":"type-post","3":"status-publish","4":"format-standard","5":"has-post-thumbnail","7":"category-destacadas","8":"category-noticias","9":"category-portada"},"_links":{"self":[{"href":"https:\/\/prensa.sma.gob.ar\/index.php?rest_route=\/wp\/v2\/posts\/3972","targetHints":{"allow":["GET"]}}],"collection":[{"href":"https:\/\/prensa.sma.gob.ar\/index.php?rest_route=\/wp\/v2\/posts"}],"about":[{"href":"https:\/\/prensa.sma.gob.ar\/index.php?rest_route=\/wp\/v2\/types\/post"}],"author":[{"embeddable":true,"href":"https:\/\/prensa.sma.gob.ar\/index.php?rest_route=\/wp\/v2\/users\/2"}],"replies":[{"embeddable":true,"href":"https:\/\/prensa.sma.gob.ar\/index.php?rest_route=%2Fwp%2Fv2%2Fcomments&post=3972"}],"version-history":[{"count":1,"href":"https:\/\/prensa.sma.gob.ar\/index.php?rest_route=\/wp\/v2\/posts\/3972\/revisions"}],"predecessor-version":[{"id":3974,"href":"https:\/\/prensa.sma.gob.ar\/index.php?rest_route=\/wp\/v2\/posts\/3972\/revisions\/3974"}],"wp:featuredmedia":[{"embeddable":true,"href":"https:\/\/prensa.sma.gob.ar\/index.php?rest_route=\/wp\/v2\/media\/3973"}],"wp:attachment":[{"href":"https:\/\/prensa.sma.gob.ar\/index.php?rest_route=%2Fwp%2Fv2%2Fmedia&parent=3972"}],"wp:term":[{"taxonomy":"category","embeddable":true,"href":"https:\/\/prensa.sma.gob.ar\/index.php?rest_route=%2Fwp%2Fv2%2Fcategories&post=3972"},{"taxonomy":"post_tag","embeddable":true,"href":"https:\/\/prensa.sma.gob.ar\/index.php?rest_route=%2Fwp%2Fv2%2Ftags&post=3972"}],"curies":[{"name":"wp","href":"https:\/\/api.w.org\/{rel}","templated":true}]}}