{"id":403,"date":"2024-06-14T17:58:32","date_gmt":"2024-06-14T17:58:32","guid":{"rendered":"https:\/\/prensa.sma.gob.ar\/?p=403"},"modified":"2024-06-17T02:50:16","modified_gmt":"2024-06-17T02:50:16","slug":"los-beneficiarios-de-las-becas-gregorio-alvarez-recibiran-la-notificacion-personalizada","status":"publish","type":"post","link":"https:\/\/prensa.sma.gob.ar\/?p=403","title":{"rendered":"Los beneficiarios de las becas Gregorio \u00c1lvarez recibir\u00e1n la notificaci\u00f3n personalizada"},"content":{"rendered":"\n<p>El Ministerio de Educaci\u00f3n de la Provincia de Neuqu\u00e9n inform\u00f3 que, a partir de este mes, la comunicaci\u00f3n a beneficiarios de las becas estudiantiles Gregorio \u00c1lvarez se realizar\u00e1 directamente a cada becario al mail declarado en la inscripci\u00f3n.<\/p>\n\n\n\n<p>La comunicaci\u00f3n sobre asignaciones, beneficio y novedades se realizar\u00e1 por correo, inclusive los avisos de que deben ir al banco a cobrar o retirar la tarjeta correspondiente. El Ministerio aclar\u00f3 que no habr\u00e1 publicaci\u00f3n de listados.<\/p>\n\n\n\n<p>El Ministerio se\u00f1al\u00f3 que este mes se sumaron 2005 becarios m\u00e1s, cifra que eleva la cantidad de beneficiarios a 12.427. Agreg\u00f3 que queda un peque\u00f1o grupo para terminar de asignar las becas ordinarias Gregorio \u00c1lvarez.<\/p>\n","protected":false},"excerpt":{"rendered":"<p>El Ministerio de Educaci\u00f3n de la Provincia de Neuqu\u00e9n inform\u00f3 que, a partir de este mes, la comunicaci\u00f3n a beneficiarios de las becas estudiantiles Gregorio \u00c1lvarez se realizar\u00e1 directamente a cada becario al mail declarado en la inscripci\u00f3n. La comunicaci\u00f3n sobre asignaciones, beneficio y novedades se realizar\u00e1 por correo, inclusive los avisos de que deben [&hellip;]<\/p>\n","protected":false},"author":1,"featured_media":406,"comment_status":"closed","ping_status":"open","sticky":false,"template":"","format":"standard","meta":{"footnotes":""},"categories":[16,9,14,17],"tags":[],"class_list":{"0":"post-403","1":"post","2":"type-post","3":"status-publish","4":"format-standard","5":"has-post-thumbnail","7":"category-destacadas","8":"category-educacion","9":"category-noticias","10":"category-portada"},"_links":{"self":[{"href":"https:\/\/prensa.sma.gob.ar\/index.php?rest_route=\/wp\/v2\/posts\/403","targetHints":{"allow":["GET"]}}],"collection":[{"href":"https:\/\/prensa.sma.gob.ar\/index.php?rest_route=\/wp\/v2\/posts"}],"about":[{"href":"https:\/\/prensa.sma.gob.ar\/index.php?rest_route=\/wp\/v2\/types\/post"}],"author":[{"embeddable":true,"href":"https:\/\/prensa.sma.gob.ar\/index.php?rest_route=\/wp\/v2\/users\/1"}],"replies":[{"embeddable":true,"href":"https:\/\/prensa.sma.gob.ar\/index.php?rest_route=%2Fwp%2Fv2%2Fcomments&post=403"}],"version-history":[{"count":1,"href":"https:\/\/prensa.sma.gob.ar\/index.php?rest_route=\/wp\/v2\/posts\/403\/revisions"}],"predecessor-version":[{"id":405,"href":"https:\/\/prensa.sma.gob.ar\/index.php?rest_route=\/wp\/v2\/posts\/403\/revisions\/405"}],"wp:featuredmedia":[{"embeddable":true,"href":"https:\/\/prensa.sma.gob.ar\/index.php?rest_route=\/wp\/v2\/media\/406"}],"wp:attachment":[{"href":"https:\/\/prensa.sma.gob.ar\/index.php?rest_route=%2Fwp%2Fv2%2Fmedia&parent=403"}],"wp:term":[{"taxonomy":"category","embeddable":true,"href":"https:\/\/prensa.sma.gob.ar\/index.php?rest_route=%2Fwp%2Fv2%2Fcategories&post=403"},{"taxonomy":"post_tag","embeddable":true,"href":"https:\/\/prensa.sma.gob.ar\/index.php?rest_route=%2Fwp%2Fv2%2Ftags&post=403"}],"curies":[{"name":"wp","href":"https:\/\/api.w.org\/{rel}","templated":true}]}}