{"id":4045,"date":"2024-12-02T16:13:19","date_gmt":"2024-12-02T16:13:19","guid":{"rendered":"https:\/\/prensa.sma.gob.ar\/?p=4045"},"modified":"2024-12-02T16:13:21","modified_gmt":"2024-12-02T16:13:21","slug":"vecinas-y-vecinos-de-los-barrios-procrear-y-balconada-eligieron-su-junta-vecinal","status":"publish","type":"post","link":"https:\/\/prensa.sma.gob.ar\/?p=4045","title":{"rendered":"Vecinas y vecinos de los barrios Procrear y Balconada eligieron su junta vecinal"},"content":{"rendered":"\n<p>Con el apoyo del 54.8% del padr\u00f3n electoral de la Zona VII de Cordones del Chapelco, los barrios Procrear y Balconada eligieron su primera Comisi\u00f3n Vecinal.<\/p>\n\n\n\n<p>La elecci\u00f3n se realiz\u00f3 este domingo 1 de diciembre, como estaba previsto, entre las 11 y las 14, en la vivienda de la vecina In\u00e9s Hainard, ubicada en Reina Mora 116.<\/p>\n\n\n\n<p>La electa Comisi\u00f3n Vecinal est\u00e1 integrada en los cargos titulares por Maggie Romero, Omar Trovato, Ignacio Mart\u00edn Bravo, Anabella Rodr\u00edguez y Mar\u00eda In\u00e9s Moya.<\/p>\n\n\n\n<p>Esta es la cuarta de las siete comisiones vecinales en las que se agrup\u00f3 la zona de Cordones del Chapelco, decisi\u00f3n tomada por el Municipio que busca ampliar la participaci\u00f3n y atender las necesidades de los nuevos barrios.<\/p>\n\n\n\n<p>La elecci\u00f3n de este domingo fue fiscalizada por M\u00f3nica Castresana y Adri\u00e1n Vella, de la Zona VII; y Laura Baroni y Mara Cabrera, por el consejo de juntas vecinales. La jornada estuvo presidida por la subsecretaria de Juntas Vecinales, Irina Allegri, y la log\u00edstica y coordinaci\u00f3n general a cargo de la jefa del \u00e1rea, Lorena Gonz\u00e1lez.<\/p>\n\n\n\n<p><\/p>\n","protected":false},"excerpt":{"rendered":"<p>Con el apoyo del 54.8% del padr\u00f3n electoral de la Zona VII de Cordones del Chapelco, los barrios Procrear y Balconada eligieron su primera Comisi\u00f3n Vecinal. La elecci\u00f3n se realiz\u00f3 este domingo 1 de diciembre, como estaba previsto, entre las 11 y las 14, en la vivienda de la vecina In\u00e9s Hainard, ubicada en Reina [&hellip;]<\/p>\n","protected":false},"author":1,"featured_media":4046,"comment_status":"closed","ping_status":"open","sticky":false,"template":"","format":"standard","meta":{"footnotes":""},"categories":[16,39,14],"tags":[],"class_list":{"0":"post-4045","1":"post","2":"type-post","3":"status-publish","4":"format-standard","5":"has-post-thumbnail","7":"category-destacadas","8":"category-subs-juntas-vecinales","9":"category-noticias"},"_links":{"self":[{"href":"https:\/\/prensa.sma.gob.ar\/index.php?rest_route=\/wp\/v2\/posts\/4045","targetHints":{"allow":["GET"]}}],"collection":[{"href":"https:\/\/prensa.sma.gob.ar\/index.php?rest_route=\/wp\/v2\/posts"}],"about":[{"href":"https:\/\/prensa.sma.gob.ar\/index.php?rest_route=\/wp\/v2\/types\/post"}],"author":[{"embeddable":true,"href":"https:\/\/prensa.sma.gob.ar\/index.php?rest_route=\/wp\/v2\/users\/1"}],"replies":[{"embeddable":true,"href":"https:\/\/prensa.sma.gob.ar\/index.php?rest_route=%2Fwp%2Fv2%2Fcomments&post=4045"}],"version-history":[{"count":1,"href":"https:\/\/prensa.sma.gob.ar\/index.php?rest_route=\/wp\/v2\/posts\/4045\/revisions"}],"predecessor-version":[{"id":4047,"href":"https:\/\/prensa.sma.gob.ar\/index.php?rest_route=\/wp\/v2\/posts\/4045\/revisions\/4047"}],"wp:featuredmedia":[{"embeddable":true,"href":"https:\/\/prensa.sma.gob.ar\/index.php?rest_route=\/wp\/v2\/media\/4046"}],"wp:attachment":[{"href":"https:\/\/prensa.sma.gob.ar\/index.php?rest_route=%2Fwp%2Fv2%2Fmedia&parent=4045"}],"wp:term":[{"taxonomy":"category","embeddable":true,"href":"https:\/\/prensa.sma.gob.ar\/index.php?rest_route=%2Fwp%2Fv2%2Fcategories&post=4045"},{"taxonomy":"post_tag","embeddable":true,"href":"https:\/\/prensa.sma.gob.ar\/index.php?rest_route=%2Fwp%2Fv2%2Ftags&post=4045"}],"curies":[{"name":"wp","href":"https:\/\/api.w.org\/{rel}","templated":true}]}}