{"id":4048,"date":"2024-12-02T16:43:31","date_gmt":"2024-12-02T16:43:31","guid":{"rendered":"https:\/\/prensa.sma.gob.ar\/?p=4048"},"modified":"2024-12-02T16:43:32","modified_gmt":"2024-12-02T16:43:32","slug":"realizan-el-empadronamiento-para-participar-de-la-eleccion-de-la-junta-vecinal-del-centro","status":"publish","type":"post","link":"https:\/\/prensa.sma.gob.ar\/?p=4048","title":{"rendered":"Realizan el empadronamiento para participar de la elecci\u00f3n de la Junta Vecinal del Centro"},"content":{"rendered":"\n<p>El s\u00e1bado 30 se realiz\u00f3 una reuni\u00f3n con vecinas y vecinos de la Junta Vecinal del Centro interesadas en el proceso de actualizaci\u00f3n de padrones vecinales, plazos y actos administrativos necesarios para finalmente realizar las elecciones.<\/p>\n\n\n\n<p>La jurisdicci\u00f3n abarca desde el Cerro Comandante D\u00edaz hasta el Cerro Curruhuinca y desde el Lago Lacar hasta el barrio El Arenal.<\/p>\n\n\n\n<p>Para poder empadronarse es necesario presentarse con DNI y un servicio a nombre del vecino o vecina, contrato de alquiler u otra documentaci\u00f3n donde conste el domicilio de la zona centro, f\u00edsico o digital.<\/p>\n\n\n\n<p>Los pr\u00f3ximos d\u00edas y lugares para empadronarse son:<br>Mi\u00e9rcoles 4\/12 19hs a 21hs en la Biblioteca 9 de Julio<br>Mi\u00e9rcoles 11\/12 11hs a 13hs en la Subsecretaria de juntas vecinales<br>Mi\u00e9rcoles 11\/12 19hs a 21hs en la Biblioteca 9 de Julio<br>S\u00e1bado 14\/12 lugar y horario a confirmar<br>Mi\u00e9rcoles 18\/12 11hs a 13hs en la Subsecretaria de juntas vecinales<br>Mi\u00e9rcoles 18\/12 19hs a 21hs en la Biblioteca 9 de Julio<br>S\u00e1bado 21\/12 lugar y horario a confirmar.<\/p>\n\n\n\n<p>Por consultas pueden comunicarse al 427315 int 273 o a los contactos de vecinos autoconvocados: juntavecinaldelcentro<\/p>\n\n\n\n<p>@gmail.com o al celular 2944- 702260<\/p>\n","protected":false},"excerpt":{"rendered":"<p>El s\u00e1bado 30 se realiz\u00f3 una reuni\u00f3n con vecinas y vecinos de la Junta Vecinal del Centro interesadas en el proceso de actualizaci\u00f3n de padrones vecinales, plazos y actos administrativos necesarios para finalmente realizar las elecciones. La jurisdicci\u00f3n abarca desde el Cerro Comandante D\u00edaz hasta el Cerro Curruhuinca y desde el Lago Lacar hasta el [&hellip;]<\/p>\n","protected":false},"author":1,"featured_media":4049,"comment_status":"closed","ping_status":"open","sticky":false,"template":"","format":"standard","meta":{"footnotes":""},"categories":[16,39,14],"tags":[],"class_list":{"0":"post-4048","1":"post","2":"type-post","3":"status-publish","4":"format-standard","5":"has-post-thumbnail","7":"category-destacadas","8":"category-subs-juntas-vecinales","9":"category-noticias"},"_links":{"self":[{"href":"https:\/\/prensa.sma.gob.ar\/index.php?rest_route=\/wp\/v2\/posts\/4048","targetHints":{"allow":["GET"]}}],"collection":[{"href":"https:\/\/prensa.sma.gob.ar\/index.php?rest_route=\/wp\/v2\/posts"}],"about":[{"href":"https:\/\/prensa.sma.gob.ar\/index.php?rest_route=\/wp\/v2\/types\/post"}],"author":[{"embeddable":true,"href":"https:\/\/prensa.sma.gob.ar\/index.php?rest_route=\/wp\/v2\/users\/1"}],"replies":[{"embeddable":true,"href":"https:\/\/prensa.sma.gob.ar\/index.php?rest_route=%2Fwp%2Fv2%2Fcomments&post=4048"}],"version-history":[{"count":1,"href":"https:\/\/prensa.sma.gob.ar\/index.php?rest_route=\/wp\/v2\/posts\/4048\/revisions"}],"predecessor-version":[{"id":4050,"href":"https:\/\/prensa.sma.gob.ar\/index.php?rest_route=\/wp\/v2\/posts\/4048\/revisions\/4050"}],"wp:featuredmedia":[{"embeddable":true,"href":"https:\/\/prensa.sma.gob.ar\/index.php?rest_route=\/wp\/v2\/media\/4049"}],"wp:attachment":[{"href":"https:\/\/prensa.sma.gob.ar\/index.php?rest_route=%2Fwp%2Fv2%2Fmedia&parent=4048"}],"wp:term":[{"taxonomy":"category","embeddable":true,"href":"https:\/\/prensa.sma.gob.ar\/index.php?rest_route=%2Fwp%2Fv2%2Fcategories&post=4048"},{"taxonomy":"post_tag","embeddable":true,"href":"https:\/\/prensa.sma.gob.ar\/index.php?rest_route=%2Fwp%2Fv2%2Ftags&post=4048"}],"curies":[{"name":"wp","href":"https:\/\/api.w.org\/{rel}","templated":true}]}}