{"id":4054,"date":"2024-12-03T15:52:18","date_gmt":"2024-12-03T15:52:18","guid":{"rendered":"https:\/\/prensa.sma.gob.ar\/?p=4054"},"modified":"2024-12-03T15:52:20","modified_gmt":"2024-12-03T15:52:20","slug":"el-municipio-culmino-las-tareas-de-refaccion-y-readecuacion-en-la-planta-de-campamento-no-10-chachin","status":"publish","type":"post","link":"https:\/\/prensa.sma.gob.ar\/?p=4054","title":{"rendered":"El Municipio culmin\u00f3 las tareas de refacci\u00f3n y readecuaci\u00f3n en la Planta de Campamento N\u00ba 10 Chachin"},"content":{"rendered":"\n<p>Los trabajos contemplaron la readecuaci\u00f3n de instalaci\u00f3n de gas, agua y electricidad; reemplazo de calefactores; instalaci\u00f3n de torre para tanques de reserva; reemplazo de tanque de reserva en toma de agua y reubicaci\u00f3n de cocina a gas.<\/p>\n\n\n\n<p>La Direcci\u00f3n General de Mantenimiento inform\u00f3 que tambi\u00e9n se realiz\u00f3 la instalaci\u00f3n de campana y conductos y la colocaci\u00f3n de chapas pintadas de revestimiento en cocina, entre otras tareas.<\/p>\n\n\n\n<p>Este lunes ingres\u00f3 un grupo de alumnos de la localidad de Centenario que ten\u00eda reservada la fecha para su viaje de estudio.<\/p>\n\n\n\n<figure class=\"wp-block-gallery has-nested-images columns-default is-cropped wp-block-gallery-1 is-layout-flex wp-block-gallery-is-layout-flex\">\n<figure class=\"wp-block-image size-large\"><img loading=\"lazy\" decoding=\"async\" width=\"768\" height=\"1024\" data-id=\"4056\" src=\"https:\/\/prensa.sma.gob.ar\/wp-content\/uploads\/2024\/12\/CHACHIN-2-768x1024.jpg\" alt=\"\" class=\"wp-image-4056\" srcset=\"https:\/\/prensa.sma.gob.ar\/wp-content\/uploads\/2024\/12\/CHACHIN-2-768x1024.jpg 768w, https:\/\/prensa.sma.gob.ar\/wp-content\/uploads\/2024\/12\/CHACHIN-2-225x300.jpg 225w, https:\/\/prensa.sma.gob.ar\/wp-content\/uploads\/2024\/12\/CHACHIN-2-1152x1536.jpg 1152w, https:\/\/prensa.sma.gob.ar\/wp-content\/uploads\/2024\/12\/CHACHIN-2-315x420.jpg 315w, https:\/\/prensa.sma.gob.ar\/wp-content\/uploads\/2024\/12\/CHACHIN-2-696x928.jpg 696w, https:\/\/prensa.sma.gob.ar\/wp-content\/uploads\/2024\/12\/CHACHIN-2-1068x1424.jpg 1068w, https:\/\/prensa.sma.gob.ar\/wp-content\/uploads\/2024\/12\/CHACHIN-2.jpg 1200w\" sizes=\"auto, (max-width: 768px) 100vw, 768px\" \/><\/figure>\n\n\n\n<figure class=\"wp-block-image size-large\"><img loading=\"lazy\" decoding=\"async\" width=\"768\" height=\"1024\" data-id=\"4057\" src=\"https:\/\/prensa.sma.gob.ar\/wp-content\/uploads\/2024\/12\/CHACHIN-3-768x1024.jpg\" alt=\"\" class=\"wp-image-4057\" srcset=\"https:\/\/prensa.sma.gob.ar\/wp-content\/uploads\/2024\/12\/CHACHIN-3-768x1024.jpg 768w, https:\/\/prensa.sma.gob.ar\/wp-content\/uploads\/2024\/12\/CHACHIN-3-225x300.jpg 225w, https:\/\/prensa.sma.gob.ar\/wp-content\/uploads\/2024\/12\/CHACHIN-3-1152x1536.jpg 1152w, https:\/\/prensa.sma.gob.ar\/wp-content\/uploads\/2024\/12\/CHACHIN-3-315x420.jpg 315w, https:\/\/prensa.sma.gob.ar\/wp-content\/uploads\/2024\/12\/CHACHIN-3-696x928.jpg 696w, https:\/\/prensa.sma.gob.ar\/wp-content\/uploads\/2024\/12\/CHACHIN-3-1068x1424.jpg 1068w, https:\/\/prensa.sma.gob.ar\/wp-content\/uploads\/2024\/12\/CHACHIN-3.jpg 1200w\" sizes=\"auto, (max-width: 768px) 100vw, 768px\" \/><\/figure>\n\n\n\n<figure class=\"wp-block-image size-large\"><img loading=\"lazy\" decoding=\"async\" width=\"768\" height=\"1024\" data-id=\"4058\" src=\"https:\/\/prensa.sma.gob.ar\/wp-content\/uploads\/2024\/12\/CHACHIN-4-768x1024.jpg\" alt=\"\" class=\"wp-image-4058\" srcset=\"https:\/\/prensa.sma.gob.ar\/wp-content\/uploads\/2024\/12\/CHACHIN-4-768x1024.jpg 768w, https:\/\/prensa.sma.gob.ar\/wp-content\/uploads\/2024\/12\/CHACHIN-4-225x300.jpg 225w, https:\/\/prensa.sma.gob.ar\/wp-content\/uploads\/2024\/12\/CHACHIN-4-1152x1536.jpg 1152w, https:\/\/prensa.sma.gob.ar\/wp-content\/uploads\/2024\/12\/CHACHIN-4-315x420.jpg 315w, https:\/\/prensa.sma.gob.ar\/wp-content\/uploads\/2024\/12\/CHACHIN-4-696x928.jpg 696w, https:\/\/prensa.sma.gob.ar\/wp-content\/uploads\/2024\/12\/CHACHIN-4-1068x1424.jpg 1068w, https:\/\/prensa.sma.gob.ar\/wp-content\/uploads\/2024\/12\/CHACHIN-4.jpg 1200w\" sizes=\"auto, (max-width: 768px) 100vw, 768px\" \/><\/figure>\n\n\n\n<figure class=\"wp-block-image size-large\"><img loading=\"lazy\" decoding=\"async\" width=\"768\" height=\"1024\" data-id=\"4059\" src=\"https:\/\/prensa.sma.gob.ar\/wp-content\/uploads\/2024\/12\/CHACHIN-5-768x1024.jpg\" alt=\"\" class=\"wp-image-4059\" srcset=\"https:\/\/prensa.sma.gob.ar\/wp-content\/uploads\/2024\/12\/CHACHIN-5-768x1024.jpg 768w, https:\/\/prensa.sma.gob.ar\/wp-content\/uploads\/2024\/12\/CHACHIN-5-225x300.jpg 225w, https:\/\/prensa.sma.gob.ar\/wp-content\/uploads\/2024\/12\/CHACHIN-5-1152x1536.jpg 1152w, https:\/\/prensa.sma.gob.ar\/wp-content\/uploads\/2024\/12\/CHACHIN-5-315x420.jpg 315w, https:\/\/prensa.sma.gob.ar\/wp-content\/uploads\/2024\/12\/CHACHIN-5-696x928.jpg 696w, https:\/\/prensa.sma.gob.ar\/wp-content\/uploads\/2024\/12\/CHACHIN-5-1068x1424.jpg 1068w, https:\/\/prensa.sma.gob.ar\/wp-content\/uploads\/2024\/12\/CHACHIN-5.jpg 1200w\" sizes=\"auto, (max-width: 768px) 100vw, 768px\" \/><\/figure>\n\n\n\n<figure class=\"wp-block-image size-large\"><img loading=\"lazy\" decoding=\"async\" width=\"1024\" height=\"768\" data-id=\"4060\" src=\"https:\/\/prensa.sma.gob.ar\/wp-content\/uploads\/2024\/12\/CHACHIN-1024x768.jpg\" alt=\"\" class=\"wp-image-4060\" srcset=\"https:\/\/prensa.sma.gob.ar\/wp-content\/uploads\/2024\/12\/CHACHIN-1024x768.jpg 1024w, https:\/\/prensa.sma.gob.ar\/wp-content\/uploads\/2024\/12\/CHACHIN-300x225.jpg 300w, https:\/\/prensa.sma.gob.ar\/wp-content\/uploads\/2024\/12\/CHACHIN-768x576.jpg 768w, https:\/\/prensa.sma.gob.ar\/wp-content\/uploads\/2024\/12\/CHACHIN-1536x1152.jpg 1536w, https:\/\/prensa.sma.gob.ar\/wp-content\/uploads\/2024\/12\/CHACHIN-560x420.jpg 560w, https:\/\/prensa.sma.gob.ar\/wp-content\/uploads\/2024\/12\/CHACHIN-80x60.jpg 80w, https:\/\/prensa.sma.gob.ar\/wp-content\/uploads\/2024\/12\/CHACHIN-696x522.jpg 696w, https:\/\/prensa.sma.gob.ar\/wp-content\/uploads\/2024\/12\/CHACHIN-1068x801.jpg 1068w, https:\/\/prensa.sma.gob.ar\/wp-content\/uploads\/2024\/12\/CHACHIN.jpg 1600w\" sizes=\"auto, (max-width: 1024px) 100vw, 1024px\" \/><\/figure>\n<\/figure>\n","protected":false},"excerpt":{"rendered":"<p>Los trabajos contemplaron la readecuaci\u00f3n de instalaci\u00f3n de gas, agua y electricidad; reemplazo de calefactores; instalaci\u00f3n de torre para tanques de reserva; reemplazo de tanque de reserva en toma de agua y reubicaci\u00f3n de cocina a gas. La Direcci\u00f3n General de Mantenimiento inform\u00f3 que tambi\u00e9n se realiz\u00f3 la instalaci\u00f3n de campana y conductos y la [&hellip;]<\/p>\n","protected":false},"author":1,"featured_media":4055,"comment_status":"closed","ping_status":"open","sticky":false,"template":"","format":"standard","meta":{"footnotes":""},"categories":[16,14],"tags":[],"class_list":{"0":"post-4054","1":"post","2":"type-post","3":"status-publish","4":"format-standard","5":"has-post-thumbnail","7":"category-destacadas","8":"category-noticias"},"_links":{"self":[{"href":"https:\/\/prensa.sma.gob.ar\/index.php?rest_route=\/wp\/v2\/posts\/4054","targetHints":{"allow":["GET"]}}],"collection":[{"href":"https:\/\/prensa.sma.gob.ar\/index.php?rest_route=\/wp\/v2\/posts"}],"about":[{"href":"https:\/\/prensa.sma.gob.ar\/index.php?rest_route=\/wp\/v2\/types\/post"}],"author":[{"embeddable":true,"href":"https:\/\/prensa.sma.gob.ar\/index.php?rest_route=\/wp\/v2\/users\/1"}],"replies":[{"embeddable":true,"href":"https:\/\/prensa.sma.gob.ar\/index.php?rest_route=%2Fwp%2Fv2%2Fcomments&post=4054"}],"version-history":[{"count":1,"href":"https:\/\/prensa.sma.gob.ar\/index.php?rest_route=\/wp\/v2\/posts\/4054\/revisions"}],"predecessor-version":[{"id":4061,"href":"https:\/\/prensa.sma.gob.ar\/index.php?rest_route=\/wp\/v2\/posts\/4054\/revisions\/4061"}],"wp:featuredmedia":[{"embeddable":true,"href":"https:\/\/prensa.sma.gob.ar\/index.php?rest_route=\/wp\/v2\/media\/4055"}],"wp:attachment":[{"href":"https:\/\/prensa.sma.gob.ar\/index.php?rest_route=%2Fwp%2Fv2%2Fmedia&parent=4054"}],"wp:term":[{"taxonomy":"category","embeddable":true,"href":"https:\/\/prensa.sma.gob.ar\/index.php?rest_route=%2Fwp%2Fv2%2Fcategories&post=4054"},{"taxonomy":"post_tag","embeddable":true,"href":"https:\/\/prensa.sma.gob.ar\/index.php?rest_route=%2Fwp%2Fv2%2Ftags&post=4054"}],"curies":[{"name":"wp","href":"https:\/\/api.w.org\/{rel}","templated":true}]}}