{"id":4062,"date":"2024-12-04T01:38:27","date_gmt":"2024-12-04T01:38:27","guid":{"rendered":"https:\/\/prensa.sma.gob.ar\/?p=4062"},"modified":"2024-12-04T02:49:32","modified_gmt":"2024-12-04T02:49:32","slug":"autorizan-el-uso-del-terreno-definitivo-para-la-disposicion-y-tratamiento-de-barros","status":"publish","type":"post","link":"https:\/\/prensa.sma.gob.ar\/?p=4062","title":{"rendered":"Autorizan el uso del terreno definitivo para la disposici\u00f3n y tratamiento de barros"},"content":{"rendered":"\n<p>La Secretar\u00eda de Ambiente de la Provincia autoriz\u00f3 a la Municipalidad de San Mart\u00edn a dar inicio a la disposici\u00f3n y el tratamiento de los barros que son extra\u00eddos de las plantas de tratamiento de efluentes cloacales en el sitio definitivo.<\/p>\n\n\n\n<p>La repartici\u00f3n provincial aval\u00f3 el informe t\u00e9cnico elaborado por la Direcci\u00f3n Provincial de Ambiente y Desarrollo Sostenible en el que \u201cse considera apropiado que se autorice la disposici\u00f3n de barros provenientes de las plantas de tratamiento de efluentes cloacales de la localidad, en el sitio definitivo para su tratamiento\u201d.<\/p>\n\n\n\n<p>El reporte t\u00e9cnico aval\u00f3 las obras realizadas recientemente por el Municipio para mejorar las condiciones de impermeabilizaci\u00f3n del terreno, sumadas a los trabajos previos que hab\u00edan permitido brindar capacidad portante a la estructura montada en el sitio definitivo.<\/p>\n\n\n\n<p>La Secretar\u00eda de Ambiente inform\u00f3 adem\u00e1s de esta autorizaci\u00f3n a la Cooperativa de Agua Potable y Saneamiento de San Mart\u00edn de los Andes, por ser responsable de la operaci\u00f3n de las plantas de tratamiento.<\/p>\n\n\n\n<p>El \u00e1rea de implantaci\u00f3n del sitio definitivo tiene una superficie total de 5,5 hect\u00e1reas y es parte del convenio celebrado entre la Estancia Chapelco S.A. y la Municipalidad de San Mart\u00edn de los Andes, bajo Ordenanza Municipal 13437 del a\u00f1o 2021.<\/p>\n\n\n\n<p>El acuerdo, firmado en diciembre de 2021 entre el intendente Saloniti y Jorge Taylor, presidente de la empresa, prev\u00e9 la utilizaci\u00f3n de tierras privadas para el tratamiento y la disposici\u00f3n de barro proveniente de las plantas de tratamiento de efluentes cloacales de nuestra ciudad.<\/p>\n\n\n\n<p>Se trata de una parte del lote identificado como T6 Nomenclatura Catastral 15-RR-023-7530-0000, cuyas caracter\u00edsticas fueron relevadas y evaluadas oportunamente por el Organismo de Control Municipal, la Subsecretar\u00eda de Ambiente de la Provincia y la Direcci\u00f3n Municipal de Catastro.<\/p>\n\n\n\n<figure class=\"wp-block-gallery has-nested-images columns-default is-cropped wp-block-gallery-1 is-layout-flex wp-block-gallery-is-layout-flex\">\n<figure class=\"wp-block-image size-large\"><img loading=\"lazy\" decoding=\"async\" width=\"1024\" height=\"576\" data-id=\"4073\" src=\"https:\/\/prensa.sma.gob.ar\/wp-content\/uploads\/2024\/12\/WhatsApp-Image-2024-12-03-at-15.22.22-1024x576.jpeg\" alt=\"\" class=\"wp-image-4073\" srcset=\"https:\/\/prensa.sma.gob.ar\/wp-content\/uploads\/2024\/12\/WhatsApp-Image-2024-12-03-at-15.22.22-1024x576.jpeg 1024w, https:\/\/prensa.sma.gob.ar\/wp-content\/uploads\/2024\/12\/WhatsApp-Image-2024-12-03-at-15.22.22-300x169.jpeg 300w, https:\/\/prensa.sma.gob.ar\/wp-content\/uploads\/2024\/12\/WhatsApp-Image-2024-12-03-at-15.22.22-768x432.jpeg 768w, https:\/\/prensa.sma.gob.ar\/wp-content\/uploads\/2024\/12\/WhatsApp-Image-2024-12-03-at-15.22.22-1536x864.jpeg 1536w, https:\/\/prensa.sma.gob.ar\/wp-content\/uploads\/2024\/12\/WhatsApp-Image-2024-12-03-at-15.22.22-747x420.jpeg 747w, https:\/\/prensa.sma.gob.ar\/wp-content\/uploads\/2024\/12\/WhatsApp-Image-2024-12-03-at-15.22.22-696x392.jpeg 696w, https:\/\/prensa.sma.gob.ar\/wp-content\/uploads\/2024\/12\/WhatsApp-Image-2024-12-03-at-15.22.22-1068x601.jpeg 1068w, https:\/\/prensa.sma.gob.ar\/wp-content\/uploads\/2024\/12\/WhatsApp-Image-2024-12-03-at-15.22.22.jpeg 1600w\" sizes=\"auto, (max-width: 1024px) 100vw, 1024px\" \/><\/figure>\n\n\n\n<figure class=\"wp-block-image size-large\"><img loading=\"lazy\" decoding=\"async\" width=\"1024\" height=\"576\" data-id=\"4072\" src=\"https:\/\/prensa.sma.gob.ar\/wp-content\/uploads\/2024\/12\/WhatsApp-Image-2024-12-03-at-15.22.23-1024x576.jpeg\" alt=\"\" class=\"wp-image-4072\" srcset=\"https:\/\/prensa.sma.gob.ar\/wp-content\/uploads\/2024\/12\/WhatsApp-Image-2024-12-03-at-15.22.23-1024x576.jpeg 1024w, https:\/\/prensa.sma.gob.ar\/wp-content\/uploads\/2024\/12\/WhatsApp-Image-2024-12-03-at-15.22.23-300x169.jpeg 300w, https:\/\/prensa.sma.gob.ar\/wp-content\/uploads\/2024\/12\/WhatsApp-Image-2024-12-03-at-15.22.23-768x432.jpeg 768w, https:\/\/prensa.sma.gob.ar\/wp-content\/uploads\/2024\/12\/WhatsApp-Image-2024-12-03-at-15.22.23-1536x864.jpeg 1536w, https:\/\/prensa.sma.gob.ar\/wp-content\/uploads\/2024\/12\/WhatsApp-Image-2024-12-03-at-15.22.23-747x420.jpeg 747w, https:\/\/prensa.sma.gob.ar\/wp-content\/uploads\/2024\/12\/WhatsApp-Image-2024-12-03-at-15.22.23-696x392.jpeg 696w, https:\/\/prensa.sma.gob.ar\/wp-content\/uploads\/2024\/12\/WhatsApp-Image-2024-12-03-at-15.22.23-1068x601.jpeg 1068w, https:\/\/prensa.sma.gob.ar\/wp-content\/uploads\/2024\/12\/WhatsApp-Image-2024-12-03-at-15.22.23.jpeg 1600w\" sizes=\"auto, (max-width: 1024px) 100vw, 1024px\" \/><\/figure>\n\n\n\n<figure class=\"wp-block-image size-large\"><img loading=\"lazy\" decoding=\"async\" width=\"1024\" height=\"570\" data-id=\"4071\" src=\"https:\/\/prensa.sma.gob.ar\/wp-content\/uploads\/2024\/12\/WhatsApp-Image-2024-12-03-at-15.22.24-1024x570.jpeg\" alt=\"\" class=\"wp-image-4071\" srcset=\"https:\/\/prensa.sma.gob.ar\/wp-content\/uploads\/2024\/12\/WhatsApp-Image-2024-12-03-at-15.22.24-1024x570.jpeg 1024w, https:\/\/prensa.sma.gob.ar\/wp-content\/uploads\/2024\/12\/WhatsApp-Image-2024-12-03-at-15.22.24-300x167.jpeg 300w, https:\/\/prensa.sma.gob.ar\/wp-content\/uploads\/2024\/12\/WhatsApp-Image-2024-12-03-at-15.22.24-768x428.jpeg 768w, https:\/\/prensa.sma.gob.ar\/wp-content\/uploads\/2024\/12\/WhatsApp-Image-2024-12-03-at-15.22.24-1536x855.jpeg 1536w, https:\/\/prensa.sma.gob.ar\/wp-content\/uploads\/2024\/12\/WhatsApp-Image-2024-12-03-at-15.22.24-754x420.jpeg 754w, https:\/\/prensa.sma.gob.ar\/wp-content\/uploads\/2024\/12\/WhatsApp-Image-2024-12-03-at-15.22.24-696x388.jpeg 696w, https:\/\/prensa.sma.gob.ar\/wp-content\/uploads\/2024\/12\/WhatsApp-Image-2024-12-03-at-15.22.24-1068x595.jpeg 1068w, https:\/\/prensa.sma.gob.ar\/wp-content\/uploads\/2024\/12\/WhatsApp-Image-2024-12-03-at-15.22.24.jpeg 1600w\" sizes=\"auto, (max-width: 1024px) 100vw, 1024px\" \/><\/figure>\n<\/figure>\n\n\n\n<p>\u00ab<strong>Es momento de agradecer y reconocer tanto trabajo<\/strong>\u00ab<\/p>\n\n\n\n<p>El sitio definitivo fue recorrido este martes por el intendente Carlos Saloniti; el secretario de Gobierno, Federico Vita; la coordinadora de la Unidad Ejecutora de Obras Espec\u00edficas, Romina Schenk; y el director del Organismo de Control, Sa\u00fal Casta\u00f1eda.<\/p>\n\n\n\n<p>El intendente Saloniti explic\u00f3 que \u201ca partir de ahora, la Cooperativa podr\u00e1 disponer en este sitio de los barros\u201d y destac\u00f3 que \u201cesto es fruto de mucho trabajo y de muchas gestiones\u201d. En ese sentido, agradeci\u00f3 a la \u201cSecretar\u00eda de Ambiente y a su responsable, Leticia Est\u00e9vez, no solo en la parte t\u00e9cnica sino tambi\u00e9n para acompa\u00f1ar con la parte financiera\u201d.<\/p>\n\n\n\n<p>\u201cLos vecinos de San Mart\u00edn deben saber que detr\u00e1s de esto hay mucho trabajo y que San Mart\u00edn de los Andes es lo que es por estas exigencias ambientales. Tenemos un est\u00e1ndar ambiental alto, que otras ciudades no tienen, pero que finalmente redunda en un hecho concreto de cuidado de ambiente\u201d, se\u00f1al\u00f3.<\/p>\n\n\n\n<p>Tras recordar que la provincia y el Municipio trabajan para dotar a la Cooperativa de Agua y Saneamiento de una bomba por m\u00e1s de 53 millones de pesos y en la compra de l\u00e1mparas necesarias para el proceso de tratamiento de efluentes, Saloniti se\u00f1al\u00f3 que \u201cnecesitamos seguir trabajando con la Cooperativa, con la Provincia, con el organismo de control y con todas las \u00e1reas municipales\u201d.<\/p>\n\n\n\n<p>\u201cLuego habr\u00e1 que seguir trabajando para conseguir los fondos para ampliar el sitio de barros y para que se dispongan como establece la ley y en cumplimiento de todas las normas\u201d, afirm\u00f3 el jefe comunal, y concluy\u00f3 que \u201choy es momento de agradecer y de reconocer todo el trabajo\u201d.<\/p>\n\n\n\n<p>Saloniti tambi\u00e9n agradeci\u00f3 \u201ca Jorge Taylor y a su familia porque \u00e9l decidi\u00f3 colaborar con la ciudad. El uso de estas cinco hect\u00e1reas tienen que ver con esos acuerdos, que le dan previsibilidad no s\u00f3lo a este gobierno municipal sino a los gobiernos que vengan\u201d.<\/p>\n\n\n\n<figure class=\"wp-block-gallery has-nested-images columns-default is-cropped wp-block-gallery-2 is-layout-flex wp-block-gallery-is-layout-flex\">\n<figure class=\"wp-block-image size-large\"><img loading=\"lazy\" decoding=\"async\" width=\"1024\" height=\"576\" data-id=\"4076\" src=\"https:\/\/prensa.sma.gob.ar\/wp-content\/uploads\/2024\/12\/WhatsApp-Image-2024-12-03-at-15.22.18-1024x576.jpeg\" alt=\"\" class=\"wp-image-4076\" srcset=\"https:\/\/prensa.sma.gob.ar\/wp-content\/uploads\/2024\/12\/WhatsApp-Image-2024-12-03-at-15.22.18-1024x576.jpeg 1024w, https:\/\/prensa.sma.gob.ar\/wp-content\/uploads\/2024\/12\/WhatsApp-Image-2024-12-03-at-15.22.18-300x169.jpeg 300w, https:\/\/prensa.sma.gob.ar\/wp-content\/uploads\/2024\/12\/WhatsApp-Image-2024-12-03-at-15.22.18-768x432.jpeg 768w, https:\/\/prensa.sma.gob.ar\/wp-content\/uploads\/2024\/12\/WhatsApp-Image-2024-12-03-at-15.22.18-1536x864.jpeg 1536w, https:\/\/prensa.sma.gob.ar\/wp-content\/uploads\/2024\/12\/WhatsApp-Image-2024-12-03-at-15.22.18-747x420.jpeg 747w, https:\/\/prensa.sma.gob.ar\/wp-content\/uploads\/2024\/12\/WhatsApp-Image-2024-12-03-at-15.22.18-696x392.jpeg 696w, https:\/\/prensa.sma.gob.ar\/wp-content\/uploads\/2024\/12\/WhatsApp-Image-2024-12-03-at-15.22.18-1068x601.jpeg 1068w, https:\/\/prensa.sma.gob.ar\/wp-content\/uploads\/2024\/12\/WhatsApp-Image-2024-12-03-at-15.22.18.jpeg 1600w\" sizes=\"auto, (max-width: 1024px) 100vw, 1024px\" \/><\/figure>\n\n\n\n<figure class=\"wp-block-image size-large\"><img loading=\"lazy\" decoding=\"async\" width=\"1024\" height=\"576\" data-id=\"4075\" src=\"https:\/\/prensa.sma.gob.ar\/wp-content\/uploads\/2024\/12\/WhatsApp-Image-2024-12-03-at-15.22.18-1-1024x576.jpeg\" alt=\"\" class=\"wp-image-4075\" srcset=\"https:\/\/prensa.sma.gob.ar\/wp-content\/uploads\/2024\/12\/WhatsApp-Image-2024-12-03-at-15.22.18-1-1024x576.jpeg 1024w, https:\/\/prensa.sma.gob.ar\/wp-content\/uploads\/2024\/12\/WhatsApp-Image-2024-12-03-at-15.22.18-1-300x169.jpeg 300w, https:\/\/prensa.sma.gob.ar\/wp-content\/uploads\/2024\/12\/WhatsApp-Image-2024-12-03-at-15.22.18-1-768x432.jpeg 768w, https:\/\/prensa.sma.gob.ar\/wp-content\/uploads\/2024\/12\/WhatsApp-Image-2024-12-03-at-15.22.18-1-1536x864.jpeg 1536w, https:\/\/prensa.sma.gob.ar\/wp-content\/uploads\/2024\/12\/WhatsApp-Image-2024-12-03-at-15.22.18-1-747x420.jpeg 747w, https:\/\/prensa.sma.gob.ar\/wp-content\/uploads\/2024\/12\/WhatsApp-Image-2024-12-03-at-15.22.18-1-696x392.jpeg 696w, https:\/\/prensa.sma.gob.ar\/wp-content\/uploads\/2024\/12\/WhatsApp-Image-2024-12-03-at-15.22.18-1-1068x601.jpeg 1068w, https:\/\/prensa.sma.gob.ar\/wp-content\/uploads\/2024\/12\/WhatsApp-Image-2024-12-03-at-15.22.18-1.jpeg 1600w\" sizes=\"auto, (max-width: 1024px) 100vw, 1024px\" \/><\/figure>\n\n\n\n<figure class=\"wp-block-image size-large\"><img loading=\"lazy\" decoding=\"async\" width=\"1024\" height=\"576\" data-id=\"4074\" src=\"https:\/\/prensa.sma.gob.ar\/wp-content\/uploads\/2024\/12\/WhatsApp-Image-2024-12-03-at-15.22.21-1024x576.jpeg\" alt=\"\" class=\"wp-image-4074\" srcset=\"https:\/\/prensa.sma.gob.ar\/wp-content\/uploads\/2024\/12\/WhatsApp-Image-2024-12-03-at-15.22.21-1024x576.jpeg 1024w, https:\/\/prensa.sma.gob.ar\/wp-content\/uploads\/2024\/12\/WhatsApp-Image-2024-12-03-at-15.22.21-300x169.jpeg 300w, https:\/\/prensa.sma.gob.ar\/wp-content\/uploads\/2024\/12\/WhatsApp-Image-2024-12-03-at-15.22.21-768x432.jpeg 768w, https:\/\/prensa.sma.gob.ar\/wp-content\/uploads\/2024\/12\/WhatsApp-Image-2024-12-03-at-15.22.21-1536x864.jpeg 1536w, https:\/\/prensa.sma.gob.ar\/wp-content\/uploads\/2024\/12\/WhatsApp-Image-2024-12-03-at-15.22.21-747x420.jpeg 747w, https:\/\/prensa.sma.gob.ar\/wp-content\/uploads\/2024\/12\/WhatsApp-Image-2024-12-03-at-15.22.21-696x392.jpeg 696w, https:\/\/prensa.sma.gob.ar\/wp-content\/uploads\/2024\/12\/WhatsApp-Image-2024-12-03-at-15.22.21-1068x601.jpeg 1068w, https:\/\/prensa.sma.gob.ar\/wp-content\/uploads\/2024\/12\/WhatsApp-Image-2024-12-03-at-15.22.21.jpeg 1600w\" sizes=\"auto, (max-width: 1024px) 100vw, 1024px\" \/><\/figure>\n<\/figure>\n\n\n\n<p>La resoluci\u00f3n t\u00e9cnica, emitida este martes, recuerda que el Municipio hab\u00eda realizado obras para preparar el terreno, desmontar y colocar material calc\u00e1reo compactado. Un posterior informe de la Direcci\u00f3n Provincial de Vialidad sugiri\u00f3 mejorar la capa impermeable, hecho que se concret\u00f3 con trabajos recientes.<\/p>\n\n\n\n<p>A partir de aquel informe, la Municipalidad llev\u00f3 a cabo las obras necesarias para readecuar 2300 m2 correspondientes a una parte de la zona 1, con las caracter\u00edsticas necesarias para que sea impermeable, y evitar de esta forma posibles infiltraciones.<\/p>\n\n\n\n<p>El informe tambi\u00e9n destaca que \u201cla Municipalidad inform\u00f3 que, frente a la potencial generaci\u00f3n de lixiviados, teniendo en cuenta el aporte de lluvias y nevadas, se realiz\u00f3 un zanjeo lateral para conducir los l\u00edquidos a una pileta construida con una capacidad para 35.000 litros, que se encuentra impermeabilizada\u201d.<\/p>\n\n\n\n<figure class=\"wp-block-gallery has-nested-images columns-default is-cropped wp-block-gallery-3 is-layout-flex wp-block-gallery-is-layout-flex\">\n<figure class=\"wp-block-image size-large\"><img loading=\"lazy\" decoding=\"async\" width=\"1024\" height=\"576\" data-id=\"4069\" src=\"https:\/\/prensa.sma.gob.ar\/wp-content\/uploads\/2024\/12\/WhatsApp-Image-2024-12-03-at-15.22.26-1024x576.jpeg\" alt=\"\" class=\"wp-image-4069\" srcset=\"https:\/\/prensa.sma.gob.ar\/wp-content\/uploads\/2024\/12\/WhatsApp-Image-2024-12-03-at-15.22.26-1024x576.jpeg 1024w, https:\/\/prensa.sma.gob.ar\/wp-content\/uploads\/2024\/12\/WhatsApp-Image-2024-12-03-at-15.22.26-300x169.jpeg 300w, https:\/\/prensa.sma.gob.ar\/wp-content\/uploads\/2024\/12\/WhatsApp-Image-2024-12-03-at-15.22.26-768x432.jpeg 768w, https:\/\/prensa.sma.gob.ar\/wp-content\/uploads\/2024\/12\/WhatsApp-Image-2024-12-03-at-15.22.26-1536x864.jpeg 1536w, https:\/\/prensa.sma.gob.ar\/wp-content\/uploads\/2024\/12\/WhatsApp-Image-2024-12-03-at-15.22.26-747x420.jpeg 747w, https:\/\/prensa.sma.gob.ar\/wp-content\/uploads\/2024\/12\/WhatsApp-Image-2024-12-03-at-15.22.26-696x392.jpeg 696w, https:\/\/prensa.sma.gob.ar\/wp-content\/uploads\/2024\/12\/WhatsApp-Image-2024-12-03-at-15.22.26-1068x601.jpeg 1068w, https:\/\/prensa.sma.gob.ar\/wp-content\/uploads\/2024\/12\/WhatsApp-Image-2024-12-03-at-15.22.26.jpeg 1600w\" sizes=\"auto, (max-width: 1024px) 100vw, 1024px\" \/><\/figure>\n\n\n\n<figure class=\"wp-block-image size-large\"><img loading=\"lazy\" decoding=\"async\" width=\"1024\" height=\"576\" data-id=\"4068\" src=\"https:\/\/prensa.sma.gob.ar\/wp-content\/uploads\/2024\/12\/WhatsApp-Image-2024-12-03-at-15.22.29-1024x576.jpeg\" alt=\"\" class=\"wp-image-4068\" srcset=\"https:\/\/prensa.sma.gob.ar\/wp-content\/uploads\/2024\/12\/WhatsApp-Image-2024-12-03-at-15.22.29-1024x576.jpeg 1024w, https:\/\/prensa.sma.gob.ar\/wp-content\/uploads\/2024\/12\/WhatsApp-Image-2024-12-03-at-15.22.29-300x169.jpeg 300w, https:\/\/prensa.sma.gob.ar\/wp-content\/uploads\/2024\/12\/WhatsApp-Image-2024-12-03-at-15.22.29-768x432.jpeg 768w, https:\/\/prensa.sma.gob.ar\/wp-content\/uploads\/2024\/12\/WhatsApp-Image-2024-12-03-at-15.22.29-1536x864.jpeg 1536w, https:\/\/prensa.sma.gob.ar\/wp-content\/uploads\/2024\/12\/WhatsApp-Image-2024-12-03-at-15.22.29-747x420.jpeg 747w, https:\/\/prensa.sma.gob.ar\/wp-content\/uploads\/2024\/12\/WhatsApp-Image-2024-12-03-at-15.22.29-696x392.jpeg 696w, https:\/\/prensa.sma.gob.ar\/wp-content\/uploads\/2024\/12\/WhatsApp-Image-2024-12-03-at-15.22.29-1068x601.jpeg 1068w, https:\/\/prensa.sma.gob.ar\/wp-content\/uploads\/2024\/12\/WhatsApp-Image-2024-12-03-at-15.22.29.jpeg 1600w\" sizes=\"auto, (max-width: 1024px) 100vw, 1024px\" \/><\/figure>\n\n\n\n<figure class=\"wp-block-image size-large\"><img loading=\"lazy\" decoding=\"async\" width=\"1024\" height=\"576\" data-id=\"4067\" src=\"https:\/\/prensa.sma.gob.ar\/wp-content\/uploads\/2024\/12\/WhatsApp-Image-2024-12-03-at-15.22.31-1024x576.jpeg\" alt=\"\" class=\"wp-image-4067\" srcset=\"https:\/\/prensa.sma.gob.ar\/wp-content\/uploads\/2024\/12\/WhatsApp-Image-2024-12-03-at-15.22.31-1024x576.jpeg 1024w, https:\/\/prensa.sma.gob.ar\/wp-content\/uploads\/2024\/12\/WhatsApp-Image-2024-12-03-at-15.22.31-300x169.jpeg 300w, https:\/\/prensa.sma.gob.ar\/wp-content\/uploads\/2024\/12\/WhatsApp-Image-2024-12-03-at-15.22.31-768x432.jpeg 768w, https:\/\/prensa.sma.gob.ar\/wp-content\/uploads\/2024\/12\/WhatsApp-Image-2024-12-03-at-15.22.31-1536x864.jpeg 1536w, https:\/\/prensa.sma.gob.ar\/wp-content\/uploads\/2024\/12\/WhatsApp-Image-2024-12-03-at-15.22.31-747x420.jpeg 747w, https:\/\/prensa.sma.gob.ar\/wp-content\/uploads\/2024\/12\/WhatsApp-Image-2024-12-03-at-15.22.31-696x392.jpeg 696w, https:\/\/prensa.sma.gob.ar\/wp-content\/uploads\/2024\/12\/WhatsApp-Image-2024-12-03-at-15.22.31-1068x601.jpeg 1068w, https:\/\/prensa.sma.gob.ar\/wp-content\/uploads\/2024\/12\/WhatsApp-Image-2024-12-03-at-15.22.31.jpeg 1600w\" sizes=\"auto, (max-width: 1024px) 100vw, 1024px\" \/><\/figure>\n\n\n\n<figure class=\"wp-block-image size-large\"><img loading=\"lazy\" decoding=\"async\" width=\"1024\" height=\"576\" data-id=\"4066\" src=\"https:\/\/prensa.sma.gob.ar\/wp-content\/uploads\/2024\/12\/WhatsApp-Image-2024-12-03-at-15.22.32-1024x576.jpeg\" alt=\"\" class=\"wp-image-4066\" srcset=\"https:\/\/prensa.sma.gob.ar\/wp-content\/uploads\/2024\/12\/WhatsApp-Image-2024-12-03-at-15.22.32-1024x576.jpeg 1024w, https:\/\/prensa.sma.gob.ar\/wp-content\/uploads\/2024\/12\/WhatsApp-Image-2024-12-03-at-15.22.32-300x169.jpeg 300w, https:\/\/prensa.sma.gob.ar\/wp-content\/uploads\/2024\/12\/WhatsApp-Image-2024-12-03-at-15.22.32-768x432.jpeg 768w, https:\/\/prensa.sma.gob.ar\/wp-content\/uploads\/2024\/12\/WhatsApp-Image-2024-12-03-at-15.22.32-1536x864.jpeg 1536w, https:\/\/prensa.sma.gob.ar\/wp-content\/uploads\/2024\/12\/WhatsApp-Image-2024-12-03-at-15.22.32-747x420.jpeg 747w, https:\/\/prensa.sma.gob.ar\/wp-content\/uploads\/2024\/12\/WhatsApp-Image-2024-12-03-at-15.22.32-696x392.jpeg 696w, https:\/\/prensa.sma.gob.ar\/wp-content\/uploads\/2024\/12\/WhatsApp-Image-2024-12-03-at-15.22.32-1068x601.jpeg 1068w, https:\/\/prensa.sma.gob.ar\/wp-content\/uploads\/2024\/12\/WhatsApp-Image-2024-12-03-at-15.22.32.jpeg 1600w\" sizes=\"auto, (max-width: 1024px) 100vw, 1024px\" \/><\/figure>\n\n\n\n<figure class=\"wp-block-image size-large\"><img loading=\"lazy\" decoding=\"async\" width=\"1024\" height=\"576\" data-id=\"4064\" src=\"https:\/\/prensa.sma.gob.ar\/wp-content\/uploads\/2024\/12\/WhatsApp-Image-2024-12-03-at-15.22.35-1024x576.jpeg\" alt=\"\" class=\"wp-image-4064\" srcset=\"https:\/\/prensa.sma.gob.ar\/wp-content\/uploads\/2024\/12\/WhatsApp-Image-2024-12-03-at-15.22.35-1024x576.jpeg 1024w, https:\/\/prensa.sma.gob.ar\/wp-content\/uploads\/2024\/12\/WhatsApp-Image-2024-12-03-at-15.22.35-300x169.jpeg 300w, https:\/\/prensa.sma.gob.ar\/wp-content\/uploads\/2024\/12\/WhatsApp-Image-2024-12-03-at-15.22.35-768x432.jpeg 768w, https:\/\/prensa.sma.gob.ar\/wp-content\/uploads\/2024\/12\/WhatsApp-Image-2024-12-03-at-15.22.35-1536x864.jpeg 1536w, https:\/\/prensa.sma.gob.ar\/wp-content\/uploads\/2024\/12\/WhatsApp-Image-2024-12-03-at-15.22.35-747x420.jpeg 747w, https:\/\/prensa.sma.gob.ar\/wp-content\/uploads\/2024\/12\/WhatsApp-Image-2024-12-03-at-15.22.35-696x392.jpeg 696w, https:\/\/prensa.sma.gob.ar\/wp-content\/uploads\/2024\/12\/WhatsApp-Image-2024-12-03-at-15.22.35-1068x601.jpeg 1068w, https:\/\/prensa.sma.gob.ar\/wp-content\/uploads\/2024\/12\/WhatsApp-Image-2024-12-03-at-15.22.35.jpeg 1600w\" sizes=\"auto, (max-width: 1024px) 100vw, 1024px\" \/><\/figure>\n\n\n\n<figure class=\"wp-block-image size-large\"><img loading=\"lazy\" decoding=\"async\" width=\"1024\" height=\"576\" data-id=\"4063\" src=\"https:\/\/prensa.sma.gob.ar\/wp-content\/uploads\/2024\/12\/WhatsApp-Image-2024-12-03-at-15.22.35-1-1024x576.jpeg\" alt=\"\" class=\"wp-image-4063\" srcset=\"https:\/\/prensa.sma.gob.ar\/wp-content\/uploads\/2024\/12\/WhatsApp-Image-2024-12-03-at-15.22.35-1-1024x576.jpeg 1024w, https:\/\/prensa.sma.gob.ar\/wp-content\/uploads\/2024\/12\/WhatsApp-Image-2024-12-03-at-15.22.35-1-300x169.jpeg 300w, https:\/\/prensa.sma.gob.ar\/wp-content\/uploads\/2024\/12\/WhatsApp-Image-2024-12-03-at-15.22.35-1-768x432.jpeg 768w, https:\/\/prensa.sma.gob.ar\/wp-content\/uploads\/2024\/12\/WhatsApp-Image-2024-12-03-at-15.22.35-1-1536x864.jpeg 1536w, https:\/\/prensa.sma.gob.ar\/wp-content\/uploads\/2024\/12\/WhatsApp-Image-2024-12-03-at-15.22.35-1-747x420.jpeg 747w, https:\/\/prensa.sma.gob.ar\/wp-content\/uploads\/2024\/12\/WhatsApp-Image-2024-12-03-at-15.22.35-1-696x392.jpeg 696w, https:\/\/prensa.sma.gob.ar\/wp-content\/uploads\/2024\/12\/WhatsApp-Image-2024-12-03-at-15.22.35-1-1068x601.jpeg 1068w, https:\/\/prensa.sma.gob.ar\/wp-content\/uploads\/2024\/12\/WhatsApp-Image-2024-12-03-at-15.22.35-1.jpeg 1600w\" sizes=\"auto, (max-width: 1024px) 100vw, 1024px\" \/><\/figure>\n<\/figure>\n\n\n\n<p><\/p>\n","protected":false},"excerpt":{"rendered":"<p>La Secretar\u00eda de Ambiente de la Provincia autoriz\u00f3 a la Municipalidad de San Mart\u00edn a dar inicio a la disposici\u00f3n y el tratamiento de los barros que son extra\u00eddos de las plantas de tratamiento de efluentes cloacales en el sitio definitivo. La repartici\u00f3n provincial aval\u00f3 el informe t\u00e9cnico elaborado por la Direcci\u00f3n Provincial de Ambiente [&hellip;]<\/p>\n","protected":false},"author":2,"featured_media":4077,"comment_status":"closed","ping_status":"open","sticky":false,"template":"","format":"standard","meta":{"footnotes":""},"categories":[16,14,20,17],"tags":[],"class_list":{"0":"post-4062","1":"post","2":"type-post","3":"status-publish","4":"format-standard","5":"has-post-thumbnail","7":"category-destacadas","8":"category-noticias","9":"category-organismo-de-control-municipal","10":"category-portada"},"_links":{"self":[{"href":"https:\/\/prensa.sma.gob.ar\/index.php?rest_route=\/wp\/v2\/posts\/4062","targetHints":{"allow":["GET"]}}],"collection":[{"href":"https:\/\/prensa.sma.gob.ar\/index.php?rest_route=\/wp\/v2\/posts"}],"about":[{"href":"https:\/\/prensa.sma.gob.ar\/index.php?rest_route=\/wp\/v2\/types\/post"}],"author":[{"embeddable":true,"href":"https:\/\/prensa.sma.gob.ar\/index.php?rest_route=\/wp\/v2\/users\/2"}],"replies":[{"embeddable":true,"href":"https:\/\/prensa.sma.gob.ar\/index.php?rest_route=%2Fwp%2Fv2%2Fcomments&post=4062"}],"version-history":[{"count":2,"href":"https:\/\/prensa.sma.gob.ar\/index.php?rest_route=\/wp\/v2\/posts\/4062\/revisions"}],"predecessor-version":[{"id":4080,"href":"https:\/\/prensa.sma.gob.ar\/index.php?rest_route=\/wp\/v2\/posts\/4062\/revisions\/4080"}],"wp:featuredmedia":[{"embeddable":true,"href":"https:\/\/prensa.sma.gob.ar\/index.php?rest_route=\/wp\/v2\/media\/4077"}],"wp:attachment":[{"href":"https:\/\/prensa.sma.gob.ar\/index.php?rest_route=%2Fwp%2Fv2%2Fmedia&parent=4062"}],"wp:term":[{"taxonomy":"category","embeddable":true,"href":"https:\/\/prensa.sma.gob.ar\/index.php?rest_route=%2Fwp%2Fv2%2Fcategories&post=4062"},{"taxonomy":"post_tag","embeddable":true,"href":"https:\/\/prensa.sma.gob.ar\/index.php?rest_route=%2Fwp%2Fv2%2Ftags&post=4062"}],"curies":[{"name":"wp","href":"https:\/\/api.w.org\/{rel}","templated":true}]}}