{"id":4108,"date":"2024-12-06T12:05:28","date_gmt":"2024-12-06T12:05:28","guid":{"rendered":"https:\/\/prensa.sma.gob.ar\/?p=4108"},"modified":"2024-12-06T12:05:29","modified_gmt":"2024-12-06T12:05:29","slug":"el-19-de-diciembre-se-abren-las-ofertas-para-la-construccion-del-cpem-96-de-cordones-del-chapelco","status":"publish","type":"post","link":"https:\/\/prensa.sma.gob.ar\/?p=4108","title":{"rendered":"El 19 de diciembre se abren las ofertas para la construcci\u00f3n del CPEM 96 de Cordones del Chapelco"},"content":{"rendered":"\n<p>El gobierno de Neuqu\u00e9n dar\u00e1 el pr\u00f3ximo jueves 19 de diciembre un nuevo paso en la construcci\u00f3n del Centro Provincial de Ense\u00f1anza Media (CPEM) N.\u00ba 96, cuando se realice la apertura de las ofertas de la licitaci\u00f3n.<\/p>\n\n\n\n<p>El acto se realizar\u00e1 a las 12 hs en la ciudad de Neuqu\u00e9n, de acuerdo a lo informado por el ministro de Infraestructura de la Provincia, Rub\u00e9n Etcheverry, durante una comunicaci\u00f3n en la que invit\u00f3 especialmente al intendente Carlos Saloniti.<\/p>\n\n\n\n<p>El pasado 19 de noviembre, la Secretar\u00eda de Obras P\u00fablicas de la provincia de Neuqu\u00e9n lanz\u00f3 el llamado a licitaci\u00f3n para la construcci\u00f3n del nuevo edificio, que estar\u00e1 ubicado en el barrio Cordones del Chapelco.<\/p>\n\n\n\n<p>La obra, priorizada por el gobierno provincial en acuerdo con un pedido del municipio de San Mart\u00edn de los Andes, contar\u00e1 con una inversi\u00f3n estimada de $3.723 millones y se enmarca en el Plan Integral de Infraestructura Educativa, tal como est\u00e1 estipulado en el Presupuesto 2025.<\/p>\n\n\n\n<p>El establecimiento estar\u00e1 ubicado en el sudeste de Chacra 30, delimitado por Avenida Los Lagos, Cerro Wayle y Cerro Bella Vista. Con una superficie cubierta de 1.977 m\u00b2, el proyecto incluye siete aulas de teor\u00eda, un aula multiprop\u00f3sito, una biblioteca, un aula de inform\u00e1tica, un sal\u00f3n de usos m\u00faltiples (SUM) y \u00e1reas recreativas al aire libre.<\/p>\n\n\n\n<p>El edificio estar\u00e1 dividido en dos sectores: \u00c1rea Norte, que contemplar\u00e1 la administraci\u00f3n, biblioteca, aula de inform\u00e1tica, aula multiprop\u00f3sito, sector pedag\u00f3gico, sala de profesores y seis aulas de teor\u00eda. \u00c1rea Sur, donde estar\u00e1 el SUM, sanitarios, dep\u00f3sito de educaci\u00f3n f\u00edsica, kiosco, cocina y dependencias.<\/p>\n\n\n\n<p>El ministro de Infraestructura, Rub\u00e9n Etcheverry, destac\u00f3 que esta obra representa \u00abun paso fundamental para paliar el d\u00e9ficit en infraestructura educativa en la regi\u00f3n\u00bb. Adem\u00e1s, aprob\u00f3 un anticipo financiero del 20% del monto total, equivalente a $744 millones, seg\u00fan lo estipulado por la Ley 687.<\/p>\n\n\n\n<p>Con un plazo de ejecuci\u00f3n de 450 d\u00edas corridos, el nuevo edificio del CPEM N.\u00ba 96 busca ofrecer a los estudiantes y docentes un espacio moderno y adecuado para el aprendizaje, en l\u00ednea con el compromiso de mejorar la calidad educativa en Neuqu\u00e9n.<\/p>\n","protected":false},"excerpt":{"rendered":"<p>El gobierno de Neuqu\u00e9n dar\u00e1 el pr\u00f3ximo jueves 19 de diciembre un nuevo paso en la construcci\u00f3n del Centro Provincial de Ense\u00f1anza Media (CPEM) N.\u00ba 96, cuando se realice la apertura de las ofertas de la licitaci\u00f3n. El acto se realizar\u00e1 a las 12 hs en la ciudad de Neuqu\u00e9n, de acuerdo a lo informado [&hellip;]<\/p>\n","protected":false},"author":2,"featured_media":3728,"comment_status":"closed","ping_status":"open","sticky":false,"template":"","format":"standard","meta":{"footnotes":""},"categories":[16,9,14,17],"tags":[],"class_list":{"0":"post-4108","1":"post","2":"type-post","3":"status-publish","4":"format-standard","5":"has-post-thumbnail","7":"category-destacadas","8":"category-educacion","9":"category-noticias","10":"category-portada"},"_links":{"self":[{"href":"https:\/\/prensa.sma.gob.ar\/index.php?rest_route=\/wp\/v2\/posts\/4108","targetHints":{"allow":["GET"]}}],"collection":[{"href":"https:\/\/prensa.sma.gob.ar\/index.php?rest_route=\/wp\/v2\/posts"}],"about":[{"href":"https:\/\/prensa.sma.gob.ar\/index.php?rest_route=\/wp\/v2\/types\/post"}],"author":[{"embeddable":true,"href":"https:\/\/prensa.sma.gob.ar\/index.php?rest_route=\/wp\/v2\/users\/2"}],"replies":[{"embeddable":true,"href":"https:\/\/prensa.sma.gob.ar\/index.php?rest_route=%2Fwp%2Fv2%2Fcomments&post=4108"}],"version-history":[{"count":1,"href":"https:\/\/prensa.sma.gob.ar\/index.php?rest_route=\/wp\/v2\/posts\/4108\/revisions"}],"predecessor-version":[{"id":4109,"href":"https:\/\/prensa.sma.gob.ar\/index.php?rest_route=\/wp\/v2\/posts\/4108\/revisions\/4109"}],"wp:featuredmedia":[{"embeddable":true,"href":"https:\/\/prensa.sma.gob.ar\/index.php?rest_route=\/wp\/v2\/media\/3728"}],"wp:attachment":[{"href":"https:\/\/prensa.sma.gob.ar\/index.php?rest_route=%2Fwp%2Fv2%2Fmedia&parent=4108"}],"wp:term":[{"taxonomy":"category","embeddable":true,"href":"https:\/\/prensa.sma.gob.ar\/index.php?rest_route=%2Fwp%2Fv2%2Fcategories&post=4108"},{"taxonomy":"post_tag","embeddable":true,"href":"https:\/\/prensa.sma.gob.ar\/index.php?rest_route=%2Fwp%2Fv2%2Ftags&post=4108"}],"curies":[{"name":"wp","href":"https:\/\/api.w.org\/{rel}","templated":true}]}}