{"id":4134,"date":"2024-12-09T14:53:27","date_gmt":"2024-12-09T14:53:27","guid":{"rendered":"https:\/\/prensa.sma.gob.ar\/?p=4134"},"modified":"2024-12-09T15:20:50","modified_gmt":"2024-12-09T15:20:50","slug":"trabajos-de-demarcacion-de-av-los-lagos-callejones-alternativa-norte-y-acceso-a-los-radales","status":"publish","type":"post","link":"https:\/\/prensa.sma.gob.ar\/?p=4134","title":{"rendered":"Trabajos de demarcaci\u00f3n de Av. Los Lagos, callejones, Alternativa Norte y acceso a Los Radales."},"content":{"rendered":"\n<p>La empresa Becha S.A., contratada por el Municipio, realiza trabajos de demarcaci\u00f3n de Av. Los Lagos, callejos, Alternativa Norte y acceso a Los Radales.<\/p>\n\n\n\n<p>Este domingo, los equipos de la compa\u00f1\u00eda Becha S.A. trabajaron en el eje de Av. Los Lagos, entre Ruta Nacional 40 y Cordones del Chapelco.<\/p>\n\n\n\n<p>Este lunes, se trabaj\u00f3 sobre Callej\u00f3n de Bello, desde el puente hacia la Ruta 40, y luego los equipos se trasladaron al callej\u00f3n de Ginigins.<\/p>\n\n\n\n<p>Las tareas en los callejones comprenden trabajos desde Ruta Nacional 40 hasta Ruta Provincial 62, e incluyen demarcaci\u00f3n de ejes, bordes y bicisenda. En el caso de la Ruta Alternativa Norte y el acceso a Los Radales, se trabaja sobre la demarcaci\u00f3n del eje.<\/p>\n\n\n\n<p>Becha S.A. es una empresa localizada en la ciudad de Villa Gobernador G\u00e1lvez, provincia de Santa Fe, que cuenta con la experiencia de 30 a\u00f1os de trabajo y un Sistema de Gesti\u00f3n de la Calidad que cumple con los requisitos de la norma IRAM &#8211; ISO 9001:2015.<\/p>\n\n\n\n<figure class=\"wp-block-gallery has-nested-images columns-default is-cropped wp-block-gallery-1 is-layout-flex wp-block-gallery-is-layout-flex\">\n<figure class=\"wp-block-image size-large\"><img loading=\"lazy\" decoding=\"async\" width=\"576\" height=\"1024\" data-id=\"4136\" src=\"https:\/\/prensa.sma.gob.ar\/wp-content\/uploads\/2024\/12\/DEMARCACION-1-576x1024.jpg\" alt=\"\" class=\"wp-image-4136\" srcset=\"https:\/\/prensa.sma.gob.ar\/wp-content\/uploads\/2024\/12\/DEMARCACION-1-576x1024.jpg 576w, https:\/\/prensa.sma.gob.ar\/wp-content\/uploads\/2024\/12\/DEMARCACION-1-169x300.jpg 169w, https:\/\/prensa.sma.gob.ar\/wp-content\/uploads\/2024\/12\/DEMARCACION-1-768x1365.jpg 768w, https:\/\/prensa.sma.gob.ar\/wp-content\/uploads\/2024\/12\/DEMARCACION-1-864x1536.jpg 864w, https:\/\/prensa.sma.gob.ar\/wp-content\/uploads\/2024\/12\/DEMARCACION-1-236x420.jpg 236w, https:\/\/prensa.sma.gob.ar\/wp-content\/uploads\/2024\/12\/DEMARCACION-1-696x1237.jpg 696w, https:\/\/prensa.sma.gob.ar\/wp-content\/uploads\/2024\/12\/DEMARCACION-1.jpg 900w\" sizes=\"auto, (max-width: 576px) 100vw, 576px\" \/><\/figure>\n\n\n\n<figure class=\"wp-block-image size-large\"><img loading=\"lazy\" decoding=\"async\" width=\"576\" height=\"1024\" data-id=\"4138\" src=\"https:\/\/prensa.sma.gob.ar\/wp-content\/uploads\/2024\/12\/DEMARCACION-2-576x1024.jpg\" alt=\"\" class=\"wp-image-4138\" srcset=\"https:\/\/prensa.sma.gob.ar\/wp-content\/uploads\/2024\/12\/DEMARCACION-2-576x1024.jpg 576w, https:\/\/prensa.sma.gob.ar\/wp-content\/uploads\/2024\/12\/DEMARCACION-2-169x300.jpg 169w, https:\/\/prensa.sma.gob.ar\/wp-content\/uploads\/2024\/12\/DEMARCACION-2-768x1365.jpg 768w, https:\/\/prensa.sma.gob.ar\/wp-content\/uploads\/2024\/12\/DEMARCACION-2-864x1536.jpg 864w, https:\/\/prensa.sma.gob.ar\/wp-content\/uploads\/2024\/12\/DEMARCACION-2-236x420.jpg 236w, https:\/\/prensa.sma.gob.ar\/wp-content\/uploads\/2024\/12\/DEMARCACION-2-696x1237.jpg 696w, https:\/\/prensa.sma.gob.ar\/wp-content\/uploads\/2024\/12\/DEMARCACION-2.jpg 900w\" sizes=\"auto, (max-width: 576px) 100vw, 576px\" \/><\/figure>\n\n\n\n<figure class=\"wp-block-image size-large\"><img loading=\"lazy\" decoding=\"async\" width=\"576\" height=\"1024\" data-id=\"4137\" src=\"https:\/\/prensa.sma.gob.ar\/wp-content\/uploads\/2024\/12\/DEMARCACION-576x1024.jpg\" alt=\"\" class=\"wp-image-4137\" srcset=\"https:\/\/prensa.sma.gob.ar\/wp-content\/uploads\/2024\/12\/DEMARCACION-576x1024.jpg 576w, https:\/\/prensa.sma.gob.ar\/wp-content\/uploads\/2024\/12\/DEMARCACION-169x300.jpg 169w, https:\/\/prensa.sma.gob.ar\/wp-content\/uploads\/2024\/12\/DEMARCACION-768x1365.jpg 768w, https:\/\/prensa.sma.gob.ar\/wp-content\/uploads\/2024\/12\/DEMARCACION-864x1536.jpg 864w, https:\/\/prensa.sma.gob.ar\/wp-content\/uploads\/2024\/12\/DEMARCACION-236x420.jpg 236w, https:\/\/prensa.sma.gob.ar\/wp-content\/uploads\/2024\/12\/DEMARCACION-696x1237.jpg 696w, https:\/\/prensa.sma.gob.ar\/wp-content\/uploads\/2024\/12\/DEMARCACION.jpg 900w\" sizes=\"auto, (max-width: 576px) 100vw, 576px\" \/><\/figure>\n<\/figure>\n","protected":false},"excerpt":{"rendered":"<p>La empresa Becha S.A., contratada por el Municipio, realiza trabajos de demarcaci\u00f3n de Av. Los Lagos, callejos, Alternativa Norte y acceso a Los Radales. Este domingo, los equipos de la compa\u00f1\u00eda Becha S.A. trabajaron en el eje de Av. Los Lagos, entre Ruta Nacional 40 y Cordones del Chapelco. Este lunes, se trabaj\u00f3 sobre Callej\u00f3n [&hellip;]<\/p>\n","protected":false},"author":1,"featured_media":4135,"comment_status":"closed","ping_status":"open","sticky":false,"template":"","format":"standard","meta":{"footnotes":""},"categories":[16,14,19,17],"tags":[],"class_list":{"0":"post-4134","1":"post","2":"type-post","3":"status-publish","4":"format-standard","5":"has-post-thumbnail","7":"category-destacadas","8":"category-noticias","9":"category-obras-y-servicios-publicos","10":"category-portada"},"_links":{"self":[{"href":"https:\/\/prensa.sma.gob.ar\/index.php?rest_route=\/wp\/v2\/posts\/4134","targetHints":{"allow":["GET"]}}],"collection":[{"href":"https:\/\/prensa.sma.gob.ar\/index.php?rest_route=\/wp\/v2\/posts"}],"about":[{"href":"https:\/\/prensa.sma.gob.ar\/index.php?rest_route=\/wp\/v2\/types\/post"}],"author":[{"embeddable":true,"href":"https:\/\/prensa.sma.gob.ar\/index.php?rest_route=\/wp\/v2\/users\/1"}],"replies":[{"embeddable":true,"href":"https:\/\/prensa.sma.gob.ar\/index.php?rest_route=%2Fwp%2Fv2%2Fcomments&post=4134"}],"version-history":[{"count":1,"href":"https:\/\/prensa.sma.gob.ar\/index.php?rest_route=\/wp\/v2\/posts\/4134\/revisions"}],"predecessor-version":[{"id":4139,"href":"https:\/\/prensa.sma.gob.ar\/index.php?rest_route=\/wp\/v2\/posts\/4134\/revisions\/4139"}],"wp:featuredmedia":[{"embeddable":true,"href":"https:\/\/prensa.sma.gob.ar\/index.php?rest_route=\/wp\/v2\/media\/4135"}],"wp:attachment":[{"href":"https:\/\/prensa.sma.gob.ar\/index.php?rest_route=%2Fwp%2Fv2%2Fmedia&parent=4134"}],"wp:term":[{"taxonomy":"category","embeddable":true,"href":"https:\/\/prensa.sma.gob.ar\/index.php?rest_route=%2Fwp%2Fv2%2Fcategories&post=4134"},{"taxonomy":"post_tag","embeddable":true,"href":"https:\/\/prensa.sma.gob.ar\/index.php?rest_route=%2Fwp%2Fv2%2Ftags&post=4134"}],"curies":[{"name":"wp","href":"https:\/\/api.w.org\/{rel}","templated":true}]}}