{"id":4140,"date":"2024-12-09T15:17:24","date_gmt":"2024-12-09T15:17:24","guid":{"rendered":"https:\/\/prensa.sma.gob.ar\/?p=4140"},"modified":"2024-12-09T15:38:47","modified_gmt":"2024-12-09T15:38:47","slug":"vecinas-vecinos-y-personal-del-municipio-realizaron-una-jornada-de-limpieza-en-chacra-28","status":"publish","type":"post","link":"https:\/\/prensa.sma.gob.ar\/?p=4140","title":{"rendered":"Vecinas, vecinos y personal del Municipio realizaron una jornada de limpieza en Chacra 28"},"content":{"rendered":"\n<p>Organizado por la Comisi\u00f3n Vecinal de la Zona V de Cordones del Chapelco, que comprende los barrios Chacra 28, Los Manzanos, Los Coirones, Santo Domingo y Los \u00c1lamos, se realiz\u00f3 una jornada de limpieza en el boulevard de Chacra 28.<\/p>\n\n\n\n<p>A partir de las 13 del pasado viernes, se realizaron tareas de desmalezado, instalaci\u00f3n de bancos de plaza, limpieza del lugar y la pintada de un mural.<\/p>\n\n\n\n<p>En este lugar est\u00e1 previsto realizar la celebraci\u00f3n de la Navidad el d\u00eda 15 de diciembre con shows en vivo y feria navide\u00f1a de emprendedores.<\/p>\n\n\n\n<p>Colaboraron en esta jornada, personal operativo de la Secretar\u00eda de Desarrollo Social y la Subsecretar\u00eda de Juntas Vecinales.<\/p>\n\n\n\n<figure class=\"wp-block-gallery has-nested-images columns-default is-cropped wp-block-gallery-1 is-layout-flex wp-block-gallery-is-layout-flex\">\n<figure class=\"wp-block-image size-large\"><img loading=\"lazy\" decoding=\"async\" width=\"1024\" height=\"1024\" data-id=\"4142\" src=\"https:\/\/prensa.sma.gob.ar\/wp-content\/uploads\/2024\/12\/LIMPIEZA-CHACRA-28-1-1024x1024.jpg\" alt=\"\" class=\"wp-image-4142\" srcset=\"https:\/\/prensa.sma.gob.ar\/wp-content\/uploads\/2024\/12\/LIMPIEZA-CHACRA-28-1-1024x1024.jpg 1024w, https:\/\/prensa.sma.gob.ar\/wp-content\/uploads\/2024\/12\/LIMPIEZA-CHACRA-28-1-300x300.jpg 300w, https:\/\/prensa.sma.gob.ar\/wp-content\/uploads\/2024\/12\/LIMPIEZA-CHACRA-28-1-150x150.jpg 150w, https:\/\/prensa.sma.gob.ar\/wp-content\/uploads\/2024\/12\/LIMPIEZA-CHACRA-28-1-768x768.jpg 768w, https:\/\/prensa.sma.gob.ar\/wp-content\/uploads\/2024\/12\/LIMPIEZA-CHACRA-28-1-420x420.jpg 420w, https:\/\/prensa.sma.gob.ar\/wp-content\/uploads\/2024\/12\/LIMPIEZA-CHACRA-28-1-696x696.jpg 696w, https:\/\/prensa.sma.gob.ar\/wp-content\/uploads\/2024\/12\/LIMPIEZA-CHACRA-28-1-1068x1068.jpg 1068w, https:\/\/prensa.sma.gob.ar\/wp-content\/uploads\/2024\/12\/LIMPIEZA-CHACRA-28-1.jpg 1080w\" sizes=\"auto, (max-width: 1024px) 100vw, 1024px\" \/><\/figure>\n\n\n\n<figure class=\"wp-block-image size-large\"><img loading=\"lazy\" decoding=\"async\" width=\"1024\" height=\"1024\" data-id=\"4144\" src=\"https:\/\/prensa.sma.gob.ar\/wp-content\/uploads\/2024\/12\/LIMPIEZA-CHACRA-28-2-1024x1024.jpg\" alt=\"\" class=\"wp-image-4144\" srcset=\"https:\/\/prensa.sma.gob.ar\/wp-content\/uploads\/2024\/12\/LIMPIEZA-CHACRA-28-2-1024x1024.jpg 1024w, https:\/\/prensa.sma.gob.ar\/wp-content\/uploads\/2024\/12\/LIMPIEZA-CHACRA-28-2-300x300.jpg 300w, https:\/\/prensa.sma.gob.ar\/wp-content\/uploads\/2024\/12\/LIMPIEZA-CHACRA-28-2-150x150.jpg 150w, https:\/\/prensa.sma.gob.ar\/wp-content\/uploads\/2024\/12\/LIMPIEZA-CHACRA-28-2-768x768.jpg 768w, https:\/\/prensa.sma.gob.ar\/wp-content\/uploads\/2024\/12\/LIMPIEZA-CHACRA-28-2-420x420.jpg 420w, https:\/\/prensa.sma.gob.ar\/wp-content\/uploads\/2024\/12\/LIMPIEZA-CHACRA-28-2-696x696.jpg 696w, https:\/\/prensa.sma.gob.ar\/wp-content\/uploads\/2024\/12\/LIMPIEZA-CHACRA-28-2-1068x1068.jpg 1068w, https:\/\/prensa.sma.gob.ar\/wp-content\/uploads\/2024\/12\/LIMPIEZA-CHACRA-28-2.jpg 1080w\" sizes=\"auto, (max-width: 1024px) 100vw, 1024px\" \/><\/figure>\n\n\n\n<figure class=\"wp-block-image size-large\"><img loading=\"lazy\" decoding=\"async\" width=\"1024\" height=\"1024\" data-id=\"4147\" src=\"https:\/\/prensa.sma.gob.ar\/wp-content\/uploads\/2024\/12\/LIMPIEZA-CHACRA-28-3-1024x1024.jpg\" alt=\"\" class=\"wp-image-4147\" srcset=\"https:\/\/prensa.sma.gob.ar\/wp-content\/uploads\/2024\/12\/LIMPIEZA-CHACRA-28-3-1024x1024.jpg 1024w, https:\/\/prensa.sma.gob.ar\/wp-content\/uploads\/2024\/12\/LIMPIEZA-CHACRA-28-3-300x300.jpg 300w, https:\/\/prensa.sma.gob.ar\/wp-content\/uploads\/2024\/12\/LIMPIEZA-CHACRA-28-3-150x150.jpg 150w, https:\/\/prensa.sma.gob.ar\/wp-content\/uploads\/2024\/12\/LIMPIEZA-CHACRA-28-3-768x768.jpg 768w, https:\/\/prensa.sma.gob.ar\/wp-content\/uploads\/2024\/12\/LIMPIEZA-CHACRA-28-3-420x420.jpg 420w, https:\/\/prensa.sma.gob.ar\/wp-content\/uploads\/2024\/12\/LIMPIEZA-CHACRA-28-3-696x696.jpg 696w, https:\/\/prensa.sma.gob.ar\/wp-content\/uploads\/2024\/12\/LIMPIEZA-CHACRA-28-3-1068x1068.jpg 1068w, https:\/\/prensa.sma.gob.ar\/wp-content\/uploads\/2024\/12\/LIMPIEZA-CHACRA-28-3.jpg 1080w\" sizes=\"auto, (max-width: 1024px) 100vw, 1024px\" \/><\/figure>\n\n\n\n<figure class=\"wp-block-image size-large\"><img loading=\"lazy\" decoding=\"async\" width=\"1024\" height=\"1024\" data-id=\"4143\" src=\"https:\/\/prensa.sma.gob.ar\/wp-content\/uploads\/2024\/12\/LIMPIEZA-CHACRA-28-4-1024x1024.jpg\" alt=\"\" class=\"wp-image-4143\" srcset=\"https:\/\/prensa.sma.gob.ar\/wp-content\/uploads\/2024\/12\/LIMPIEZA-CHACRA-28-4-1024x1024.jpg 1024w, https:\/\/prensa.sma.gob.ar\/wp-content\/uploads\/2024\/12\/LIMPIEZA-CHACRA-28-4-300x300.jpg 300w, https:\/\/prensa.sma.gob.ar\/wp-content\/uploads\/2024\/12\/LIMPIEZA-CHACRA-28-4-150x150.jpg 150w, https:\/\/prensa.sma.gob.ar\/wp-content\/uploads\/2024\/12\/LIMPIEZA-CHACRA-28-4-768x768.jpg 768w, https:\/\/prensa.sma.gob.ar\/wp-content\/uploads\/2024\/12\/LIMPIEZA-CHACRA-28-4-420x420.jpg 420w, https:\/\/prensa.sma.gob.ar\/wp-content\/uploads\/2024\/12\/LIMPIEZA-CHACRA-28-4-696x696.jpg 696w, https:\/\/prensa.sma.gob.ar\/wp-content\/uploads\/2024\/12\/LIMPIEZA-CHACRA-28-4-1068x1068.jpg 1068w, https:\/\/prensa.sma.gob.ar\/wp-content\/uploads\/2024\/12\/LIMPIEZA-CHACRA-28-4.jpg 1080w\" sizes=\"auto, (max-width: 1024px) 100vw, 1024px\" \/><\/figure>\n\n\n\n<figure class=\"wp-block-image size-large\"><img loading=\"lazy\" decoding=\"async\" width=\"1024\" height=\"1024\" data-id=\"4146\" src=\"https:\/\/prensa.sma.gob.ar\/wp-content\/uploads\/2024\/12\/LIMPIEZA-CHACRA-28-5-1024x1024.jpg\" alt=\"\" class=\"wp-image-4146\" srcset=\"https:\/\/prensa.sma.gob.ar\/wp-content\/uploads\/2024\/12\/LIMPIEZA-CHACRA-28-5-1024x1024.jpg 1024w, https:\/\/prensa.sma.gob.ar\/wp-content\/uploads\/2024\/12\/LIMPIEZA-CHACRA-28-5-300x300.jpg 300w, https:\/\/prensa.sma.gob.ar\/wp-content\/uploads\/2024\/12\/LIMPIEZA-CHACRA-28-5-150x150.jpg 150w, https:\/\/prensa.sma.gob.ar\/wp-content\/uploads\/2024\/12\/LIMPIEZA-CHACRA-28-5-768x768.jpg 768w, https:\/\/prensa.sma.gob.ar\/wp-content\/uploads\/2024\/12\/LIMPIEZA-CHACRA-28-5-420x420.jpg 420w, https:\/\/prensa.sma.gob.ar\/wp-content\/uploads\/2024\/12\/LIMPIEZA-CHACRA-28-5-696x696.jpg 696w, https:\/\/prensa.sma.gob.ar\/wp-content\/uploads\/2024\/12\/LIMPIEZA-CHACRA-28-5-1068x1068.jpg 1068w, https:\/\/prensa.sma.gob.ar\/wp-content\/uploads\/2024\/12\/LIMPIEZA-CHACRA-28-5.jpg 1080w\" sizes=\"auto, (max-width: 1024px) 100vw, 1024px\" \/><\/figure>\n\n\n\n<figure class=\"wp-block-image size-large\"><img loading=\"lazy\" decoding=\"async\" width=\"1024\" height=\"1024\" data-id=\"4145\" src=\"https:\/\/prensa.sma.gob.ar\/wp-content\/uploads\/2024\/12\/LIMPIEZA-CHACRA-28-6-1024x1024.jpg\" alt=\"\" class=\"wp-image-4145\" srcset=\"https:\/\/prensa.sma.gob.ar\/wp-content\/uploads\/2024\/12\/LIMPIEZA-CHACRA-28-6-1024x1024.jpg 1024w, https:\/\/prensa.sma.gob.ar\/wp-content\/uploads\/2024\/12\/LIMPIEZA-CHACRA-28-6-300x300.jpg 300w, https:\/\/prensa.sma.gob.ar\/wp-content\/uploads\/2024\/12\/LIMPIEZA-CHACRA-28-6-150x150.jpg 150w, https:\/\/prensa.sma.gob.ar\/wp-content\/uploads\/2024\/12\/LIMPIEZA-CHACRA-28-6-768x768.jpg 768w, https:\/\/prensa.sma.gob.ar\/wp-content\/uploads\/2024\/12\/LIMPIEZA-CHACRA-28-6-420x420.jpg 420w, https:\/\/prensa.sma.gob.ar\/wp-content\/uploads\/2024\/12\/LIMPIEZA-CHACRA-28-6-696x696.jpg 696w, https:\/\/prensa.sma.gob.ar\/wp-content\/uploads\/2024\/12\/LIMPIEZA-CHACRA-28-6-1068x1068.jpg 1068w, https:\/\/prensa.sma.gob.ar\/wp-content\/uploads\/2024\/12\/LIMPIEZA-CHACRA-28-6.jpg 1080w\" sizes=\"auto, (max-width: 1024px) 100vw, 1024px\" \/><\/figure>\n<\/figure>\n","protected":false},"excerpt":{"rendered":"<p>Organizado por la Comisi\u00f3n Vecinal de la Zona V de Cordones del Chapelco, que comprende los barrios Chacra 28, Los Manzanos, Los Coirones, Santo Domingo y Los \u00c1lamos, se realiz\u00f3 una jornada de limpieza en el boulevard de Chacra 28. A partir de las 13 del pasado viernes, se realizaron tareas de desmalezado, instalaci\u00f3n de [&hellip;]<\/p>\n","protected":false},"author":1,"featured_media":4141,"comment_status":"closed","ping_status":"open","sticky":false,"template":"","format":"standard","meta":{"footnotes":""},"categories":[16,39,14],"tags":[],"class_list":{"0":"post-4140","1":"post","2":"type-post","3":"status-publish","4":"format-standard","5":"has-post-thumbnail","7":"category-destacadas","8":"category-subs-juntas-vecinales","9":"category-noticias"},"_links":{"self":[{"href":"https:\/\/prensa.sma.gob.ar\/index.php?rest_route=\/wp\/v2\/posts\/4140","targetHints":{"allow":["GET"]}}],"collection":[{"href":"https:\/\/prensa.sma.gob.ar\/index.php?rest_route=\/wp\/v2\/posts"}],"about":[{"href":"https:\/\/prensa.sma.gob.ar\/index.php?rest_route=\/wp\/v2\/types\/post"}],"author":[{"embeddable":true,"href":"https:\/\/prensa.sma.gob.ar\/index.php?rest_route=\/wp\/v2\/users\/1"}],"replies":[{"embeddable":true,"href":"https:\/\/prensa.sma.gob.ar\/index.php?rest_route=%2Fwp%2Fv2%2Fcomments&post=4140"}],"version-history":[{"count":1,"href":"https:\/\/prensa.sma.gob.ar\/index.php?rest_route=\/wp\/v2\/posts\/4140\/revisions"}],"predecessor-version":[{"id":4148,"href":"https:\/\/prensa.sma.gob.ar\/index.php?rest_route=\/wp\/v2\/posts\/4140\/revisions\/4148"}],"wp:featuredmedia":[{"embeddable":true,"href":"https:\/\/prensa.sma.gob.ar\/index.php?rest_route=\/wp\/v2\/media\/4141"}],"wp:attachment":[{"href":"https:\/\/prensa.sma.gob.ar\/index.php?rest_route=%2Fwp%2Fv2%2Fmedia&parent=4140"}],"wp:term":[{"taxonomy":"category","embeddable":true,"href":"https:\/\/prensa.sma.gob.ar\/index.php?rest_route=%2Fwp%2Fv2%2Fcategories&post=4140"},{"taxonomy":"post_tag","embeddable":true,"href":"https:\/\/prensa.sma.gob.ar\/index.php?rest_route=%2Fwp%2Fv2%2Ftags&post=4140"}],"curies":[{"name":"wp","href":"https:\/\/api.w.org\/{rel}","templated":true}]}}