{"id":4151,"date":"2024-12-10T12:03:31","date_gmt":"2024-12-10T12:03:31","guid":{"rendered":"https:\/\/prensa.sma.gob.ar\/?p=4151"},"modified":"2024-12-10T13:08:39","modified_gmt":"2024-12-10T13:08:39","slug":"en-febrero-abren-nuevas-inscripciones-al-plan-de-becas-gregorio-alvarez","status":"publish","type":"post","link":"https:\/\/prensa.sma.gob.ar\/?p=4151","title":{"rendered":"En febrero abren nuevas inscripciones al Plan de Becas Gregorio \u00c1lvarez"},"content":{"rendered":"\n<p>La direcci\u00f3n de Pol\u00edticas Socioeducativas y Equidad, del ministerio de Educaci\u00f3n, inform\u00f3 que habr\u00e1 dos llamados a inscripci\u00f3n, en febrero de 2025, para el acceso al plan de Becas Gregorio \u00c1lvarez, para estudiantes de todos los niveles obligatorios- Inicial, Primaria y Secundaria-; Terciario, Universitario y Formaci\u00f3n Profesional.<\/p>\n\n\n\n<p>El 14 de febrero dar\u00e1 inicio la inscripci\u00f3n para quienes nunca fueron beneficiarios del programa. El 28 de febrero se habilitar\u00e1 el proceso para los estudiantes que este a\u00f1o ya accedieron a la beca y deseen renovarla para el 2025.<\/p>\n\n\n\n<p>El organismo record\u00f3 que, entre los requisitos para postular, se debe acreditar la nacionalidad argentina, y ser nativo de la provincia del Neuqu\u00e9n, o con acreditaci\u00f3n de los \u00faltimos 5 a\u00f1os de residencia. Tener entre 4 y 35 a\u00f1os; contando la edad que cumple el alumno en el a\u00f1o calendario de la postulaci\u00f3n al beneficio.<\/p>\n\n\n\n<p>Para acceder a una o m\u00e1s de una beca, los grupos familiares deber\u00e1n acreditar la situaci\u00f3n socioecon\u00f3mica del grupo conviviente de los aspirantes.<\/p>\n\n\n\n<p>Respecto a la percepci\u00f3n de otros beneficios, se aclar\u00f3 que quienes aspiren a este acompa\u00f1amiento, no deben gozar de otra beca estudiantil de car\u00e1cter similar, independientemente de la entidad otorgante. Tampoco podr\u00e1n cobrar en forma paralela el beneficio del Programa de \u201cRespaldo a Estudiantes Argentinos\u201d (PROG.R.ES.AR, ni el del Programa de Becas Estrat\u00e9gicas Manuel Belgrano u otras becas afines.<\/p>\n\n\n\n<p>Los estudiantes de los niveles inicial, primario y secundario deben ser alumnos regulares de un establecimiento educativo p\u00fablico, o p\u00fablico de gesti\u00f3n privada con aporte del Estado, de la provincia del Neuqu\u00e9n. Para el caso de los niveles terciario y universitario tienen que ser egresados del nivel secundario, y no adeudar materias al momento de la inscripci\u00f3n. En particular se aclara que, ser\u00e1n admitidas las postulaciones de estudiantes que cursen en establecimientos p\u00fablicos de otras provincias, cuando la carrera no se dicte en la Universidad Nacional del Comahue y sus delegaciones, o en institutos terciarios de Neuqu\u00e9n.<\/p>\n\n\n\n<p>La direcci\u00f3n provincial destac\u00f3 que s\u00f3lo se procesar\u00e1n las inscripciones que contengan toda la documentaci\u00f3n obligatoria solicitada, la cual deber\u00e1 ser subida a la Plataforma de inscripci\u00f3n \u201cBecas Gregorio \u00c1lvarez\u201d.<\/p>\n\n\n\n<p>Quienes deseen continuar con el beneficio o ingresar por primera vez al Plan de Becas, pueden acceder a los requisitos completos y a la documentaci\u00f3n requerida a trav\u00e9s de la p\u00e1gina oficial  <a href=\"https:\/\/www.neuquen.gob.ar\/educaneuquen\/\"><strong>https:\/\/www.neuquen.gob.ar\/educaneuquen\/<\/strong><\/a>  a la que deber\u00e1n ingresar tambi\u00e9n para hacer el tr\u00e1mite de inscripci\u00f3n, a partir de las fechas consignadas, desde mediados del mes de febrero.<\/p>\n\n\n\n<p>El \u00e1rea educativa detall\u00f3 que quienes son nuevos ingresantes al plan de becas para el nivel Superior, deber\u00e1n agregar el t\u00edtulo del nivel secundario o constancia de t\u00edtulo en tr\u00e1mite, sin adeudar materias; tambi\u00e9n constancia de inscripci\u00f3n o preinscripci\u00f3n en la carrera elegida y plan de estudios de la misma.<\/p>\n\n\n\n<p>Los niveles Inicial y Primario perciben un pago \u00fanico anual, que se efectiviza en el momento en el que se ingresa al programa; en el nivel Secundario se hacen dos pagos, uno al ingresar y otro en el mes de diciembre cuando hayan acreditado el 80 por ciento o m\u00e1s de asistencia a la escuela durante el a\u00f1o.<\/p>\n\n\n\n<p>Para el caso del nivel Superior, el cobro se hace en forma mensual, desde que se ingresa al programa hasta fin de a\u00f1o.<\/p>\n\n\n\n<p><\/p>\n","protected":false},"excerpt":{"rendered":"<p>La direcci\u00f3n de Pol\u00edticas Socioeducativas y Equidad, del ministerio de Educaci\u00f3n, inform\u00f3 que habr\u00e1 dos llamados a inscripci\u00f3n, en febrero de 2025, para el acceso al plan de Becas Gregorio \u00c1lvarez, para estudiantes de todos los niveles obligatorios- Inicial, Primaria y Secundaria-; Terciario, Universitario y Formaci\u00f3n Profesional. El 14 de febrero dar\u00e1 inicio la inscripci\u00f3n [&hellip;]<\/p>\n","protected":false},"author":2,"featured_media":4152,"comment_status":"closed","ping_status":"open","sticky":false,"template":"","format":"standard","meta":{"footnotes":""},"categories":[16,9,14],"tags":[],"class_list":{"0":"post-4151","1":"post","2":"type-post","3":"status-publish","4":"format-standard","5":"has-post-thumbnail","7":"category-destacadas","8":"category-educacion","9":"category-noticias"},"_links":{"self":[{"href":"https:\/\/prensa.sma.gob.ar\/index.php?rest_route=\/wp\/v2\/posts\/4151","targetHints":{"allow":["GET"]}}],"collection":[{"href":"https:\/\/prensa.sma.gob.ar\/index.php?rest_route=\/wp\/v2\/posts"}],"about":[{"href":"https:\/\/prensa.sma.gob.ar\/index.php?rest_route=\/wp\/v2\/types\/post"}],"author":[{"embeddable":true,"href":"https:\/\/prensa.sma.gob.ar\/index.php?rest_route=\/wp\/v2\/users\/2"}],"replies":[{"embeddable":true,"href":"https:\/\/prensa.sma.gob.ar\/index.php?rest_route=%2Fwp%2Fv2%2Fcomments&post=4151"}],"version-history":[{"count":2,"href":"https:\/\/prensa.sma.gob.ar\/index.php?rest_route=\/wp\/v2\/posts\/4151\/revisions"}],"predecessor-version":[{"id":4155,"href":"https:\/\/prensa.sma.gob.ar\/index.php?rest_route=\/wp\/v2\/posts\/4151\/revisions\/4155"}],"wp:featuredmedia":[{"embeddable":true,"href":"https:\/\/prensa.sma.gob.ar\/index.php?rest_route=\/wp\/v2\/media\/4152"}],"wp:attachment":[{"href":"https:\/\/prensa.sma.gob.ar\/index.php?rest_route=%2Fwp%2Fv2%2Fmedia&parent=4151"}],"wp:term":[{"taxonomy":"category","embeddable":true,"href":"https:\/\/prensa.sma.gob.ar\/index.php?rest_route=%2Fwp%2Fv2%2Fcategories&post=4151"},{"taxonomy":"post_tag","embeddable":true,"href":"https:\/\/prensa.sma.gob.ar\/index.php?rest_route=%2Fwp%2Fv2%2Ftags&post=4151"}],"curies":[{"name":"wp","href":"https:\/\/api.w.org\/{rel}","templated":true}]}}