{"id":4158,"date":"2024-12-11T13:03:12","date_gmt":"2024-12-11T13:03:12","guid":{"rendered":"https:\/\/prensa.sma.gob.ar\/?p=4158"},"modified":"2024-12-11T13:03:13","modified_gmt":"2024-12-11T13:03:13","slug":"este-jueves-entra-en-vigencia-el-nuevo-horario-del-estacionamiento-medido","status":"publish","type":"post","link":"https:\/\/prensa.sma.gob.ar\/?p=4158","title":{"rendered":"Este jueves entra en vigencia el nuevo horario del estacionamiento medido"},"content":{"rendered":"\n<p>Tras el acuerdo entre el Ejecutivo Municipal, el Concejo Deliberante y la empresa SAEM, este jueves comenzar\u00e1n a implementarse las modificaciones en el sistema de estacionamiento medido en nuestra ciudad, que establece la reducci\u00f3n del horario de cobro del servicio, que operar\u00e1 de lunes a viernes de 08:00 a 18:00 hs. y s\u00e1bados de 8.00 a 13:00.<\/p>\n\n\n\n<p>La Ordenanza que establece modificaciones por los pr\u00f3ximos 12 meses en el sistema de estacionamiento medido tras los acuerdos alcanzados con SAEM qued\u00f3 promulgada el martes y la empresa la aplicar\u00e1 desde este jueves.<\/p>\n\n\n\n<p>El acuerdo promulgado tambi\u00e9n ratifica el tiempo de cortes\u00eda y la bonificaci\u00f3n para veh\u00edculos radicados en la ciudad de San Mart\u00edn de los Andes y la tarifa fija mensual (abono) para los frentistas.<\/p>\n\n\n\n<p>&nbsp;Adem\u00e1s, reafirma que la tarifa del servicio de estacionamiento medido se actualizar\u00e1 cada dos meses, a partir del 1 de enero de 2025, bas\u00e1ndose en el \u00cdndice de Precios al Consumidor de Neuqu\u00e9n (IPC NQN), lo que permitir\u00e1 adecuar los valores a la evoluci\u00f3n econ\u00f3mica regional.<\/p>\n\n\n\n<p>Adem\u00e1s, introduce como m\u00e9todo de pago la opci\u00f3n de tarjeta manual, de una hora, como alternativa para quienes prefieran sistemas de pago m\u00e1s tradicionales.<\/p>\n\n\n\n<p>SAEM inform\u00f3 que los cambios en la carteler\u00eda y la se\u00f1al\u00e9tica podr\u00edan demorar unos d\u00edas pero, no obstante, la medida del nuevo horario regir\u00e1 desde este jueves.<\/p>\n\n\n\n<p>La Ordenanza, que lleva el n\u00famero 14.944, fue aprobada por Concejo Deliberante la semana pasada, al ratificar los acuerdos alcanzados a finales de noviembre entre el Ejecutivo y la empresa que tiene a su cargo el sistema de estacionamiento medido en nuestra ciudad.<\/p>\n\n\n\n<p>El Legislativo comunal entendi\u00f3 -al igual que el Municipio y la empresa SAEM- que \u00abtranscurrido un tiempo (desde la implementaci\u00f3n del sistema) se convienen algunas modificaciones con la finalidad de permitir a las vecinas y vecinos adaptarse a la nueva modalidad de estacionamiento, cuya finalidad es el ordenamiento del tr\u00e1nsito vehicular y la seguridad vial en la ciudad \u00bb y aclara que \u00ablas modificaciones deben tener car\u00e1cter de provisorias\u00bb.<\/p>\n\n\n\n<p>En noviembre pasado, el intendente Carlos Saloniti, el gerente general de SAEM, Daniel Albi, y los propietarios de la empresa, evaluaron varias propuestas presentadas durante las \u00faltimas semanas por vecinas y vecinos y por concejales, surgidas del di\u00e1logo respetuoso y de la b\u00fasqueda de consensos.<\/p>\n","protected":false},"excerpt":{"rendered":"<p>Tras el acuerdo entre el Ejecutivo Municipal, el Concejo Deliberante y la empresa SAEM, este jueves comenzar\u00e1n a implementarse las modificaciones en el sistema de estacionamiento medido en nuestra ciudad, que establece la reducci\u00f3n del horario de cobro del servicio, que operar\u00e1 de lunes a viernes de 08:00 a 18:00 hs. y s\u00e1bados de 8.00 [&hellip;]<\/p>\n","protected":false},"author":2,"featured_media":4159,"comment_status":"closed","ping_status":"open","sticky":false,"template":"","format":"standard","meta":{"footnotes":""},"categories":[16,14,17],"tags":[],"class_list":{"0":"post-4158","1":"post","2":"type-post","3":"status-publish","4":"format-standard","5":"has-post-thumbnail","7":"category-destacadas","8":"category-noticias","9":"category-portada"},"_links":{"self":[{"href":"https:\/\/prensa.sma.gob.ar\/index.php?rest_route=\/wp\/v2\/posts\/4158","targetHints":{"allow":["GET"]}}],"collection":[{"href":"https:\/\/prensa.sma.gob.ar\/index.php?rest_route=\/wp\/v2\/posts"}],"about":[{"href":"https:\/\/prensa.sma.gob.ar\/index.php?rest_route=\/wp\/v2\/types\/post"}],"author":[{"embeddable":true,"href":"https:\/\/prensa.sma.gob.ar\/index.php?rest_route=\/wp\/v2\/users\/2"}],"replies":[{"embeddable":true,"href":"https:\/\/prensa.sma.gob.ar\/index.php?rest_route=%2Fwp%2Fv2%2Fcomments&post=4158"}],"version-history":[{"count":1,"href":"https:\/\/prensa.sma.gob.ar\/index.php?rest_route=\/wp\/v2\/posts\/4158\/revisions"}],"predecessor-version":[{"id":4160,"href":"https:\/\/prensa.sma.gob.ar\/index.php?rest_route=\/wp\/v2\/posts\/4158\/revisions\/4160"}],"wp:featuredmedia":[{"embeddable":true,"href":"https:\/\/prensa.sma.gob.ar\/index.php?rest_route=\/wp\/v2\/media\/4159"}],"wp:attachment":[{"href":"https:\/\/prensa.sma.gob.ar\/index.php?rest_route=%2Fwp%2Fv2%2Fmedia&parent=4158"}],"wp:term":[{"taxonomy":"category","embeddable":true,"href":"https:\/\/prensa.sma.gob.ar\/index.php?rest_route=%2Fwp%2Fv2%2Fcategories&post=4158"},{"taxonomy":"post_tag","embeddable":true,"href":"https:\/\/prensa.sma.gob.ar\/index.php?rest_route=%2Fwp%2Fv2%2Ftags&post=4158"}],"curies":[{"name":"wp","href":"https:\/\/api.w.org\/{rel}","templated":true}]}}