{"id":4168,"date":"2024-12-12T23:17:56","date_gmt":"2024-12-12T23:17:56","guid":{"rendered":"https:\/\/prensa.sma.gob.ar\/?p=4168"},"modified":"2024-12-12T23:17:57","modified_gmt":"2024-12-12T23:17:57","slug":"con-nuevas-funciones-el-cope-retomo-el-dialogo-participativo","status":"publish","type":"post","link":"https:\/\/prensa.sma.gob.ar\/?p=4168","title":{"rendered":"Con nuevas funciones, el COPE retom\u00f3 el di\u00e1logo participativo"},"content":{"rendered":"\n<p>Gran cantidad de representantes de diferentes sectores de San Mart\u00edn de los Andes participaron de la primera reuni\u00f3n plenaria de la Secretar\u00eda de Coordinaci\u00f3n del Consejo de Planificaci\u00f3n Estrat\u00e9gica (COPE) y Gesti\u00f3n de Proyectos, organismo que present\u00f3 los alcances de su refuncionalizaci\u00f3n.<\/p>\n\n\n\n<p>El encuentro fue encabezado por el intendente Carlos Saloniti y cont\u00f3 con representantes de colegios de profesionales, gremios, organizaciones sociales, Concejo Deliberante, c\u00e1maras empresarias, Concejo de Juntas Vecinales, organizaciones no gubernamentales, funcionarios de todas las \u00e1reas del Ejecutivo municipal. Las comunidades fueron tambi\u00e9n invitadas pero se excusaron por temas de agenda en la ciudad de Neuqu\u00e9n.<\/p>\n\n\n\n<p>El plenario, que se &nbsp;realiz\u00f3 este mi\u00e9rcoles en la Sala G\u00fcnther Blass del Centro Cultural COTESMA, sirvi\u00f3, adem\u00e1s, para la presentaci\u00f3n de las nuevas autoridades de la Secretar\u00eda; la explicaci\u00f3n del nuevo organigrama de la Secretar\u00eda; y la revisi\u00f3n de la agenda de audiencias p\u00fablicas para el 2025.<\/p>\n\n\n\n<figure class=\"wp-block-gallery has-nested-images columns-default is-cropped wp-block-gallery-1 is-layout-flex wp-block-gallery-is-layout-flex\">\n<figure class=\"wp-block-image size-large\"><img loading=\"lazy\" decoding=\"async\" width=\"1024\" height=\"589\" data-id=\"4173\" src=\"https:\/\/prensa.sma.gob.ar\/wp-content\/uploads\/2024\/12\/WhatsApp-Image-2024-12-11-at-20.54.30-1024x589.jpeg\" alt=\"\" class=\"wp-image-4173\" srcset=\"https:\/\/prensa.sma.gob.ar\/wp-content\/uploads\/2024\/12\/WhatsApp-Image-2024-12-11-at-20.54.30-1024x589.jpeg 1024w, https:\/\/prensa.sma.gob.ar\/wp-content\/uploads\/2024\/12\/WhatsApp-Image-2024-12-11-at-20.54.30-300x173.jpeg 300w, https:\/\/prensa.sma.gob.ar\/wp-content\/uploads\/2024\/12\/WhatsApp-Image-2024-12-11-at-20.54.30-768x442.jpeg 768w, https:\/\/prensa.sma.gob.ar\/wp-content\/uploads\/2024\/12\/WhatsApp-Image-2024-12-11-at-20.54.30-1536x883.jpeg 1536w, https:\/\/prensa.sma.gob.ar\/wp-content\/uploads\/2024\/12\/WhatsApp-Image-2024-12-11-at-20.54.30-730x420.jpeg 730w, https:\/\/prensa.sma.gob.ar\/wp-content\/uploads\/2024\/12\/WhatsApp-Image-2024-12-11-at-20.54.30-696x400.jpeg 696w, https:\/\/prensa.sma.gob.ar\/wp-content\/uploads\/2024\/12\/WhatsApp-Image-2024-12-11-at-20.54.30-1068x614.jpeg 1068w, https:\/\/prensa.sma.gob.ar\/wp-content\/uploads\/2024\/12\/WhatsApp-Image-2024-12-11-at-20.54.30.jpeg 1600w\" sizes=\"auto, (max-width: 1024px) 100vw, 1024px\" \/><\/figure>\n\n\n\n<figure class=\"wp-block-image size-large\"><img loading=\"lazy\" decoding=\"async\" width=\"1024\" height=\"576\" data-id=\"4176\" src=\"https:\/\/prensa.sma.gob.ar\/wp-content\/uploads\/2024\/12\/WhatsApp-Image-2024-12-11-at-20.54.28-1024x576.jpeg\" alt=\"\" class=\"wp-image-4176\" srcset=\"https:\/\/prensa.sma.gob.ar\/wp-content\/uploads\/2024\/12\/WhatsApp-Image-2024-12-11-at-20.54.28-1024x576.jpeg 1024w, https:\/\/prensa.sma.gob.ar\/wp-content\/uploads\/2024\/12\/WhatsApp-Image-2024-12-11-at-20.54.28-300x169.jpeg 300w, https:\/\/prensa.sma.gob.ar\/wp-content\/uploads\/2024\/12\/WhatsApp-Image-2024-12-11-at-20.54.28-768x432.jpeg 768w, https:\/\/prensa.sma.gob.ar\/wp-content\/uploads\/2024\/12\/WhatsApp-Image-2024-12-11-at-20.54.28-1536x864.jpeg 1536w, https:\/\/prensa.sma.gob.ar\/wp-content\/uploads\/2024\/12\/WhatsApp-Image-2024-12-11-at-20.54.28-747x420.jpeg 747w, https:\/\/prensa.sma.gob.ar\/wp-content\/uploads\/2024\/12\/WhatsApp-Image-2024-12-11-at-20.54.28-696x392.jpeg 696w, https:\/\/prensa.sma.gob.ar\/wp-content\/uploads\/2024\/12\/WhatsApp-Image-2024-12-11-at-20.54.28-1068x601.jpeg 1068w, https:\/\/prensa.sma.gob.ar\/wp-content\/uploads\/2024\/12\/WhatsApp-Image-2024-12-11-at-20.54.28.jpeg 1600w\" sizes=\"auto, (max-width: 1024px) 100vw, 1024px\" \/><\/figure>\n\n\n\n<figure class=\"wp-block-image size-large\"><img loading=\"lazy\" decoding=\"async\" width=\"1024\" height=\"576\" data-id=\"4174\" src=\"https:\/\/prensa.sma.gob.ar\/wp-content\/uploads\/2024\/12\/WhatsApp-Image-2024-12-11-at-20.54.29-1024x576.jpeg\" alt=\"\" class=\"wp-image-4174\" srcset=\"https:\/\/prensa.sma.gob.ar\/wp-content\/uploads\/2024\/12\/WhatsApp-Image-2024-12-11-at-20.54.29-1024x576.jpeg 1024w, https:\/\/prensa.sma.gob.ar\/wp-content\/uploads\/2024\/12\/WhatsApp-Image-2024-12-11-at-20.54.29-300x169.jpeg 300w, https:\/\/prensa.sma.gob.ar\/wp-content\/uploads\/2024\/12\/WhatsApp-Image-2024-12-11-at-20.54.29-768x432.jpeg 768w, https:\/\/prensa.sma.gob.ar\/wp-content\/uploads\/2024\/12\/WhatsApp-Image-2024-12-11-at-20.54.29-1536x864.jpeg 1536w, https:\/\/prensa.sma.gob.ar\/wp-content\/uploads\/2024\/12\/WhatsApp-Image-2024-12-11-at-20.54.29-747x420.jpeg 747w, https:\/\/prensa.sma.gob.ar\/wp-content\/uploads\/2024\/12\/WhatsApp-Image-2024-12-11-at-20.54.29-696x392.jpeg 696w, https:\/\/prensa.sma.gob.ar\/wp-content\/uploads\/2024\/12\/WhatsApp-Image-2024-12-11-at-20.54.29-1068x601.jpeg 1068w, https:\/\/prensa.sma.gob.ar\/wp-content\/uploads\/2024\/12\/WhatsApp-Image-2024-12-11-at-20.54.29.jpeg 1600w\" sizes=\"auto, (max-width: 1024px) 100vw, 1024px\" \/><\/figure>\n<\/figure>\n\n\n\n<p>En su presentaci\u00f3n, el secretario de Coordinaci\u00f3n del COPE y Gesti\u00f3n de Proyectos, Mart\u00edn Rodr\u00edguez, agradeci\u00f3 la confianza del intendente Saloniti para relanzar el COPE y abrirlo a\u00fan m\u00e1s a la participaci\u00f3n, \u201cpara captar la voluntad de aportar y de ponerse de acuerdo en la resoluci\u00f3n de temas de planificaci\u00f3n\u201d. Reafirm\u00f3 que \u201csiendo distintos, pensando distinto y viniendo de distintos lugares, hay un lugar com\u00fan, basado en el esfuerzo y la honestidad de tirar para adelante\u201d.<\/p>\n\n\n\n<p>En cuanto a los cambios principales en la estructura del COPE, Rodr\u00edguez record\u00f3 que la nueva Ordenanza sobre el COPE plantea la necesaria planificaci\u00f3n estrat\u00e9gica de la ciudad y defini\u00f3 el nuevo rol como \u201cplanificaci\u00f3n estrat\u00e9gica y gesti\u00f3n para el desarrollo, para estudiar y pensar los modos en que se consigue la financiaci\u00f3n del desarrollo\u201d.<\/p>\n\n\n\n<p>El subsecretario de Planificaci\u00f3n Participativa y Monitoreo del Plan Estrat\u00e9gico, F\u00e9lix Cariboni, explic\u00f3 que los plenarios del COPE est\u00e1n establecidos en la Carta Org\u00e1nica Municipal que dio origen a este organismo, como parte del esp\u00edritu participativo que lo caracteriza. Record\u00f3 los trabajos hechos en etapas anteriores y describi\u00f3 los alcances de eta nueva etapa.<\/p>\n\n\n\n<p>Cariboni se\u00f1al\u00f3 que es poco com\u00fan que un Municipio tenga un \u00e1mbito institucional de planificaci\u00f3n y detall\u00f3 que la refuncionalizaci\u00f3n se la Secretar\u00eda de Coordinaci\u00f3n del Consejo de Planificaci\u00f3n estrat\u00e9gica (COPE) incluye la coordinaci\u00f3n del Consejo de Planificaci\u00f3n Estrat\u00e9gica y Gesti\u00f3n de Proyectos y, como nueva instancia, la gesti\u00f3n de proyectos en territorio para el desarrollo con equidad e inclusi\u00f3n.<\/p>\n\n\n\n<figure class=\"wp-block-gallery has-nested-images columns-default is-cropped wp-block-gallery-2 is-layout-flex wp-block-gallery-is-layout-flex\">\n<figure class=\"wp-block-image size-large\"><img loading=\"lazy\" decoding=\"async\" width=\"1024\" height=\"576\" data-id=\"4178\" src=\"https:\/\/prensa.sma.gob.ar\/wp-content\/uploads\/2024\/12\/WhatsApp-Image-2024-12-11-at-20.54.27-1024x576.jpeg\" alt=\"\" class=\"wp-image-4178\" srcset=\"https:\/\/prensa.sma.gob.ar\/wp-content\/uploads\/2024\/12\/WhatsApp-Image-2024-12-11-at-20.54.27-1024x576.jpeg 1024w, https:\/\/prensa.sma.gob.ar\/wp-content\/uploads\/2024\/12\/WhatsApp-Image-2024-12-11-at-20.54.27-300x169.jpeg 300w, https:\/\/prensa.sma.gob.ar\/wp-content\/uploads\/2024\/12\/WhatsApp-Image-2024-12-11-at-20.54.27-768x432.jpeg 768w, https:\/\/prensa.sma.gob.ar\/wp-content\/uploads\/2024\/12\/WhatsApp-Image-2024-12-11-at-20.54.27-1536x864.jpeg 1536w, https:\/\/prensa.sma.gob.ar\/wp-content\/uploads\/2024\/12\/WhatsApp-Image-2024-12-11-at-20.54.27-747x420.jpeg 747w, https:\/\/prensa.sma.gob.ar\/wp-content\/uploads\/2024\/12\/WhatsApp-Image-2024-12-11-at-20.54.27-696x392.jpeg 696w, https:\/\/prensa.sma.gob.ar\/wp-content\/uploads\/2024\/12\/WhatsApp-Image-2024-12-11-at-20.54.27-1068x601.jpeg 1068w, https:\/\/prensa.sma.gob.ar\/wp-content\/uploads\/2024\/12\/WhatsApp-Image-2024-12-11-at-20.54.27.jpeg 1600w\" sizes=\"auto, (max-width: 1024px) 100vw, 1024px\" \/><\/figure>\n\n\n\n<figure class=\"wp-block-image size-large\"><img loading=\"lazy\" decoding=\"async\" width=\"1024\" height=\"576\" data-id=\"4177\" src=\"https:\/\/prensa.sma.gob.ar\/wp-content\/uploads\/2024\/12\/WhatsApp-Image-2024-12-11-at-20.54.27-1-1024x576.jpeg\" alt=\"\" class=\"wp-image-4177\" srcset=\"https:\/\/prensa.sma.gob.ar\/wp-content\/uploads\/2024\/12\/WhatsApp-Image-2024-12-11-at-20.54.27-1-1024x576.jpeg 1024w, https:\/\/prensa.sma.gob.ar\/wp-content\/uploads\/2024\/12\/WhatsApp-Image-2024-12-11-at-20.54.27-1-300x169.jpeg 300w, https:\/\/prensa.sma.gob.ar\/wp-content\/uploads\/2024\/12\/WhatsApp-Image-2024-12-11-at-20.54.27-1-768x432.jpeg 768w, https:\/\/prensa.sma.gob.ar\/wp-content\/uploads\/2024\/12\/WhatsApp-Image-2024-12-11-at-20.54.27-1-1536x864.jpeg 1536w, https:\/\/prensa.sma.gob.ar\/wp-content\/uploads\/2024\/12\/WhatsApp-Image-2024-12-11-at-20.54.27-1-747x420.jpeg 747w, https:\/\/prensa.sma.gob.ar\/wp-content\/uploads\/2024\/12\/WhatsApp-Image-2024-12-11-at-20.54.27-1-696x392.jpeg 696w, https:\/\/prensa.sma.gob.ar\/wp-content\/uploads\/2024\/12\/WhatsApp-Image-2024-12-11-at-20.54.27-1-1068x601.jpeg 1068w, https:\/\/prensa.sma.gob.ar\/wp-content\/uploads\/2024\/12\/WhatsApp-Image-2024-12-11-at-20.54.27-1.jpeg 1600w\" sizes=\"auto, (max-width: 1024px) 100vw, 1024px\" \/><\/figure>\n\n\n\n<figure class=\"wp-block-image size-large\"><img loading=\"lazy\" decoding=\"async\" width=\"1024\" height=\"576\" data-id=\"4172\" src=\"https:\/\/prensa.sma.gob.ar\/wp-content\/uploads\/2024\/12\/WhatsApp-Image-2024-12-11-at-20.54.31-1024x576.jpeg\" alt=\"\" class=\"wp-image-4172\" srcset=\"https:\/\/prensa.sma.gob.ar\/wp-content\/uploads\/2024\/12\/WhatsApp-Image-2024-12-11-at-20.54.31-1024x576.jpeg 1024w, https:\/\/prensa.sma.gob.ar\/wp-content\/uploads\/2024\/12\/WhatsApp-Image-2024-12-11-at-20.54.31-300x169.jpeg 300w, https:\/\/prensa.sma.gob.ar\/wp-content\/uploads\/2024\/12\/WhatsApp-Image-2024-12-11-at-20.54.31-768x432.jpeg 768w, https:\/\/prensa.sma.gob.ar\/wp-content\/uploads\/2024\/12\/WhatsApp-Image-2024-12-11-at-20.54.31-1536x864.jpeg 1536w, https:\/\/prensa.sma.gob.ar\/wp-content\/uploads\/2024\/12\/WhatsApp-Image-2024-12-11-at-20.54.31-747x420.jpeg 747w, https:\/\/prensa.sma.gob.ar\/wp-content\/uploads\/2024\/12\/WhatsApp-Image-2024-12-11-at-20.54.31-696x392.jpeg 696w, https:\/\/prensa.sma.gob.ar\/wp-content\/uploads\/2024\/12\/WhatsApp-Image-2024-12-11-at-20.54.31-1068x601.jpeg 1068w, https:\/\/prensa.sma.gob.ar\/wp-content\/uploads\/2024\/12\/WhatsApp-Image-2024-12-11-at-20.54.31.jpeg 1600w\" sizes=\"auto, (max-width: 1024px) 100vw, 1024px\" \/><\/figure>\n<\/figure>\n\n\n\n<p>Se\u00f1al\u00f3 que las nuevas miradas de la Secretar\u00eda incluyen retomar los lineamientos del Plan Estrat\u00e9gico 2030, elaborado por el COPE y aprobado por el Concejo Deliberante en 2016; generar una gesti\u00f3n de proyectos para el desarrollo con equidad de los barrios junto a las juntas vecinales; y aumentar la participaci\u00f3n a trav\u00e9s de audiencias p\u00fablicas. En tal sentido, record\u00f3 que, en febrero, se discutir\u00e1 el Plan Maestro de Espacios P\u00fablicos; y en marzo, el Plan de Acci\u00f3n Clim\u00e1tica.<\/p>\n\n\n\n<p>De las exposiciones &nbsp;tambi\u00e9n particip\u00f3 el t\u00e9cnico del Parque Nacional Lanin Marcelo Fern\u00e1ndez, gracias a la colaboraci\u00f3n acordada con las autoridades del organismo nacional que, en nuestra regi\u00f3n, encabeza la intendenta Monin Aquin.<\/p>\n\n\n\n<p><strong>Participaci\u00f3n comunitaria diversa<\/strong><\/p>\n\n\n\n<p>El segmento participativo cont\u00f3 con preguntas, reflexiones y aportes de representantes de diversos organismos, instituciones y organizaciones. Br\u00edgida Vilari\u00f1o, del Consejo de la Comunidad para la Ni\u00f1ez, Adolescencia y Familia, destac\u00f3 la importancia de que recuperar los derechos de las ni\u00f1eces y adolescencias a participar, jugar y a la autonom\u00eda, que les permita moverse por su barrio y sentirse protegido por la comunidad.<\/p>\n\n\n\n<p>El secretario de Cultura del Municipio pidi\u00f3 incorporar&nbsp; a la planificaci\u00f3n del COPE el concepto de Desarrollo Cultural como prioridad para fortalecer la identidad y la diversidad cultural; y destac\u00f3 la importancia de incorporar el concepto del patrimonio a la normativa municipal. En el c\u00f3digo urbano.<\/p>\n\n\n\n<p>Flavio Caldas, del Colegio de Ingenieros, celebr\u00f3 en nombre de los profesionales la reactivaci\u00f3n y las nuevas funciones del COPE y consider\u00f3 fundamental trabajar de manera conjunta en conectividad, infraestructura, log\u00edstica y en que los organismos no sean compartimentos estancos.<\/p>\n\n\n\n<figure class=\"wp-block-gallery has-nested-images columns-default is-cropped wp-block-gallery-3 is-layout-flex wp-block-gallery-is-layout-flex\">\n<figure class=\"wp-block-image size-large\"><img loading=\"lazy\" decoding=\"async\" width=\"1024\" height=\"576\" data-id=\"4171\" src=\"https:\/\/prensa.sma.gob.ar\/wp-content\/uploads\/2024\/12\/WhatsApp-Image-2024-12-11-at-20.54.32-1024x576.jpeg\" alt=\"\" class=\"wp-image-4171\" srcset=\"https:\/\/prensa.sma.gob.ar\/wp-content\/uploads\/2024\/12\/WhatsApp-Image-2024-12-11-at-20.54.32-1024x576.jpeg 1024w, https:\/\/prensa.sma.gob.ar\/wp-content\/uploads\/2024\/12\/WhatsApp-Image-2024-12-11-at-20.54.32-300x169.jpeg 300w, https:\/\/prensa.sma.gob.ar\/wp-content\/uploads\/2024\/12\/WhatsApp-Image-2024-12-11-at-20.54.32-768x432.jpeg 768w, https:\/\/prensa.sma.gob.ar\/wp-content\/uploads\/2024\/12\/WhatsApp-Image-2024-12-11-at-20.54.32-1536x864.jpeg 1536w, https:\/\/prensa.sma.gob.ar\/wp-content\/uploads\/2024\/12\/WhatsApp-Image-2024-12-11-at-20.54.32-747x420.jpeg 747w, https:\/\/prensa.sma.gob.ar\/wp-content\/uploads\/2024\/12\/WhatsApp-Image-2024-12-11-at-20.54.32-696x392.jpeg 696w, https:\/\/prensa.sma.gob.ar\/wp-content\/uploads\/2024\/12\/WhatsApp-Image-2024-12-11-at-20.54.32-1068x601.jpeg 1068w, https:\/\/prensa.sma.gob.ar\/wp-content\/uploads\/2024\/12\/WhatsApp-Image-2024-12-11-at-20.54.32.jpeg 1600w\" sizes=\"auto, (max-width: 1024px) 100vw, 1024px\" \/><\/figure>\n\n\n\n<figure class=\"wp-block-image size-large\"><img loading=\"lazy\" decoding=\"async\" width=\"1024\" height=\"576\" data-id=\"4170\" src=\"https:\/\/prensa.sma.gob.ar\/wp-content\/uploads\/2024\/12\/WhatsApp-Image-2024-12-11-at-20.54.32-1-1024x576.jpeg\" alt=\"\" class=\"wp-image-4170\" srcset=\"https:\/\/prensa.sma.gob.ar\/wp-content\/uploads\/2024\/12\/WhatsApp-Image-2024-12-11-at-20.54.32-1-1024x576.jpeg 1024w, https:\/\/prensa.sma.gob.ar\/wp-content\/uploads\/2024\/12\/WhatsApp-Image-2024-12-11-at-20.54.32-1-300x169.jpeg 300w, https:\/\/prensa.sma.gob.ar\/wp-content\/uploads\/2024\/12\/WhatsApp-Image-2024-12-11-at-20.54.32-1-768x432.jpeg 768w, https:\/\/prensa.sma.gob.ar\/wp-content\/uploads\/2024\/12\/WhatsApp-Image-2024-12-11-at-20.54.32-1-1536x864.jpeg 1536w, https:\/\/prensa.sma.gob.ar\/wp-content\/uploads\/2024\/12\/WhatsApp-Image-2024-12-11-at-20.54.32-1-747x420.jpeg 747w, https:\/\/prensa.sma.gob.ar\/wp-content\/uploads\/2024\/12\/WhatsApp-Image-2024-12-11-at-20.54.32-1-696x392.jpeg 696w, https:\/\/prensa.sma.gob.ar\/wp-content\/uploads\/2024\/12\/WhatsApp-Image-2024-12-11-at-20.54.32-1-1068x601.jpeg 1068w, https:\/\/prensa.sma.gob.ar\/wp-content\/uploads\/2024\/12\/WhatsApp-Image-2024-12-11-at-20.54.32-1.jpeg 1600w\" sizes=\"auto, (max-width: 1024px) 100vw, 1024px\" \/><\/figure>\n\n\n\n<figure class=\"wp-block-image size-large\"><img loading=\"lazy\" decoding=\"async\" width=\"1024\" height=\"589\" data-id=\"4169\" src=\"https:\/\/prensa.sma.gob.ar\/wp-content\/uploads\/2024\/12\/WhatsApp-Image-2024-12-11-at-20.55.36-1024x589.jpeg\" alt=\"\" class=\"wp-image-4169\" srcset=\"https:\/\/prensa.sma.gob.ar\/wp-content\/uploads\/2024\/12\/WhatsApp-Image-2024-12-11-at-20.55.36-1024x589.jpeg 1024w, https:\/\/prensa.sma.gob.ar\/wp-content\/uploads\/2024\/12\/WhatsApp-Image-2024-12-11-at-20.55.36-300x173.jpeg 300w, https:\/\/prensa.sma.gob.ar\/wp-content\/uploads\/2024\/12\/WhatsApp-Image-2024-12-11-at-20.55.36-768x442.jpeg 768w, https:\/\/prensa.sma.gob.ar\/wp-content\/uploads\/2024\/12\/WhatsApp-Image-2024-12-11-at-20.55.36-1536x883.jpeg 1536w, https:\/\/prensa.sma.gob.ar\/wp-content\/uploads\/2024\/12\/WhatsApp-Image-2024-12-11-at-20.55.36-730x420.jpeg 730w, https:\/\/prensa.sma.gob.ar\/wp-content\/uploads\/2024\/12\/WhatsApp-Image-2024-12-11-at-20.55.36-696x400.jpeg 696w, https:\/\/prensa.sma.gob.ar\/wp-content\/uploads\/2024\/12\/WhatsApp-Image-2024-12-11-at-20.55.36-1068x614.jpeg 1068w, https:\/\/prensa.sma.gob.ar\/wp-content\/uploads\/2024\/12\/WhatsApp-Image-2024-12-11-at-20.55.36.jpeg 1600w\" sizes=\"auto, (max-width: 1024px) 100vw, 1024px\" \/><\/figure>\n<\/figure>\n\n\n\n<p>Gonzalo Salaberry, de la Defensor\u00eda del Pueblo y del Ambiente, \u00a0se refiri\u00f3 a la importancia de los proyectos rectores que inciden en la concreci\u00f3n de los planes. Tambi\u00e9n promovi\u00f3 la necesidad de que los barrios cuenten con nuevas plazas, parques y espacios verdes; planes de vivienda y espacios en los cuales seguir desarrollando h\u00e1bitat.<\/p>\n\n\n\n<p>El presidente de la C\u00e1mara de Comercio, Lucas M\u00e1ntaras, resalt\u00f3 la importancia de la participaci\u00f3n del sector privado y pidi\u00f3 acordar de qu\u00e9 manera van a participar las organizaciones en cada convocatoria del COPE. Adem\u00e1s de reiterar su rechazo al estacionamiento medido, destac\u00f3 la importancia de la presencia de los concejales. &nbsp;Tambi\u00e9n pidi\u00f3 que los municipios de San Mart\u00edn y Jun\u00edn se pongan al frente del reclamo para reactivar las obras de ampliaci\u00f3n del aeropuerto y sugiri\u00f3 retomar el proyecto de Parque de Actividades Productivas para ordenar la instalaci\u00f3n de galpones y dep\u00f3sitos.<\/p>\n\n\n\n<p>Francisco Amoroso, del Colegio de Arquitectos, transmiti\u00f3 el reclamo de los colegios de profesionales para que se profundice la reactivaci\u00f3n del COPE y el taller interinstitucional, que volvi\u00f3 a ponerse en marcha recientemente. Afirm\u00f3 que el colegio de profesionales est\u00e1n trabajando en nuevas miradas para entender el planeamientoy que el resultado de esos trabajos los van a aportar al COPE. Sobre el espacio p\u00fablico, record\u00f3 que el Plan Maestro prev\u00e9 la apropiaci\u00f3n comunitaria de los espacios barriales.<\/p>\n\n\n\n<p>Emilia Pav\u00e9s, de la comisi\u00f3n directiva del sindicato docente \u00a0ATEN, sugiri\u00f3 sumar a la planificaci\u00f3n la discusi\u00f3n sobre c\u00f3mo hacer escuelas habitables e intervenir en planificar la ciudad para la educaci\u00f3n. \u00a0Apoy\u00f3 la idea de sumar ni\u00f1as, ni\u00f1os y adolescentes y otros actores que puedan aportar esa mirada.<\/p>\n\n\n\n<p>Mar\u00eda Jos\u00e9 Fabro, del Consejo de Juntas Vecinales, se\u00f1al\u00f3 que en el reciente encuentro del Consejo de Discapacidad se retom\u00f3 la importancia de los espacios para conectar a las y los habitantes de San Mart\u00edn de los Andes y reafirm\u00f3 que el COPE es uno de ellos. Resalt\u00f3 que es importante construir confianza en vecinos que van a ser escuchados y generar expectativas realistas.<\/p>\n\n\n\n<figure class=\"wp-block-gallery has-nested-images columns-default is-cropped wp-block-gallery-4 is-layout-flex wp-block-gallery-is-layout-flex\">\n<figure class=\"wp-block-image size-large\"><img loading=\"lazy\" decoding=\"async\" width=\"1024\" height=\"576\" data-id=\"4174\" src=\"https:\/\/prensa.sma.gob.ar\/wp-content\/uploads\/2024\/12\/WhatsApp-Image-2024-12-11-at-20.54.29-1024x576.jpeg\" alt=\"\" class=\"wp-image-4174\" srcset=\"https:\/\/prensa.sma.gob.ar\/wp-content\/uploads\/2024\/12\/WhatsApp-Image-2024-12-11-at-20.54.29-1024x576.jpeg 1024w, https:\/\/prensa.sma.gob.ar\/wp-content\/uploads\/2024\/12\/WhatsApp-Image-2024-12-11-at-20.54.29-300x169.jpeg 300w, https:\/\/prensa.sma.gob.ar\/wp-content\/uploads\/2024\/12\/WhatsApp-Image-2024-12-11-at-20.54.29-768x432.jpeg 768w, https:\/\/prensa.sma.gob.ar\/wp-content\/uploads\/2024\/12\/WhatsApp-Image-2024-12-11-at-20.54.29-1536x864.jpeg 1536w, https:\/\/prensa.sma.gob.ar\/wp-content\/uploads\/2024\/12\/WhatsApp-Image-2024-12-11-at-20.54.29-747x420.jpeg 747w, https:\/\/prensa.sma.gob.ar\/wp-content\/uploads\/2024\/12\/WhatsApp-Image-2024-12-11-at-20.54.29-696x392.jpeg 696w, https:\/\/prensa.sma.gob.ar\/wp-content\/uploads\/2024\/12\/WhatsApp-Image-2024-12-11-at-20.54.29-1068x601.jpeg 1068w, https:\/\/prensa.sma.gob.ar\/wp-content\/uploads\/2024\/12\/WhatsApp-Image-2024-12-11-at-20.54.29.jpeg 1600w\" sizes=\"auto, (max-width: 1024px) 100vw, 1024px\" \/><\/figure>\n\n\n\n<figure class=\"wp-block-image size-large\"><img loading=\"lazy\" decoding=\"async\" width=\"1024\" height=\"682\" data-id=\"4181\" src=\"https:\/\/prensa.sma.gob.ar\/wp-content\/uploads\/2024\/12\/WhatsApp-Image-2024-12-11-at-21.22.09-1024x682.jpeg\" alt=\"\" class=\"wp-image-4181\" srcset=\"https:\/\/prensa.sma.gob.ar\/wp-content\/uploads\/2024\/12\/WhatsApp-Image-2024-12-11-at-21.22.09-1024x682.jpeg 1024w, https:\/\/prensa.sma.gob.ar\/wp-content\/uploads\/2024\/12\/WhatsApp-Image-2024-12-11-at-21.22.09-300x200.jpeg 300w, https:\/\/prensa.sma.gob.ar\/wp-content\/uploads\/2024\/12\/WhatsApp-Image-2024-12-11-at-21.22.09-768x512.jpeg 768w, https:\/\/prensa.sma.gob.ar\/wp-content\/uploads\/2024\/12\/WhatsApp-Image-2024-12-11-at-21.22.09-1536x1023.jpeg 1536w, https:\/\/prensa.sma.gob.ar\/wp-content\/uploads\/2024\/12\/WhatsApp-Image-2024-12-11-at-21.22.09-630x420.jpeg 630w, https:\/\/prensa.sma.gob.ar\/wp-content\/uploads\/2024\/12\/WhatsApp-Image-2024-12-11-at-21.22.09-696x464.jpeg 696w, https:\/\/prensa.sma.gob.ar\/wp-content\/uploads\/2024\/12\/WhatsApp-Image-2024-12-11-at-21.22.09-1068x712.jpeg 1068w, https:\/\/prensa.sma.gob.ar\/wp-content\/uploads\/2024\/12\/WhatsApp-Image-2024-12-11-at-21.22.09.jpeg 1600w\" sizes=\"auto, (max-width: 1024px) 100vw, 1024px\" \/><\/figure>\n\n\n\n<figure class=\"wp-block-image size-large\"><img loading=\"lazy\" decoding=\"async\" width=\"1024\" height=\"682\" data-id=\"4182\" src=\"https:\/\/prensa.sma.gob.ar\/wp-content\/uploads\/2024\/12\/WhatsApp-Image-2024-12-11-at-21.20.49-1024x682.jpeg\" alt=\"\" class=\"wp-image-4182\" srcset=\"https:\/\/prensa.sma.gob.ar\/wp-content\/uploads\/2024\/12\/WhatsApp-Image-2024-12-11-at-21.20.49-1024x682.jpeg 1024w, https:\/\/prensa.sma.gob.ar\/wp-content\/uploads\/2024\/12\/WhatsApp-Image-2024-12-11-at-21.20.49-300x200.jpeg 300w, https:\/\/prensa.sma.gob.ar\/wp-content\/uploads\/2024\/12\/WhatsApp-Image-2024-12-11-at-21.20.49-768x512.jpeg 768w, https:\/\/prensa.sma.gob.ar\/wp-content\/uploads\/2024\/12\/WhatsApp-Image-2024-12-11-at-21.20.49-1536x1023.jpeg 1536w, https:\/\/prensa.sma.gob.ar\/wp-content\/uploads\/2024\/12\/WhatsApp-Image-2024-12-11-at-21.20.49-630x420.jpeg 630w, https:\/\/prensa.sma.gob.ar\/wp-content\/uploads\/2024\/12\/WhatsApp-Image-2024-12-11-at-21.20.49-696x464.jpeg 696w, https:\/\/prensa.sma.gob.ar\/wp-content\/uploads\/2024\/12\/WhatsApp-Image-2024-12-11-at-21.20.49-1068x712.jpeg 1068w, https:\/\/prensa.sma.gob.ar\/wp-content\/uploads\/2024\/12\/WhatsApp-Image-2024-12-11-at-21.20.49.jpeg 1600w\" sizes=\"auto, (max-width: 1024px) 100vw, 1024px\" \/><\/figure>\n<\/figure>\n\n\n\n<p>Claudia Lauscher, de la asociaci\u00f3n ARCUPA, reafirm\u00f3 que las y los adolescentes piden espacios f\u00edsicos para jugar o refugiarse del fr\u00edo; sugiri\u00f3 generar espacios que puedan albergar a j\u00f3venes en el Centro en tiempos de inclemencias clim\u00e1ticas y fortalecer la voluntad de los comercios para asistirlos.<\/p>\n\n\n\n<p>Manuel Ducid, de Patria Grande, celebr\u00f3 la convocatoria a la comunidad para pensar la ciudad, como forma de ejercicio democr\u00e1tico. Plante\u00f3 analizar mejoras en el transporte p\u00fablico, sobre todo atendiendo las necesidades de chicas y chicos para que lleguen a la escuela a tiempo y no tengan que esperar horas en el Centro. Tambi\u00e9n destac\u00f3 que, m\u00e1s all\u00e1 de lo p\u00fablico y lo privado, las organizaciones sociales son actores que tambi\u00e9n motorizan la ciudad.<\/p>\n\n\n\n<p>El agrimensor Santiago Bello plante\u00f3 la importancia de pensar a la ciudad integrada a la infraestructura y pidi\u00f3, tambi\u00e9n, la modernizaci\u00f3n de las normativas porque \u2013dijo- muchos de sus clientes plantean resolver \u00abpor izquierda\u00bb temas que la norma les proh\u00edbe. Por \u00faltimo, pidi\u00f3 prevenir el colapso de la ciudad pensando la infraestructura.<\/p>\n\n\n\n<p>El concejal Santiago Fern\u00e1ndez &nbsp;respondi\u00f3 al rechazo al estacionamiento medido y pidi\u00f3 prevenir falsos dilemas en el espacio p\u00fablico. Tambi\u00e9n destac\u00f3 la importancia de la participaci\u00f3n de actores con o sin instituciones legalmente constituidas y reclam\u00f3 un COPE democr\u00e1tico, que garantice participaci\u00f3n de todas y todos.<\/p>\n\n\n\n<p>Ema Tarelli, de la Mutual Yafutun, comparti\u00f3 la demanda de productores por el traslado a la ciudad y atender los problemas con el agua y\/o el clima para producir. Pidi\u00f3 analizar de qu\u00e9 manera los supermercados pueden colaborar con la producci\u00f3n local y de peque\u00f1a escala, especialmente agroecol\u00f3gica. Reafirm\u00f3 la importancia de que las comunidades ind\u00edgenas participen de este tipo de encuentros.<\/p>\n\n\n\n<p>Manuel Tosar, del Club N\u00e1utico, asegur\u00f3 que, desde esta instituci\u00f3n, ven de cerca el impacto en el lago del crecimiento de la ciudad. Reafirm\u00f3 la importancia de cuidar tambi\u00e9n los arroyos, en especial el Pocahullo y atender lo que est\u00e1 fuera del sistema de saneamiento de la Cooperativa de Agua porque va directamente al lago.<\/p>\n\n\n\n<p>Ignacio Ferrer\u00eda, del Barrio Intercultural y Vecinos sin techo, pidi\u00f3 cuantificar cu\u00e1nta gente entra en San Martin de los Andes sin da\u00f1ar el territorio; la capacidad de carga de la ciudad, de los barrios y de los lotes; el Factor de Ocupaci\u00f3n del Suelo; cu\u00e1l es el l\u00edmite y el modelo de crecimiento de San Mart\u00edn de los Andes. Puso como ejemplo las experiencias del Intercultural y del Instituto de Vivienda, en especial las actividades con las 200 familias adjudicatarias del sorteo de lotes en Chacra 30.<\/p>\n\n\n\n<p>Mauro&nbsp; Rojas, de la Asociaci\u00f3n Skate de los Andes, record\u00f3 que esta organizaci\u00f3n trabaj\u00f3 hace 17 a\u00f1os con una encuesta en las escuelas que determin\u00f3 que el skatepark deber\u00eda estar ubicado en el Parque Lineal Pocahullo. Afirm\u00f3 que la asociaci\u00f3n quiere trabajar con el Municipio y pidi\u00f3 concretar el espacio proyectado en el Parque Lineal.<\/p>\n\n\n\n<p>Sobre el final, Mart\u00edn Rodr\u00edguez y F\u00e9lix Cariboni, respondieron preguntas. Aseguraron que las Comunidades fueron invitadas al plenario del COPE pero que estaban con compromisos de reuniones en la capital provincial; afirmaron que los documentos del plenario ser\u00e1n distribuidos por grupo de WhatsApp; sugirieron que, luego de la apropiaci\u00f3n de los documentos por los concejales, se podr\u00edan habilitar encuentro para el seguimiento de los proyectos menores que surgen de ah\u00ed.<\/p>\n\n\n\n<p>En el cierre del encuentro, el intendente Carlos Saloniti reforz\u00f3 la idea de dotar al COPE de una mayor participaci\u00f3n de la comunidad y reafirm\u00f3 la necesidad de que el Ejecutivo tenga un \u00e1mbito que trascienda el estudio de las obras necesarias para mejorar la ciudad, y contemple, adem\u00e1s, la gesti\u00f3n de las formas de financiarlas.<\/p>\n\n\n\n<p>El jefe comunal agradeci\u00f3 la amplia diversidad de asistentes al plenario, reiter\u00f3 que su gesti\u00f3n no es la de un partido pol\u00edtico sino la uni\u00f3n de personas que tienen objetivos comunes por una ciudad mejor y reafirm\u00f3 que el Ejecutivo est\u00e1 abierto al di\u00e1logo y a la recepci\u00f3n de ideas o proyectos que contribuyan al mejoramiento de San Mart\u00edn de los Andes.<\/p>\n\n\n\n<p><\/p>\n","protected":false},"excerpt":{"rendered":"<p>Gran cantidad de representantes de diferentes sectores de San Mart\u00edn de los Andes participaron de la primera reuni\u00f3n plenaria de la Secretar\u00eda de Coordinaci\u00f3n del Consejo de Planificaci\u00f3n Estrat\u00e9gica (COPE) y Gesti\u00f3n de Proyectos, organismo que present\u00f3 los alcances de su refuncionalizaci\u00f3n. El encuentro fue encabezado por el intendente Carlos Saloniti y cont\u00f3 con representantes [&hellip;]<\/p>\n","protected":false},"author":2,"featured_media":4180,"comment_status":"closed","ping_status":"open","sticky":false,"template":"","format":"standard","meta":{"footnotes":""},"categories":[4,16,14,17],"tags":[],"class_list":{"0":"post-4168","1":"post","2":"type-post","3":"status-publish","4":"format-standard","5":"has-post-thumbnail","7":"category-cope","8":"category-destacadas","9":"category-noticias","10":"category-portada"},"_links":{"self":[{"href":"https:\/\/prensa.sma.gob.ar\/index.php?rest_route=\/wp\/v2\/posts\/4168","targetHints":{"allow":["GET"]}}],"collection":[{"href":"https:\/\/prensa.sma.gob.ar\/index.php?rest_route=\/wp\/v2\/posts"}],"about":[{"href":"https:\/\/prensa.sma.gob.ar\/index.php?rest_route=\/wp\/v2\/types\/post"}],"author":[{"embeddable":true,"href":"https:\/\/prensa.sma.gob.ar\/index.php?rest_route=\/wp\/v2\/users\/2"}],"replies":[{"embeddable":true,"href":"https:\/\/prensa.sma.gob.ar\/index.php?rest_route=%2Fwp%2Fv2%2Fcomments&post=4168"}],"version-history":[{"count":3,"href":"https:\/\/prensa.sma.gob.ar\/index.php?rest_route=\/wp\/v2\/posts\/4168\/revisions"}],"predecessor-version":[{"id":4187,"href":"https:\/\/prensa.sma.gob.ar\/index.php?rest_route=\/wp\/v2\/posts\/4168\/revisions\/4187"}],"wp:featuredmedia":[{"embeddable":true,"href":"https:\/\/prensa.sma.gob.ar\/index.php?rest_route=\/wp\/v2\/media\/4180"}],"wp:attachment":[{"href":"https:\/\/prensa.sma.gob.ar\/index.php?rest_route=%2Fwp%2Fv2%2Fmedia&parent=4168"}],"wp:term":[{"taxonomy":"category","embeddable":true,"href":"https:\/\/prensa.sma.gob.ar\/index.php?rest_route=%2Fwp%2Fv2%2Fcategories&post=4168"},{"taxonomy":"post_tag","embeddable":true,"href":"https:\/\/prensa.sma.gob.ar\/index.php?rest_route=%2Fwp%2Fv2%2Ftags&post=4168"}],"curies":[{"name":"wp","href":"https:\/\/api.w.org\/{rel}","templated":true}]}}