{"id":4199,"date":"2024-12-13T12:18:05","date_gmt":"2024-12-13T12:18:05","guid":{"rendered":"https:\/\/prensa.sma.gob.ar\/?p=4199"},"modified":"2024-12-13T13:41:29","modified_gmt":"2024-12-13T13:41:29","slug":"se-realizo-en-san-martin-de-los-andes-la-presentacion-del-plan-de-salud-para-la-region-sur","status":"publish","type":"post","link":"https:\/\/prensa.sma.gob.ar\/?p=4199","title":{"rendered":"Se realiz\u00f3 en San Mart\u00edn de los Andes la presentaci\u00f3n del plan de salud para la Regi\u00f3n Sur"},"content":{"rendered":"\n<p>Autoridades de Salud de la provincia de Neuqu\u00e9n&nbsp; presentaron en nuestra ciudad el Plan Provincial de Salud para la regi\u00f3n Lagos del Sur, durante una jornada a la que asisti\u00f3 el intendente Carlos Saloniti y que cont\u00f3 con la presencia de profesionales y representantes de cada hospital y centro de salud de la Zona Sanitaria IV.<\/p>\n\n\n\n<p>La presentaci\u00f3n estuvo a cargo de la directora general de Implementaci\u00f3n del Plan de Salud, Carla P\u00e9rez Fern\u00e1ndez, encargada de trazar los principales lineamientos del programa 2024\/2027, al que defini\u00f3 como \u201cun principio de ordenamiento\u201d, conformado por estad\u00edsticas de cada zona, que se ir\u00e1 nutriendo de las propias experiencias de cada regi\u00f3n.<\/p>\n\n\n\n<p>La Dra. P\u00e9rez Fern\u00e1ndez estuvo acompa\u00f1ada por el director provincial de Atenci\u00f3n Primaria de la Salud, Edgardo I\u00f1\u00edguez, otros directores del Ministerio de Salud de Neuqu\u00e9n, y el jefe de la Zona Sanitaria Sur, Agust\u00edn Fages.<\/p>\n\n\n\n<p>El intendente Saloniti agradeci\u00f3 especialmente la invitaci\u00f3n, escuch\u00f3 los principales ejes en los que se apoya el Plan Provincial, y coincidi\u00f3 con P\u00e9rez Fern\u00e1ndez en que el tema de la salud es propio de toda la comunidad, teniendo en cuenta, adem\u00e1s, las particularidades de cada ciudad o regi\u00f3n.<\/p>\n\n\n\n<p>La directora de implementaci\u00f3n del Plan enumer\u00f3 las metas que persigue el plan, en base a discusiones, participaci\u00f3n, estad\u00edsticas y abordajes del problema en lo cotidiano. Se\u00f1al\u00f3 que el esp\u00edritu del programa es \u201cretomar los valores de lo que Neuqu\u00e9n hizo bien en materia de Salud, actualizado con tecnolog\u00edas y miradas actuales\u201d.<\/p>\n\n\n\n<figure class=\"wp-block-gallery has-nested-images columns-default is-cropped wp-block-gallery-1 is-layout-flex wp-block-gallery-is-layout-flex\">\n<figure class=\"wp-block-image size-large\"><img loading=\"lazy\" decoding=\"async\" width=\"1024\" height=\"576\" data-id=\"4204\" src=\"https:\/\/prensa.sma.gob.ar\/wp-content\/uploads\/2024\/12\/WhatsApp-Image-2024-12-12-at-13.32.44-1024x576.jpeg\" alt=\"\" class=\"wp-image-4204\" srcset=\"https:\/\/prensa.sma.gob.ar\/wp-content\/uploads\/2024\/12\/WhatsApp-Image-2024-12-12-at-13.32.44-1024x576.jpeg 1024w, https:\/\/prensa.sma.gob.ar\/wp-content\/uploads\/2024\/12\/WhatsApp-Image-2024-12-12-at-13.32.44-300x169.jpeg 300w, https:\/\/prensa.sma.gob.ar\/wp-content\/uploads\/2024\/12\/WhatsApp-Image-2024-12-12-at-13.32.44-768x432.jpeg 768w, https:\/\/prensa.sma.gob.ar\/wp-content\/uploads\/2024\/12\/WhatsApp-Image-2024-12-12-at-13.32.44-1536x864.jpeg 1536w, https:\/\/prensa.sma.gob.ar\/wp-content\/uploads\/2024\/12\/WhatsApp-Image-2024-12-12-at-13.32.44-747x420.jpeg 747w, https:\/\/prensa.sma.gob.ar\/wp-content\/uploads\/2024\/12\/WhatsApp-Image-2024-12-12-at-13.32.44-696x392.jpeg 696w, https:\/\/prensa.sma.gob.ar\/wp-content\/uploads\/2024\/12\/WhatsApp-Image-2024-12-12-at-13.32.44-1068x601.jpeg 1068w, https:\/\/prensa.sma.gob.ar\/wp-content\/uploads\/2024\/12\/WhatsApp-Image-2024-12-12-at-13.32.44.jpeg 1600w\" sizes=\"auto, (max-width: 1024px) 100vw, 1024px\" \/><\/figure>\n\n\n\n<figure class=\"wp-block-image size-large\"><img loading=\"lazy\" decoding=\"async\" width=\"1024\" height=\"647\" data-id=\"4200\" src=\"https:\/\/prensa.sma.gob.ar\/wp-content\/uploads\/2024\/12\/WhatsApp-Image-2024-12-12-at-13.32.47-1-1024x647.jpeg\" alt=\"\" class=\"wp-image-4200\" srcset=\"https:\/\/prensa.sma.gob.ar\/wp-content\/uploads\/2024\/12\/WhatsApp-Image-2024-12-12-at-13.32.47-1-1024x647.jpeg 1024w, https:\/\/prensa.sma.gob.ar\/wp-content\/uploads\/2024\/12\/WhatsApp-Image-2024-12-12-at-13.32.47-1-300x190.jpeg 300w, https:\/\/prensa.sma.gob.ar\/wp-content\/uploads\/2024\/12\/WhatsApp-Image-2024-12-12-at-13.32.47-1-768x485.jpeg 768w, https:\/\/prensa.sma.gob.ar\/wp-content\/uploads\/2024\/12\/WhatsApp-Image-2024-12-12-at-13.32.47-1-1536x971.jpeg 1536w, https:\/\/prensa.sma.gob.ar\/wp-content\/uploads\/2024\/12\/WhatsApp-Image-2024-12-12-at-13.32.47-1-665x420.jpeg 665w, https:\/\/prensa.sma.gob.ar\/wp-content\/uploads\/2024\/12\/WhatsApp-Image-2024-12-12-at-13.32.47-1-696x440.jpeg 696w, https:\/\/prensa.sma.gob.ar\/wp-content\/uploads\/2024\/12\/WhatsApp-Image-2024-12-12-at-13.32.47-1-1068x675.jpeg 1068w, https:\/\/prensa.sma.gob.ar\/wp-content\/uploads\/2024\/12\/WhatsApp-Image-2024-12-12-at-13.32.47-1.jpeg 1600w\" sizes=\"auto, (max-width: 1024px) 100vw, 1024px\" \/><\/figure>\n\n\n\n<figure class=\"wp-block-image size-large\"><img loading=\"lazy\" decoding=\"async\" width=\"1024\" height=\"629\" data-id=\"4203\" src=\"https:\/\/prensa.sma.gob.ar\/wp-content\/uploads\/2024\/12\/WhatsApp-Image-2024-12-12-at-13.32.44-1-1024x629.jpeg\" alt=\"\" class=\"wp-image-4203\" srcset=\"https:\/\/prensa.sma.gob.ar\/wp-content\/uploads\/2024\/12\/WhatsApp-Image-2024-12-12-at-13.32.44-1-1024x629.jpeg 1024w, https:\/\/prensa.sma.gob.ar\/wp-content\/uploads\/2024\/12\/WhatsApp-Image-2024-12-12-at-13.32.44-1-300x184.jpeg 300w, https:\/\/prensa.sma.gob.ar\/wp-content\/uploads\/2024\/12\/WhatsApp-Image-2024-12-12-at-13.32.44-1-768x472.jpeg 768w, https:\/\/prensa.sma.gob.ar\/wp-content\/uploads\/2024\/12\/WhatsApp-Image-2024-12-12-at-13.32.44-1-1536x944.jpeg 1536w, https:\/\/prensa.sma.gob.ar\/wp-content\/uploads\/2024\/12\/WhatsApp-Image-2024-12-12-at-13.32.44-1-684x420.jpeg 684w, https:\/\/prensa.sma.gob.ar\/wp-content\/uploads\/2024\/12\/WhatsApp-Image-2024-12-12-at-13.32.44-1-696x428.jpeg 696w, https:\/\/prensa.sma.gob.ar\/wp-content\/uploads\/2024\/12\/WhatsApp-Image-2024-12-12-at-13.32.44-1-1068x656.jpeg 1068w, https:\/\/prensa.sma.gob.ar\/wp-content\/uploads\/2024\/12\/WhatsApp-Image-2024-12-12-at-13.32.44-1.jpeg 1600w\" sizes=\"auto, (max-width: 1024px) 100vw, 1024px\" \/><\/figure>\n<\/figure>\n\n\n\n<p>Ponder\u00f3 la decisi\u00f3n del gobernador Rolando Figueroa de trabajar en la regionalizaci\u00f3n de la provincia porque eso, dijo, \u201chace que la mirada regional sea prioritaria para trabajar sobre los problemas que m\u00e1s afectan a las personas\u201d y establecer pol\u00edticas de salud, ya que \u201clas regiones de la provincia tienen diferentes realidades\u201d.<\/p>\n\n\n\n<p>Luego del trabajo de identificaci\u00f3n de los problemas de salud de cada regi\u00f3n, P\u00e9rez Fern\u00e1ndez rese\u00f1\u00f3 que en la zona sur los problemas priorizados con mayor impacto en la poblaci\u00f3n son el acceso a la salud, suicidios y agresiones, consumos problem\u00e1ticos, c\u00e1ncer colorectal y enfermedades cerebrovasculares. Con impacto moderado se anotan c\u00e1ncer de mama y de cuello de \u00fatero; c\u00e1ncer de pulm\u00f3n, gripe y neumon\u00eda, hipertensi\u00f3n arterial y diabetes.<\/p>\n\n\n\n<p>Cuando se present\u00f3 el Plan a nivel provincial, a fines de agosto, el gobierno neuquino inform\u00f3 que el proyecto est\u00e1 basado en 15 l\u00edneas de cuidado: acceso a la salud, mortalidad infantil, suicidios y agresiones, consumos problem\u00e1ticos, incidentes viales, c\u00e1ncer de mama y de cuello de \u00fatero, c\u00e1ncer colorrectal, c\u00e1ncer de pulm\u00f3n, leucemias y linfomas, gripe y neumon\u00eda, hipertensi\u00f3n arterial, diabetes, enfermedades cerebrovasculares, enfermedades isqu\u00e9micas del coraz\u00f3n, y enfermedades cr\u00f3nicas de las v\u00edas respiratorias inferiores.<\/p>\n\n\n\n<p>Estas l\u00edneas surgen a partir de la identificaci\u00f3n de los problemas que generan que la comunidad enferme, fallezca o pierda calidad de vida en las siete regiones sanitarias. Este an\u00e1lisis permiti\u00f3 la planificaci\u00f3n de acciones para llevar adelante una gesti\u00f3n racional, con una asignaci\u00f3n de recursos adecuada, que se adapte a las necesidades de la poblaci\u00f3n, principalmente de quienes m\u00e1s lo necesitan.<\/p>\n\n\n\n<p>La premisa central que atraviesa todo el plan se centra en lograr un mayor acceso a la salud, con acciones de prevenci\u00f3n que impacten positivamente en la salud de las personas y brindando tratamiento y rehabilitaci\u00f3n de calidad.<\/p>\n","protected":false},"excerpt":{"rendered":"<p>Autoridades de Salud de la provincia de Neuqu\u00e9n&nbsp; presentaron en nuestra ciudad el Plan Provincial de Salud para la regi\u00f3n Lagos del Sur, durante una jornada a la que asisti\u00f3 el intendente Carlos Saloniti y que cont\u00f3 con la presencia de profesionales y representantes de cada hospital y centro de salud de la Zona Sanitaria [&hellip;]<\/p>\n","protected":false},"author":2,"featured_media":4201,"comment_status":"closed","ping_status":"open","sticky":false,"template":"","format":"standard","meta":{"footnotes":""},"categories":[16,14,35],"tags":[],"class_list":{"0":"post-4199","1":"post","2":"type-post","3":"status-publish","4":"format-standard","5":"has-post-thumbnail","7":"category-destacadas","8":"category-noticias","9":"category-salud"},"_links":{"self":[{"href":"https:\/\/prensa.sma.gob.ar\/index.php?rest_route=\/wp\/v2\/posts\/4199","targetHints":{"allow":["GET"]}}],"collection":[{"href":"https:\/\/prensa.sma.gob.ar\/index.php?rest_route=\/wp\/v2\/posts"}],"about":[{"href":"https:\/\/prensa.sma.gob.ar\/index.php?rest_route=\/wp\/v2\/types\/post"}],"author":[{"embeddable":true,"href":"https:\/\/prensa.sma.gob.ar\/index.php?rest_route=\/wp\/v2\/users\/2"}],"replies":[{"embeddable":true,"href":"https:\/\/prensa.sma.gob.ar\/index.php?rest_route=%2Fwp%2Fv2%2Fcomments&post=4199"}],"version-history":[{"count":2,"href":"https:\/\/prensa.sma.gob.ar\/index.php?rest_route=\/wp\/v2\/posts\/4199\/revisions"}],"predecessor-version":[{"id":4227,"href":"https:\/\/prensa.sma.gob.ar\/index.php?rest_route=\/wp\/v2\/posts\/4199\/revisions\/4227"}],"wp:featuredmedia":[{"embeddable":true,"href":"https:\/\/prensa.sma.gob.ar\/index.php?rest_route=\/wp\/v2\/media\/4201"}],"wp:attachment":[{"href":"https:\/\/prensa.sma.gob.ar\/index.php?rest_route=%2Fwp%2Fv2%2Fmedia&parent=4199"}],"wp:term":[{"taxonomy":"category","embeddable":true,"href":"https:\/\/prensa.sma.gob.ar\/index.php?rest_route=%2Fwp%2Fv2%2Fcategories&post=4199"},{"taxonomy":"post_tag","embeddable":true,"href":"https:\/\/prensa.sma.gob.ar\/index.php?rest_route=%2Fwp%2Fv2%2Ftags&post=4199"}],"curies":[{"name":"wp","href":"https:\/\/api.w.org\/{rel}","templated":true}]}}