{"id":4228,"date":"2024-12-13T14:22:37","date_gmt":"2024-12-13T14:22:37","guid":{"rendered":"https:\/\/prensa.sma.gob.ar\/?p=4228"},"modified":"2024-12-13T14:22:38","modified_gmt":"2024-12-13T14:22:38","slug":"comenzaron-los-trabajos-de-parquizacion-de-la-rotonda-de-el-oasis","status":"publish","type":"post","link":"https:\/\/prensa.sma.gob.ar\/?p=4228","title":{"rendered":"Comenzaron los trabajos de parquizaci\u00f3n de la rotonda de El Oasis"},"content":{"rendered":"\n<p>Esta semana se iniciaron los trabajos de parquizaci\u00f3n de la nueva rotonda de El Oasis, tareas que se sumar\u00e1n a la iluminaci\u00f3n que est\u00e0 recibiendo esa zona. <\/p>\n\n\n\n<p>Las tareas de parquizaci\u00f3n est\u00e1n a cargo de la Unidad Ejecutora de Obras Espec\u00edficas del Municipio sobre un dise\u00f1o realizado por el estudio Querejeta Mac Keon Mancini.<\/p>\n\n\n\n<figure class=\"wp-block-gallery has-nested-images columns-default is-cropped wp-block-gallery-1 is-layout-flex wp-block-gallery-is-layout-flex\">\n<figure class=\"wp-block-image size-large\"><img loading=\"lazy\" decoding=\"async\" width=\"1024\" height=\"576\" data-id=\"4234\" src=\"https:\/\/prensa.sma.gob.ar\/wp-content\/uploads\/2024\/12\/OASIS-6-1024x576.jpg\" alt=\"\" class=\"wp-image-4234\" srcset=\"https:\/\/prensa.sma.gob.ar\/wp-content\/uploads\/2024\/12\/OASIS-6-1024x576.jpg 1024w, https:\/\/prensa.sma.gob.ar\/wp-content\/uploads\/2024\/12\/OASIS-6-300x169.jpg 300w, https:\/\/prensa.sma.gob.ar\/wp-content\/uploads\/2024\/12\/OASIS-6-768x432.jpg 768w, https:\/\/prensa.sma.gob.ar\/wp-content\/uploads\/2024\/12\/OASIS-6-1536x864.jpg 1536w, https:\/\/prensa.sma.gob.ar\/wp-content\/uploads\/2024\/12\/OASIS-6-747x420.jpg 747w, https:\/\/prensa.sma.gob.ar\/wp-content\/uploads\/2024\/12\/OASIS-6-696x392.jpg 696w, https:\/\/prensa.sma.gob.ar\/wp-content\/uploads\/2024\/12\/OASIS-6-1068x601.jpg 1068w, https:\/\/prensa.sma.gob.ar\/wp-content\/uploads\/2024\/12\/OASIS-6.jpg 1600w\" sizes=\"auto, (max-width: 1024px) 100vw, 1024px\" \/><\/figure>\n\n\n\n<figure class=\"wp-block-image size-large\"><img loading=\"lazy\" decoding=\"async\" width=\"1024\" height=\"576\" data-id=\"4233\" src=\"https:\/\/prensa.sma.gob.ar\/wp-content\/uploads\/2024\/12\/OASIS-5-1024x576.jpg\" alt=\"\" class=\"wp-image-4233\" srcset=\"https:\/\/prensa.sma.gob.ar\/wp-content\/uploads\/2024\/12\/OASIS-5-1024x576.jpg 1024w, https:\/\/prensa.sma.gob.ar\/wp-content\/uploads\/2024\/12\/OASIS-5-300x169.jpg 300w, https:\/\/prensa.sma.gob.ar\/wp-content\/uploads\/2024\/12\/OASIS-5-768x432.jpg 768w, https:\/\/prensa.sma.gob.ar\/wp-content\/uploads\/2024\/12\/OASIS-5-1536x864.jpg 1536w, https:\/\/prensa.sma.gob.ar\/wp-content\/uploads\/2024\/12\/OASIS-5-747x420.jpg 747w, https:\/\/prensa.sma.gob.ar\/wp-content\/uploads\/2024\/12\/OASIS-5-696x392.jpg 696w, https:\/\/prensa.sma.gob.ar\/wp-content\/uploads\/2024\/12\/OASIS-5-1068x601.jpg 1068w, https:\/\/prensa.sma.gob.ar\/wp-content\/uploads\/2024\/12\/OASIS-5.jpg 1600w\" sizes=\"auto, (max-width: 1024px) 100vw, 1024px\" \/><\/figure>\n\n\n\n<figure class=\"wp-block-image size-large\"><img loading=\"lazy\" decoding=\"async\" width=\"1024\" height=\"576\" data-id=\"4232\" src=\"https:\/\/prensa.sma.gob.ar\/wp-content\/uploads\/2024\/12\/OASIS-4-1024x576.jpg\" alt=\"\" class=\"wp-image-4232\" srcset=\"https:\/\/prensa.sma.gob.ar\/wp-content\/uploads\/2024\/12\/OASIS-4-1024x576.jpg 1024w, https:\/\/prensa.sma.gob.ar\/wp-content\/uploads\/2024\/12\/OASIS-4-300x169.jpg 300w, https:\/\/prensa.sma.gob.ar\/wp-content\/uploads\/2024\/12\/OASIS-4-768x432.jpg 768w, https:\/\/prensa.sma.gob.ar\/wp-content\/uploads\/2024\/12\/OASIS-4-1536x864.jpg 1536w, https:\/\/prensa.sma.gob.ar\/wp-content\/uploads\/2024\/12\/OASIS-4-747x420.jpg 747w, https:\/\/prensa.sma.gob.ar\/wp-content\/uploads\/2024\/12\/OASIS-4-696x392.jpg 696w, https:\/\/prensa.sma.gob.ar\/wp-content\/uploads\/2024\/12\/OASIS-4-1068x601.jpg 1068w, https:\/\/prensa.sma.gob.ar\/wp-content\/uploads\/2024\/12\/OASIS-4.jpg 1600w\" sizes=\"auto, (max-width: 1024px) 100vw, 1024px\" \/><\/figure>\n\n\n\n<figure class=\"wp-block-image size-large\"><img loading=\"lazy\" decoding=\"async\" width=\"1024\" height=\"576\" data-id=\"4231\" src=\"https:\/\/prensa.sma.gob.ar\/wp-content\/uploads\/2024\/12\/OASIS-3-1024x576.jpg\" alt=\"\" class=\"wp-image-4231\" srcset=\"https:\/\/prensa.sma.gob.ar\/wp-content\/uploads\/2024\/12\/OASIS-3-1024x576.jpg 1024w, https:\/\/prensa.sma.gob.ar\/wp-content\/uploads\/2024\/12\/OASIS-3-300x169.jpg 300w, https:\/\/prensa.sma.gob.ar\/wp-content\/uploads\/2024\/12\/OASIS-3-768x432.jpg 768w, https:\/\/prensa.sma.gob.ar\/wp-content\/uploads\/2024\/12\/OASIS-3-1536x864.jpg 1536w, https:\/\/prensa.sma.gob.ar\/wp-content\/uploads\/2024\/12\/OASIS-3-747x420.jpg 747w, https:\/\/prensa.sma.gob.ar\/wp-content\/uploads\/2024\/12\/OASIS-3-696x392.jpg 696w, https:\/\/prensa.sma.gob.ar\/wp-content\/uploads\/2024\/12\/OASIS-3-1068x601.jpg 1068w, https:\/\/prensa.sma.gob.ar\/wp-content\/uploads\/2024\/12\/OASIS-3.jpg 1600w\" sizes=\"auto, (max-width: 1024px) 100vw, 1024px\" \/><\/figure>\n\n\n\n<figure class=\"wp-block-image size-large\"><img loading=\"lazy\" decoding=\"async\" width=\"576\" height=\"1024\" data-id=\"4230\" src=\"https:\/\/prensa.sma.gob.ar\/wp-content\/uploads\/2024\/12\/OASIS-2-576x1024.jpg\" alt=\"\" class=\"wp-image-4230\" srcset=\"https:\/\/prensa.sma.gob.ar\/wp-content\/uploads\/2024\/12\/OASIS-2-576x1024.jpg 576w, https:\/\/prensa.sma.gob.ar\/wp-content\/uploads\/2024\/12\/OASIS-2-169x300.jpg 169w, https:\/\/prensa.sma.gob.ar\/wp-content\/uploads\/2024\/12\/OASIS-2-768x1365.jpg 768w, https:\/\/prensa.sma.gob.ar\/wp-content\/uploads\/2024\/12\/OASIS-2-864x1536.jpg 864w, https:\/\/prensa.sma.gob.ar\/wp-content\/uploads\/2024\/12\/OASIS-2-236x420.jpg 236w, https:\/\/prensa.sma.gob.ar\/wp-content\/uploads\/2024\/12\/OASIS-2-696x1237.jpg 696w, https:\/\/prensa.sma.gob.ar\/wp-content\/uploads\/2024\/12\/OASIS-2.jpg 900w\" sizes=\"auto, (max-width: 576px) 100vw, 576px\" \/><\/figure>\n\n\n\n<figure class=\"wp-block-image size-large\"><img loading=\"lazy\" decoding=\"async\" width=\"1024\" height=\"576\" data-id=\"4229\" src=\"https:\/\/prensa.sma.gob.ar\/wp-content\/uploads\/2024\/12\/OASIS-1-1024x576.jpg\" alt=\"\" class=\"wp-image-4229\" srcset=\"https:\/\/prensa.sma.gob.ar\/wp-content\/uploads\/2024\/12\/OASIS-1-1024x576.jpg 1024w, https:\/\/prensa.sma.gob.ar\/wp-content\/uploads\/2024\/12\/OASIS-1-300x169.jpg 300w, https:\/\/prensa.sma.gob.ar\/wp-content\/uploads\/2024\/12\/OASIS-1-768x432.jpg 768w, https:\/\/prensa.sma.gob.ar\/wp-content\/uploads\/2024\/12\/OASIS-1-1536x864.jpg 1536w, https:\/\/prensa.sma.gob.ar\/wp-content\/uploads\/2024\/12\/OASIS-1-747x420.jpg 747w, https:\/\/prensa.sma.gob.ar\/wp-content\/uploads\/2024\/12\/OASIS-1-696x392.jpg 696w, https:\/\/prensa.sma.gob.ar\/wp-content\/uploads\/2024\/12\/OASIS-1-1068x601.jpg 1068w, https:\/\/prensa.sma.gob.ar\/wp-content\/uploads\/2024\/12\/OASIS-1.jpg 1600w\" sizes=\"auto, (max-width: 1024px) 100vw, 1024px\" \/><\/figure>\n<\/figure>\n","protected":false},"excerpt":{"rendered":"<p>Esta semana se iniciaron los trabajos de parquizaci\u00f3n de la nueva rotonda de El Oasis, tareas que se sumar\u00e1n a la iluminaci\u00f3n que est\u00e0 recibiendo esa zona. Las tareas de parquizaci\u00f3n est\u00e1n a cargo de la Unidad Ejecutora de Obras Espec\u00edficas del Municipio sobre un dise\u00f1o realizado por el estudio Querejeta Mac Keon Mancini.<\/p>\n","protected":false},"author":2,"featured_media":4235,"comment_status":"closed","ping_status":"open","sticky":false,"template":"","format":"standard","meta":{"footnotes":""},"categories":[16,14,19,17],"tags":[],"class_list":{"0":"post-4228","1":"post","2":"type-post","3":"status-publish","4":"format-standard","5":"has-post-thumbnail","7":"category-destacadas","8":"category-noticias","9":"category-obras-y-servicios-publicos","10":"category-portada"},"_links":{"self":[{"href":"https:\/\/prensa.sma.gob.ar\/index.php?rest_route=\/wp\/v2\/posts\/4228","targetHints":{"allow":["GET"]}}],"collection":[{"href":"https:\/\/prensa.sma.gob.ar\/index.php?rest_route=\/wp\/v2\/posts"}],"about":[{"href":"https:\/\/prensa.sma.gob.ar\/index.php?rest_route=\/wp\/v2\/types\/post"}],"author":[{"embeddable":true,"href":"https:\/\/prensa.sma.gob.ar\/index.php?rest_route=\/wp\/v2\/users\/2"}],"replies":[{"embeddable":true,"href":"https:\/\/prensa.sma.gob.ar\/index.php?rest_route=%2Fwp%2Fv2%2Fcomments&post=4228"}],"version-history":[{"count":1,"href":"https:\/\/prensa.sma.gob.ar\/index.php?rest_route=\/wp\/v2\/posts\/4228\/revisions"}],"predecessor-version":[{"id":4236,"href":"https:\/\/prensa.sma.gob.ar\/index.php?rest_route=\/wp\/v2\/posts\/4228\/revisions\/4236"}],"wp:featuredmedia":[{"embeddable":true,"href":"https:\/\/prensa.sma.gob.ar\/index.php?rest_route=\/wp\/v2\/media\/4235"}],"wp:attachment":[{"href":"https:\/\/prensa.sma.gob.ar\/index.php?rest_route=%2Fwp%2Fv2%2Fmedia&parent=4228"}],"wp:term":[{"taxonomy":"category","embeddable":true,"href":"https:\/\/prensa.sma.gob.ar\/index.php?rest_route=%2Fwp%2Fv2%2Fcategories&post=4228"},{"taxonomy":"post_tag","embeddable":true,"href":"https:\/\/prensa.sma.gob.ar\/index.php?rest_route=%2Fwp%2Fv2%2Ftags&post=4228"}],"curies":[{"name":"wp","href":"https:\/\/api.w.org\/{rel}","templated":true}]}}