{"id":4237,"date":"2024-12-13T14:28:48","date_gmt":"2024-12-13T14:28:48","guid":{"rendered":"https:\/\/prensa.sma.gob.ar\/?p=4237"},"modified":"2024-12-14T01:00:25","modified_gmt":"2024-12-14T01:00:25","slug":"la-plaza-san-martin-recibe-este-fin-de-semana-la-41-edicion-del-trabun","status":"publish","type":"post","link":"https:\/\/prensa.sma.gob.ar\/?p=4237","title":{"rendered":"La Plaza San Mart\u00edn recibe este fin de semana la 41 edici\u00f3n del Trabun"},"content":{"rendered":"\n<p>Con kioscos nuevos, visitas desde Chile y numerosos artistas locales, regionales y chilenos, se realiza este fin de semana el Trabun, encuentro de los pueblos.<\/p>\n\n\n\n<p>Este jueves finaliz\u00f3 la instalaci\u00f3n de los nuevos kioscos del Trabun. Se trata de una docena de m\u00f3dulos met\u00e1licos nuevos que reemplazan a los kioscos de madera utilizados hasta ahora.<\/p>\n\n\n\n<p><a><\/a>Durante la semana, voluntarios de la comisi\u00f3n del Trabun y personal del Municipio trabajaron en la colocaci\u00f3n de los kioscos, el escenario, la globa, los banderines y las piedras para los fogones.<\/p>\n\n\n\n<p>La 41\u00b0 edici\u00f3n del trabun se desarrollar\u00e1 viernes, desde las 18, el s\u00e1bado, desde las 20, domingo, desde las 18, en la plaza San Mart\u00edn. Adem\u00e1s, el s\u00e1bado se realizar\u00e1 el tambi\u00e9n tradicional Pichi Trabun, desde las 14.<\/p>\n\n\n\n<figure class=\"wp-block-gallery has-nested-images columns-default is-cropped wp-block-gallery-1 is-layout-flex wp-block-gallery-is-layout-flex\">\n<figure class=\"wp-block-image size-large\"><img loading=\"lazy\" decoding=\"async\" width=\"1024\" height=\"576\" data-id=\"4246\" src=\"https:\/\/prensa.sma.gob.ar\/wp-content\/uploads\/2024\/12\/WhatsApp-Image-2024-12-12-at-14.45.19-2-1024x576.jpeg\" alt=\"\" class=\"wp-image-4246\" srcset=\"https:\/\/prensa.sma.gob.ar\/wp-content\/uploads\/2024\/12\/WhatsApp-Image-2024-12-12-at-14.45.19-2-1024x576.jpeg 1024w, https:\/\/prensa.sma.gob.ar\/wp-content\/uploads\/2024\/12\/WhatsApp-Image-2024-12-12-at-14.45.19-2-300x169.jpeg 300w, https:\/\/prensa.sma.gob.ar\/wp-content\/uploads\/2024\/12\/WhatsApp-Image-2024-12-12-at-14.45.19-2-768x432.jpeg 768w, https:\/\/prensa.sma.gob.ar\/wp-content\/uploads\/2024\/12\/WhatsApp-Image-2024-12-12-at-14.45.19-2-1536x864.jpeg 1536w, https:\/\/prensa.sma.gob.ar\/wp-content\/uploads\/2024\/12\/WhatsApp-Image-2024-12-12-at-14.45.19-2-747x420.jpeg 747w, https:\/\/prensa.sma.gob.ar\/wp-content\/uploads\/2024\/12\/WhatsApp-Image-2024-12-12-at-14.45.19-2-696x392.jpeg 696w, https:\/\/prensa.sma.gob.ar\/wp-content\/uploads\/2024\/12\/WhatsApp-Image-2024-12-12-at-14.45.19-2-1068x601.jpeg 1068w, https:\/\/prensa.sma.gob.ar\/wp-content\/uploads\/2024\/12\/WhatsApp-Image-2024-12-12-at-14.45.19-2.jpeg 1600w\" sizes=\"auto, (max-width: 1024px) 100vw, 1024px\" \/><\/figure>\n\n\n\n<figure class=\"wp-block-image size-large\"><img loading=\"lazy\" decoding=\"async\" width=\"1024\" height=\"576\" data-id=\"4244\" src=\"https:\/\/prensa.sma.gob.ar\/wp-content\/uploads\/2024\/12\/WhatsApp-Image-2024-12-12-at-14.45.22-1024x576.jpeg\" alt=\"\" class=\"wp-image-4244\" srcset=\"https:\/\/prensa.sma.gob.ar\/wp-content\/uploads\/2024\/12\/WhatsApp-Image-2024-12-12-at-14.45.22-1024x576.jpeg 1024w, https:\/\/prensa.sma.gob.ar\/wp-content\/uploads\/2024\/12\/WhatsApp-Image-2024-12-12-at-14.45.22-300x169.jpeg 300w, https:\/\/prensa.sma.gob.ar\/wp-content\/uploads\/2024\/12\/WhatsApp-Image-2024-12-12-at-14.45.22-768x432.jpeg 768w, https:\/\/prensa.sma.gob.ar\/wp-content\/uploads\/2024\/12\/WhatsApp-Image-2024-12-12-at-14.45.22-1536x864.jpeg 1536w, https:\/\/prensa.sma.gob.ar\/wp-content\/uploads\/2024\/12\/WhatsApp-Image-2024-12-12-at-14.45.22-747x420.jpeg 747w, https:\/\/prensa.sma.gob.ar\/wp-content\/uploads\/2024\/12\/WhatsApp-Image-2024-12-12-at-14.45.22-696x392.jpeg 696w, https:\/\/prensa.sma.gob.ar\/wp-content\/uploads\/2024\/12\/WhatsApp-Image-2024-12-12-at-14.45.22-1068x601.jpeg 1068w, https:\/\/prensa.sma.gob.ar\/wp-content\/uploads\/2024\/12\/WhatsApp-Image-2024-12-12-at-14.45.22.jpeg 1600w\" sizes=\"auto, (max-width: 1024px) 100vw, 1024px\" \/><\/figure>\n\n\n\n<figure class=\"wp-block-image size-large\"><img loading=\"lazy\" decoding=\"async\" width=\"1024\" height=\"576\" data-id=\"4243\" src=\"https:\/\/prensa.sma.gob.ar\/wp-content\/uploads\/2024\/12\/WhatsApp-Image-2024-12-12-at-14.45.23-1024x576.jpeg\" alt=\"\" class=\"wp-image-4243\" srcset=\"https:\/\/prensa.sma.gob.ar\/wp-content\/uploads\/2024\/12\/WhatsApp-Image-2024-12-12-at-14.45.23-1024x576.jpeg 1024w, https:\/\/prensa.sma.gob.ar\/wp-content\/uploads\/2024\/12\/WhatsApp-Image-2024-12-12-at-14.45.23-300x169.jpeg 300w, https:\/\/prensa.sma.gob.ar\/wp-content\/uploads\/2024\/12\/WhatsApp-Image-2024-12-12-at-14.45.23-768x432.jpeg 768w, https:\/\/prensa.sma.gob.ar\/wp-content\/uploads\/2024\/12\/WhatsApp-Image-2024-12-12-at-14.45.23-1536x864.jpeg 1536w, https:\/\/prensa.sma.gob.ar\/wp-content\/uploads\/2024\/12\/WhatsApp-Image-2024-12-12-at-14.45.23-747x420.jpeg 747w, https:\/\/prensa.sma.gob.ar\/wp-content\/uploads\/2024\/12\/WhatsApp-Image-2024-12-12-at-14.45.23-696x392.jpeg 696w, https:\/\/prensa.sma.gob.ar\/wp-content\/uploads\/2024\/12\/WhatsApp-Image-2024-12-12-at-14.45.23-1068x601.jpeg 1068w, https:\/\/prensa.sma.gob.ar\/wp-content\/uploads\/2024\/12\/WhatsApp-Image-2024-12-12-at-14.45.23.jpeg 1600w\" sizes=\"auto, (max-width: 1024px) 100vw, 1024px\" \/><\/figure>\n\n\n\n<figure class=\"wp-block-image size-large\"><img loading=\"lazy\" decoding=\"async\" width=\"1024\" height=\"576\" data-id=\"4242\" src=\"https:\/\/prensa.sma.gob.ar\/wp-content\/uploads\/2024\/12\/WhatsApp-Image-2024-12-12-at-14.45.23-1-1024x576.jpeg\" alt=\"\" class=\"wp-image-4242\" srcset=\"https:\/\/prensa.sma.gob.ar\/wp-content\/uploads\/2024\/12\/WhatsApp-Image-2024-12-12-at-14.45.23-1-1024x576.jpeg 1024w, https:\/\/prensa.sma.gob.ar\/wp-content\/uploads\/2024\/12\/WhatsApp-Image-2024-12-12-at-14.45.23-1-300x169.jpeg 300w, https:\/\/prensa.sma.gob.ar\/wp-content\/uploads\/2024\/12\/WhatsApp-Image-2024-12-12-at-14.45.23-1-768x432.jpeg 768w, https:\/\/prensa.sma.gob.ar\/wp-content\/uploads\/2024\/12\/WhatsApp-Image-2024-12-12-at-14.45.23-1-1536x864.jpeg 1536w, https:\/\/prensa.sma.gob.ar\/wp-content\/uploads\/2024\/12\/WhatsApp-Image-2024-12-12-at-14.45.23-1-747x420.jpeg 747w, https:\/\/prensa.sma.gob.ar\/wp-content\/uploads\/2024\/12\/WhatsApp-Image-2024-12-12-at-14.45.23-1-696x392.jpeg 696w, https:\/\/prensa.sma.gob.ar\/wp-content\/uploads\/2024\/12\/WhatsApp-Image-2024-12-12-at-14.45.23-1-1068x601.jpeg 1068w, https:\/\/prensa.sma.gob.ar\/wp-content\/uploads\/2024\/12\/WhatsApp-Image-2024-12-12-at-14.45.23-1.jpeg 1600w\" sizes=\"auto, (max-width: 1024px) 100vw, 1024px\" \/><\/figure>\n\n\n\n<figure class=\"wp-block-image size-large\"><img loading=\"lazy\" decoding=\"async\" width=\"1024\" height=\"576\" data-id=\"4241\" src=\"https:\/\/prensa.sma.gob.ar\/wp-content\/uploads\/2024\/12\/WhatsApp-Image-2024-12-12-at-14.45.23-2-1024x576.jpeg\" alt=\"\" class=\"wp-image-4241\" srcset=\"https:\/\/prensa.sma.gob.ar\/wp-content\/uploads\/2024\/12\/WhatsApp-Image-2024-12-12-at-14.45.23-2-1024x576.jpeg 1024w, https:\/\/prensa.sma.gob.ar\/wp-content\/uploads\/2024\/12\/WhatsApp-Image-2024-12-12-at-14.45.23-2-300x169.jpeg 300w, https:\/\/prensa.sma.gob.ar\/wp-content\/uploads\/2024\/12\/WhatsApp-Image-2024-12-12-at-14.45.23-2-768x432.jpeg 768w, https:\/\/prensa.sma.gob.ar\/wp-content\/uploads\/2024\/12\/WhatsApp-Image-2024-12-12-at-14.45.23-2-1536x864.jpeg 1536w, https:\/\/prensa.sma.gob.ar\/wp-content\/uploads\/2024\/12\/WhatsApp-Image-2024-12-12-at-14.45.23-2-747x420.jpeg 747w, https:\/\/prensa.sma.gob.ar\/wp-content\/uploads\/2024\/12\/WhatsApp-Image-2024-12-12-at-14.45.23-2-696x392.jpeg 696w, https:\/\/prensa.sma.gob.ar\/wp-content\/uploads\/2024\/12\/WhatsApp-Image-2024-12-12-at-14.45.23-2-1068x601.jpeg 1068w, https:\/\/prensa.sma.gob.ar\/wp-content\/uploads\/2024\/12\/WhatsApp-Image-2024-12-12-at-14.45.23-2.jpeg 1600w\" sizes=\"auto, (max-width: 1024px) 100vw, 1024px\" \/><\/figure>\n\n\n\n<figure class=\"wp-block-image size-large\"><img loading=\"lazy\" decoding=\"async\" width=\"1024\" height=\"576\" data-id=\"4240\" src=\"https:\/\/prensa.sma.gob.ar\/wp-content\/uploads\/2024\/12\/WhatsApp-Image-2024-12-12-at-14.45.25-1024x576.jpeg\" alt=\"\" class=\"wp-image-4240\" srcset=\"https:\/\/prensa.sma.gob.ar\/wp-content\/uploads\/2024\/12\/WhatsApp-Image-2024-12-12-at-14.45.25-1024x576.jpeg 1024w, https:\/\/prensa.sma.gob.ar\/wp-content\/uploads\/2024\/12\/WhatsApp-Image-2024-12-12-at-14.45.25-300x169.jpeg 300w, https:\/\/prensa.sma.gob.ar\/wp-content\/uploads\/2024\/12\/WhatsApp-Image-2024-12-12-at-14.45.25-768x432.jpeg 768w, https:\/\/prensa.sma.gob.ar\/wp-content\/uploads\/2024\/12\/WhatsApp-Image-2024-12-12-at-14.45.25-1536x864.jpeg 1536w, https:\/\/prensa.sma.gob.ar\/wp-content\/uploads\/2024\/12\/WhatsApp-Image-2024-12-12-at-14.45.25-747x420.jpeg 747w, https:\/\/prensa.sma.gob.ar\/wp-content\/uploads\/2024\/12\/WhatsApp-Image-2024-12-12-at-14.45.25-696x392.jpeg 696w, https:\/\/prensa.sma.gob.ar\/wp-content\/uploads\/2024\/12\/WhatsApp-Image-2024-12-12-at-14.45.25-1068x601.jpeg 1068w, https:\/\/prensa.sma.gob.ar\/wp-content\/uploads\/2024\/12\/WhatsApp-Image-2024-12-12-at-14.45.25.jpeg 1600w\" sizes=\"auto, (max-width: 1024px) 100vw, 1024px\" \/><\/figure>\n<\/figure>\n\n\n\n<figure class=\"wp-block-gallery has-nested-images columns-default is-cropped wp-block-gallery-2 is-layout-flex wp-block-gallery-is-layout-flex\">\n<figure class=\"wp-block-image size-large\"><img loading=\"lazy\" decoding=\"async\" width=\"539\" height=\"1024\" data-id=\"4247\" src=\"https:\/\/prensa.sma.gob.ar\/wp-content\/uploads\/2024\/12\/WhatsApp-Image-2024-12-12-at-14.45.19-1-539x1024.jpeg\" alt=\"\" class=\"wp-image-4247\" srcset=\"https:\/\/prensa.sma.gob.ar\/wp-content\/uploads\/2024\/12\/WhatsApp-Image-2024-12-12-at-14.45.19-1-539x1024.jpeg 539w, https:\/\/prensa.sma.gob.ar\/wp-content\/uploads\/2024\/12\/WhatsApp-Image-2024-12-12-at-14.45.19-1-158x300.jpeg 158w, https:\/\/prensa.sma.gob.ar\/wp-content\/uploads\/2024\/12\/WhatsApp-Image-2024-12-12-at-14.45.19-1-768x1459.jpeg 768w, https:\/\/prensa.sma.gob.ar\/wp-content\/uploads\/2024\/12\/WhatsApp-Image-2024-12-12-at-14.45.19-1-808x1536.jpeg 808w, https:\/\/prensa.sma.gob.ar\/wp-content\/uploads\/2024\/12\/WhatsApp-Image-2024-12-12-at-14.45.19-1-221x420.jpeg 221w, https:\/\/prensa.sma.gob.ar\/wp-content\/uploads\/2024\/12\/WhatsApp-Image-2024-12-12-at-14.45.19-1-696x1323.jpeg 696w, https:\/\/prensa.sma.gob.ar\/wp-content\/uploads\/2024\/12\/WhatsApp-Image-2024-12-12-at-14.45.19-1.jpeg 842w\" sizes=\"auto, (max-width: 539px) 100vw, 539px\" \/><\/figure>\n\n\n\n<figure class=\"wp-block-image size-large\"><img loading=\"lazy\" decoding=\"async\" width=\"576\" height=\"1024\" data-id=\"4238\" src=\"https:\/\/prensa.sma.gob.ar\/wp-content\/uploads\/2024\/12\/WhatsApp-Image-2024-12-12-at-14.45.25-2-576x1024.jpeg\" alt=\"\" class=\"wp-image-4238\" srcset=\"https:\/\/prensa.sma.gob.ar\/wp-content\/uploads\/2024\/12\/WhatsApp-Image-2024-12-12-at-14.45.25-2-576x1024.jpeg 576w, https:\/\/prensa.sma.gob.ar\/wp-content\/uploads\/2024\/12\/WhatsApp-Image-2024-12-12-at-14.45.25-2-169x300.jpeg 169w, https:\/\/prensa.sma.gob.ar\/wp-content\/uploads\/2024\/12\/WhatsApp-Image-2024-12-12-at-14.45.25-2-768x1365.jpeg 768w, https:\/\/prensa.sma.gob.ar\/wp-content\/uploads\/2024\/12\/WhatsApp-Image-2024-12-12-at-14.45.25-2-864x1536.jpeg 864w, https:\/\/prensa.sma.gob.ar\/wp-content\/uploads\/2024\/12\/WhatsApp-Image-2024-12-12-at-14.45.25-2-236x420.jpeg 236w, https:\/\/prensa.sma.gob.ar\/wp-content\/uploads\/2024\/12\/WhatsApp-Image-2024-12-12-at-14.45.25-2-696x1237.jpeg 696w, https:\/\/prensa.sma.gob.ar\/wp-content\/uploads\/2024\/12\/WhatsApp-Image-2024-12-12-at-14.45.25-2.jpeg 900w\" sizes=\"auto, (max-width: 576px) 100vw, 576px\" \/><\/figure>\n\n\n\n<figure class=\"wp-block-image size-large\"><img loading=\"lazy\" decoding=\"async\" width=\"576\" height=\"1024\" data-id=\"4245\" src=\"https:\/\/prensa.sma.gob.ar\/wp-content\/uploads\/2024\/12\/WhatsApp-Image-2024-12-12-at-14.45.20-576x1024.jpeg\" alt=\"\" class=\"wp-image-4245\" srcset=\"https:\/\/prensa.sma.gob.ar\/wp-content\/uploads\/2024\/12\/WhatsApp-Image-2024-12-12-at-14.45.20-576x1024.jpeg 576w, https:\/\/prensa.sma.gob.ar\/wp-content\/uploads\/2024\/12\/WhatsApp-Image-2024-12-12-at-14.45.20-169x300.jpeg 169w, https:\/\/prensa.sma.gob.ar\/wp-content\/uploads\/2024\/12\/WhatsApp-Image-2024-12-12-at-14.45.20-768x1365.jpeg 768w, https:\/\/prensa.sma.gob.ar\/wp-content\/uploads\/2024\/12\/WhatsApp-Image-2024-12-12-at-14.45.20-864x1536.jpeg 864w, https:\/\/prensa.sma.gob.ar\/wp-content\/uploads\/2024\/12\/WhatsApp-Image-2024-12-12-at-14.45.20-236x420.jpeg 236w, https:\/\/prensa.sma.gob.ar\/wp-content\/uploads\/2024\/12\/WhatsApp-Image-2024-12-12-at-14.45.20-696x1237.jpeg 696w, https:\/\/prensa.sma.gob.ar\/wp-content\/uploads\/2024\/12\/WhatsApp-Image-2024-12-12-at-14.45.20.jpeg 900w\" sizes=\"auto, (max-width: 576px) 100vw, 576px\" \/><\/figure>\n<\/figure>\n","protected":false},"excerpt":{"rendered":"<p>Con kioscos nuevos, visitas desde Chile y numerosos artistas locales, regionales y chilenos, se realiza este fin de semana el Trabun, encuentro de los pueblos. Este jueves finaliz\u00f3 la instalaci\u00f3n de los nuevos kioscos del Trabun. Se trata de una docena de m\u00f3dulos met\u00e1licos nuevos que reemplazan a los kioscos de madera utilizados hasta ahora. [&hellip;]<\/p>\n","protected":false},"author":2,"featured_media":4248,"comment_status":"closed","ping_status":"open","sticky":false,"template":"","format":"standard","meta":{"footnotes":""},"categories":[5,16,14],"tags":[],"class_list":{"0":"post-4237","1":"post","2":"type-post","3":"status-publish","4":"format-standard","5":"has-post-thumbnail","7":"category-cultura","8":"category-destacadas","9":"category-noticias"},"_links":{"self":[{"href":"https:\/\/prensa.sma.gob.ar\/index.php?rest_route=\/wp\/v2\/posts\/4237","targetHints":{"allow":["GET"]}}],"collection":[{"href":"https:\/\/prensa.sma.gob.ar\/index.php?rest_route=\/wp\/v2\/posts"}],"about":[{"href":"https:\/\/prensa.sma.gob.ar\/index.php?rest_route=\/wp\/v2\/types\/post"}],"author":[{"embeddable":true,"href":"https:\/\/prensa.sma.gob.ar\/index.php?rest_route=\/wp\/v2\/users\/2"}],"replies":[{"embeddable":true,"href":"https:\/\/prensa.sma.gob.ar\/index.php?rest_route=%2Fwp%2Fv2%2Fcomments&post=4237"}],"version-history":[{"count":1,"href":"https:\/\/prensa.sma.gob.ar\/index.php?rest_route=\/wp\/v2\/posts\/4237\/revisions"}],"predecessor-version":[{"id":4249,"href":"https:\/\/prensa.sma.gob.ar\/index.php?rest_route=\/wp\/v2\/posts\/4237\/revisions\/4249"}],"wp:featuredmedia":[{"embeddable":true,"href":"https:\/\/prensa.sma.gob.ar\/index.php?rest_route=\/wp\/v2\/media\/4248"}],"wp:attachment":[{"href":"https:\/\/prensa.sma.gob.ar\/index.php?rest_route=%2Fwp%2Fv2%2Fmedia&parent=4237"}],"wp:term":[{"taxonomy":"category","embeddable":true,"href":"https:\/\/prensa.sma.gob.ar\/index.php?rest_route=%2Fwp%2Fv2%2Fcategories&post=4237"},{"taxonomy":"post_tag","embeddable":true,"href":"https:\/\/prensa.sma.gob.ar\/index.php?rest_route=%2Fwp%2Fv2%2Ftags&post=4237"}],"curies":[{"name":"wp","href":"https:\/\/api.w.org\/{rel}","templated":true}]}}