{"id":4298,"date":"2024-12-15T21:03:40","date_gmt":"2024-12-15T21:03:40","guid":{"rendered":"https:\/\/prensa.sma.gob.ar\/?p=4298"},"modified":"2025-02-01T15:56:05","modified_gmt":"2025-02-01T15:56:05","slug":"las-familias-de-los-200-lotes-de-chacra-30-cerraron-el-ano-en-su-territorio","status":"publish","type":"post","link":"https:\/\/prensa.sma.gob.ar\/?p=4298","title":{"rendered":"Familias de los 200 lotes de Chacra 30 cerraron el a\u00f1o en su territorio"},"content":{"rendered":"\n<p>Entre emociones, alegr\u00eda y la revitalizaci\u00f3n del sue\u00f1o de la tierra propia, familias preadjudicatarias de los 200 lotes en Chacra 30 visitaron su territorio, como parte del taller \u00abDe la tierra al barrio\u00bb, que organiz\u00f3 el Instituto de Vivienda y H\u00e1bitat del Municipio.<\/p>\n\n\n\n<p>Decenas de familias recorrieron este s\u00e1bado las 12,5 hect\u00e1reas donde se asentar\u00e1n los lotes sorteados y preadjudicados durante este a\u00f1o. El predio, ubicado en el l\u00edmite entre Chacra 30 y Chacra 32, es producto de la permuta que realiz\u00f3 el Municipio por los terrenos ubicados en la esquina de Villegas y Rodhe, en el centro de la ciudad.<\/p>\n\n\n\n<p>La jornada signific\u00f3, para la mayor\u00eda de las familias, la primera visita al territorio, que ya cuenta con demarcaciones de calles, esquinas, espacios comunes y otros puntos del per\u00edmetro. La zona est\u00e1 ubicada sobre la prolongaci\u00f3n de Av. Los Lagos.<\/p>\n\n\n\n<p>Al llegar al predio, las familias fueron recibidas por funcionarios y t\u00e9cnicos del Instituto de Vivienda y H\u00e1bitat del Municipio e integrantes del Consejo Asesor de Vivienda, de Vecinos sin techo y del Colectivo El Enjambre, cuyos profesionales colaboran con esta esta iniciativa. De la jornada particip\u00f3 la delegada en San Mart\u00edn de los Andes del Instituto Provincial de Vivienda IPVU-ADUS, Natalia Bruno.<\/p>\n\n\n\n<figure class=\"wp-block-gallery has-nested-images columns-default is-cropped wp-block-gallery-1 is-layout-flex wp-block-gallery-is-layout-flex\">\n<figure class=\"wp-block-image size-large\"><img loading=\"lazy\" decoding=\"async\" width=\"1024\" height=\"771\" data-id=\"4302\" src=\"https:\/\/prensa.sma.gob.ar\/wp-content\/uploads\/2024\/12\/17-apertura-1024x771.jpg\" alt=\"\" class=\"wp-image-4302\" srcset=\"https:\/\/prensa.sma.gob.ar\/wp-content\/uploads\/2024\/12\/17-apertura-1024x771.jpg 1024w, https:\/\/prensa.sma.gob.ar\/wp-content\/uploads\/2024\/12\/17-apertura-300x226.jpg 300w, https:\/\/prensa.sma.gob.ar\/wp-content\/uploads\/2024\/12\/17-apertura-768x579.jpg 768w, https:\/\/prensa.sma.gob.ar\/wp-content\/uploads\/2024\/12\/17-apertura-558x420.jpg 558w, https:\/\/prensa.sma.gob.ar\/wp-content\/uploads\/2024\/12\/17-apertura-80x60.jpg 80w, https:\/\/prensa.sma.gob.ar\/wp-content\/uploads\/2024\/12\/17-apertura-696x524.jpg 696w, https:\/\/prensa.sma.gob.ar\/wp-content\/uploads\/2024\/12\/17-apertura-1068x805.jpg 1068w, https:\/\/prensa.sma.gob.ar\/wp-content\/uploads\/2024\/12\/17-apertura.jpg 1500w\" sizes=\"auto, (max-width: 1024px) 100vw, 1024px\" \/><\/figure>\n\n\n\n<figure class=\"wp-block-image size-large\"><img loading=\"lazy\" decoding=\"async\" width=\"1024\" height=\"771\" data-id=\"4309\" src=\"https:\/\/prensa.sma.gob.ar\/wp-content\/uploads\/2024\/12\/FOTO-21-1024x771.jpg\" alt=\"\" class=\"wp-image-4309\" srcset=\"https:\/\/prensa.sma.gob.ar\/wp-content\/uploads\/2024\/12\/FOTO-21-1024x771.jpg 1024w, https:\/\/prensa.sma.gob.ar\/wp-content\/uploads\/2024\/12\/FOTO-21-300x226.jpg 300w, https:\/\/prensa.sma.gob.ar\/wp-content\/uploads\/2024\/12\/FOTO-21-768x578.jpg 768w, https:\/\/prensa.sma.gob.ar\/wp-content\/uploads\/2024\/12\/FOTO-21-558x420.jpg 558w, https:\/\/prensa.sma.gob.ar\/wp-content\/uploads\/2024\/12\/FOTO-21-80x60.jpg 80w, https:\/\/prensa.sma.gob.ar\/wp-content\/uploads\/2024\/12\/FOTO-21-696x524.jpg 696w, https:\/\/prensa.sma.gob.ar\/wp-content\/uploads\/2024\/12\/FOTO-21-1068x804.jpg 1068w, https:\/\/prensa.sma.gob.ar\/wp-content\/uploads\/2024\/12\/FOTO-21.jpg 1200w\" sizes=\"auto, (max-width: 1024px) 100vw, 1024px\" \/><\/figure>\n\n\n\n<figure class=\"wp-block-image size-large\"><img loading=\"lazy\" decoding=\"async\" width=\"1024\" height=\"771\" data-id=\"4317\" src=\"https:\/\/prensa.sma.gob.ar\/wp-content\/uploads\/2024\/12\/foto-14-1024x771.jpg\" alt=\"\" class=\"wp-image-4317\" srcset=\"https:\/\/prensa.sma.gob.ar\/wp-content\/uploads\/2024\/12\/foto-14-1024x771.jpg 1024w, https:\/\/prensa.sma.gob.ar\/wp-content\/uploads\/2024\/12\/foto-14-300x226.jpg 300w, https:\/\/prensa.sma.gob.ar\/wp-content\/uploads\/2024\/12\/foto-14-768x578.jpg 768w, https:\/\/prensa.sma.gob.ar\/wp-content\/uploads\/2024\/12\/foto-14-558x420.jpg 558w, https:\/\/prensa.sma.gob.ar\/wp-content\/uploads\/2024\/12\/foto-14-80x60.jpg 80w, https:\/\/prensa.sma.gob.ar\/wp-content\/uploads\/2024\/12\/foto-14-696x524.jpg 696w, https:\/\/prensa.sma.gob.ar\/wp-content\/uploads\/2024\/12\/foto-14-1068x804.jpg 1068w, https:\/\/prensa.sma.gob.ar\/wp-content\/uploads\/2024\/12\/foto-14.jpg 1200w\" sizes=\"auto, (max-width: 1024px) 100vw, 1024px\" \/><\/figure>\n<\/figure>\n\n\n\n<p>La visita estuvo a cargo de los talleristas y fue organizada por grupos de futuros vecinos, identificados por colores asignados a cada \u00e1rea en la que estar\u00e1n emplazados los lotes. La tarea incluy\u00f3 el uso de planos y el reconocimiento de estacas, demarcaciones y \u00e1reas comunes. Tras la recorrida, los grupos regresaron a un espacio bajo un pinar y all\u00ed compartieron experiencias, reflexiones y un almuerzo a la canasta.<\/p>\n\n\n\n<p>La directora del Instituto de Vivienda y H\u00e1bitat el Municipio, Carolina Amaya, explic\u00f3 que \u201cesta visita era algo que ten\u00edamos pendiente con las familias; poner pie en el territorio, en las demarcaciones de las calles, para que avancemos en este reconocimiento y las familias empiecen a darse cuenta del lugar que van a habitar\u201d.<\/p>\n\n\n\n<p>\u201cEstas jornadas tienen que ver con trabajar en el territorio, darle fuerza a la participaci\u00f3n colectiva necesaria para que este proyecto se haga parte de las familias, para que ellas se apropien de este sue\u00f1o que tenemos todos\u201d, agreg\u00f3.<\/p>\n\n\n\n<p>El proyecto de los 200 lotes fue uno de los grandes desaf\u00edos que asumi\u00f3 el Municipio a trav\u00e9s del Instituto de Vivienda. \u201cCuando empezamos el a\u00f1o solo ten\u00edamos una ordenanza de preadjudicaci\u00f3n y un predio de 12,5 hect\u00e1reas. Hoy tenemos 200 familias con nombres y apellidos, con la gente caminando el territorio, reconociendo su lugar y dando forma a su sue\u00f1o, gestionando entre todos, con el Estado, pero no esperando a que todo suceda sino moviliz\u00e1ndose\u201d, record\u00f3 Carolina Amaya.<\/p>\n\n\n\n<figure class=\"wp-block-gallery has-nested-images columns-default is-cropped wp-block-gallery-2 is-layout-flex wp-block-gallery-is-layout-flex\">\n<figure class=\"wp-block-image size-large\"><img loading=\"lazy\" decoding=\"async\" width=\"1024\" height=\"771\" data-id=\"4318\" src=\"https:\/\/prensa.sma.gob.ar\/wp-content\/uploads\/2024\/12\/foto-13-1024x771.jpg\" alt=\"\" class=\"wp-image-4318\" srcset=\"https:\/\/prensa.sma.gob.ar\/wp-content\/uploads\/2024\/12\/foto-13-1024x771.jpg 1024w, https:\/\/prensa.sma.gob.ar\/wp-content\/uploads\/2024\/12\/foto-13-300x226.jpg 300w, https:\/\/prensa.sma.gob.ar\/wp-content\/uploads\/2024\/12\/foto-13-768x578.jpg 768w, https:\/\/prensa.sma.gob.ar\/wp-content\/uploads\/2024\/12\/foto-13-558x420.jpg 558w, https:\/\/prensa.sma.gob.ar\/wp-content\/uploads\/2024\/12\/foto-13-80x60.jpg 80w, https:\/\/prensa.sma.gob.ar\/wp-content\/uploads\/2024\/12\/foto-13-696x524.jpg 696w, https:\/\/prensa.sma.gob.ar\/wp-content\/uploads\/2024\/12\/foto-13-1068x804.jpg 1068w, https:\/\/prensa.sma.gob.ar\/wp-content\/uploads\/2024\/12\/foto-13.jpg 1200w\" sizes=\"auto, (max-width: 1024px) 100vw, 1024px\" \/><\/figure>\n\n\n\n<figure class=\"wp-block-image size-large\"><img loading=\"lazy\" decoding=\"async\" width=\"1024\" height=\"771\" data-id=\"4323\" src=\"https:\/\/prensa.sma.gob.ar\/wp-content\/uploads\/2024\/12\/foto-4-1024x771.jpg\" alt=\"\" class=\"wp-image-4323\" srcset=\"https:\/\/prensa.sma.gob.ar\/wp-content\/uploads\/2024\/12\/foto-4-1024x771.jpg 1024w, https:\/\/prensa.sma.gob.ar\/wp-content\/uploads\/2024\/12\/foto-4-300x226.jpg 300w, https:\/\/prensa.sma.gob.ar\/wp-content\/uploads\/2024\/12\/foto-4-768x578.jpg 768w, https:\/\/prensa.sma.gob.ar\/wp-content\/uploads\/2024\/12\/foto-4-558x420.jpg 558w, https:\/\/prensa.sma.gob.ar\/wp-content\/uploads\/2024\/12\/foto-4-80x60.jpg 80w, https:\/\/prensa.sma.gob.ar\/wp-content\/uploads\/2024\/12\/foto-4-696x524.jpg 696w, https:\/\/prensa.sma.gob.ar\/wp-content\/uploads\/2024\/12\/foto-4-1068x804.jpg 1068w, https:\/\/prensa.sma.gob.ar\/wp-content\/uploads\/2024\/12\/foto-4.jpg 1200w\" sizes=\"auto, (max-width: 1024px) 100vw, 1024px\" \/><\/figure>\n\n\n\n<figure class=\"wp-block-image size-large\"><img loading=\"lazy\" decoding=\"async\" width=\"1024\" height=\"814\" data-id=\"4322\" src=\"https:\/\/prensa.sma.gob.ar\/wp-content\/uploads\/2024\/12\/foto-6--1024x814.jpg\" alt=\"\" class=\"wp-image-4322\" srcset=\"https:\/\/prensa.sma.gob.ar\/wp-content\/uploads\/2024\/12\/foto-6--1024x814.jpg 1024w, https:\/\/prensa.sma.gob.ar\/wp-content\/uploads\/2024\/12\/foto-6--300x239.jpg 300w, https:\/\/prensa.sma.gob.ar\/wp-content\/uploads\/2024\/12\/foto-6--768x611.jpg 768w, https:\/\/prensa.sma.gob.ar\/wp-content\/uploads\/2024\/12\/foto-6--528x420.jpg 528w, https:\/\/prensa.sma.gob.ar\/wp-content\/uploads\/2024\/12\/foto-6--696x553.jpg 696w, https:\/\/prensa.sma.gob.ar\/wp-content\/uploads\/2024\/12\/foto-6--1068x849.jpg 1068w, https:\/\/prensa.sma.gob.ar\/wp-content\/uploads\/2024\/12\/foto-6-.jpg 1200w\" sizes=\"auto, (max-width: 1024px) 100vw, 1024px\" \/><\/figure>\n<\/figure>\n\n\n\n<p>Ignacio Ferrer\u00eda, de la organizaci\u00f3n Vecinos Sin Techo, se\u00f1al\u00f3 que \u201cde ac\u00e1 en adelante se dispara todo lo que es caminer\u00eda, apertura de calles, agua y luz, pero para eso hace falta gesti\u00f3n y compromiso pol\u00edtico para financiar la obra. Esto es lo que se est\u00e1 construyendo con los vecinos, para traccionar juntos la etapa que viene\u201d.<\/p>\n\n\n\n<p>Ferrer\u00eda record\u00f3 que \u201caqu\u00ed hab\u00eda un proyecto urban\u00edstico completo, con tierras y viviendas, pero eso se cay\u00f3 con la llegada del nuevo gobierno nacional. A partir de ah\u00ed, el Municipio, como propietario de estas tierras, puso en marcha estas acciones. M\u00e1s all\u00e1 de que ya no podemos proyectar una vivienda, proyectamos los lotes y estamos en eso. El destino de este loteo est\u00e1 atado a las 200 familias\u201d.<\/p>\n\n\n\n<p>La jornada estuvo acompa\u00f1ada por vecinas y vecinos de otros barrios que, a partir de su propia experiencia colectiva, comparten ideas y caminos para gestionar la pr\u00f3xima etapa. Es el caso de los vecinos autoconvocados de El Tr\u00e9bol, en Kaleuche, que recientemente lograron un acuerdo con la Provincia, a trav\u00e9s del IPVU-ADUS; Municipio y Concejo Deliberante, para obtener financiamiento destinado a infraestructura de servicios esenciales.<\/p>\n\n\n\n<p>Marcelo Fern\u00e1ndez, de El Tr\u00e9bol, se\u00f1al\u00f3 que \u201cestamos acompa\u00f1ando a estos vecinos que, Junto al Instituto de Vivienda, le est\u00e1n buscando la vuelta en el marco de la emergencia\u201d y record\u00f3 que \u201cnosotros, junto con instancias municipales y provinciales, venimos de la experiencia de caminar nuestro lugar y hacernos cargo de que la vivienda en barrios es posible\u201d.<\/p>\n\n\n\n<p>\u201cM\u00e1s all\u00e1 de que escuchamos autoridades nacionales diciendo que no hay presupuesto para lotes y viviendas, nos autogestionamos. Ni estos vecinos (de los 200 lotes) ni nosotros, tenemos el techo, pero sabemos que este es el camino\u201d, agreg\u00f3. Fern\u00e1ndez concluy\u00f3 que \u201cla paciencia es eterna porque el derecho a la vivienda no ha sido f\u00e1cil en los \u00faltimos a\u00f1os. No queremos dejarle todo al Estado en t\u00e9rminos de gesti\u00f3n, pero queremos ser insistentes para transitar en conjunto y queremos ser protagonistas de las cosas que se hagan\u201d.<\/p>\n\n\n\n<figure class=\"wp-block-gallery has-nested-images columns-default is-cropped wp-block-gallery-3 is-layout-flex wp-block-gallery-is-layout-flex\">\n<figure class=\"wp-block-image size-large\"><img loading=\"lazy\" decoding=\"async\" width=\"1024\" height=\"771\" data-id=\"4299\" src=\"https:\/\/prensa.sma.gob.ar\/wp-content\/uploads\/2024\/12\/5-1-1024x771.jpg\" alt=\"\" class=\"wp-image-4299\" srcset=\"https:\/\/prensa.sma.gob.ar\/wp-content\/uploads\/2024\/12\/5-1-1024x771.jpg 1024w, https:\/\/prensa.sma.gob.ar\/wp-content\/uploads\/2024\/12\/5-1-300x226.jpg 300w, https:\/\/prensa.sma.gob.ar\/wp-content\/uploads\/2024\/12\/5-1-768x578.jpg 768w, https:\/\/prensa.sma.gob.ar\/wp-content\/uploads\/2024\/12\/5-1-558x420.jpg 558w, https:\/\/prensa.sma.gob.ar\/wp-content\/uploads\/2024\/12\/5-1-80x60.jpg 80w, https:\/\/prensa.sma.gob.ar\/wp-content\/uploads\/2024\/12\/5-1-696x524.jpg 696w, https:\/\/prensa.sma.gob.ar\/wp-content\/uploads\/2024\/12\/5-1-1068x804.jpg 1068w, https:\/\/prensa.sma.gob.ar\/wp-content\/uploads\/2024\/12\/5-1.jpg 1500w\" sizes=\"auto, (max-width: 1024px) 100vw, 1024px\" \/><\/figure>\n\n\n\n<figure class=\"wp-block-image size-large\"><img loading=\"lazy\" decoding=\"async\" width=\"1024\" height=\"771\" data-id=\"4300\" src=\"https:\/\/prensa.sma.gob.ar\/wp-content\/uploads\/2024\/12\/9-1024x771.jpg\" alt=\"\" class=\"wp-image-4300\" srcset=\"https:\/\/prensa.sma.gob.ar\/wp-content\/uploads\/2024\/12\/9-1024x771.jpg 1024w, https:\/\/prensa.sma.gob.ar\/wp-content\/uploads\/2024\/12\/9-300x226.jpg 300w, https:\/\/prensa.sma.gob.ar\/wp-content\/uploads\/2024\/12\/9-768x578.jpg 768w, https:\/\/prensa.sma.gob.ar\/wp-content\/uploads\/2024\/12\/9-558x420.jpg 558w, https:\/\/prensa.sma.gob.ar\/wp-content\/uploads\/2024\/12\/9-80x60.jpg 80w, https:\/\/prensa.sma.gob.ar\/wp-content\/uploads\/2024\/12\/9-696x524.jpg 696w, https:\/\/prensa.sma.gob.ar\/wp-content\/uploads\/2024\/12\/9-1068x804.jpg 1068w, https:\/\/prensa.sma.gob.ar\/wp-content\/uploads\/2024\/12\/9.jpg 1500w\" sizes=\"auto, (max-width: 1024px) 100vw, 1024px\" \/><\/figure>\n\n\n\n<figure class=\"wp-block-image size-large\"><img loading=\"lazy\" decoding=\"async\" width=\"1024\" height=\"771\" data-id=\"4301\" src=\"https:\/\/prensa.sma.gob.ar\/wp-content\/uploads\/2024\/12\/161-1024x771.jpg\" alt=\"\" class=\"wp-image-4301\" srcset=\"https:\/\/prensa.sma.gob.ar\/wp-content\/uploads\/2024\/12\/161-1024x771.jpg 1024w, https:\/\/prensa.sma.gob.ar\/wp-content\/uploads\/2024\/12\/161-300x226.jpg 300w, https:\/\/prensa.sma.gob.ar\/wp-content\/uploads\/2024\/12\/161-768x578.jpg 768w, https:\/\/prensa.sma.gob.ar\/wp-content\/uploads\/2024\/12\/161-558x420.jpg 558w, https:\/\/prensa.sma.gob.ar\/wp-content\/uploads\/2024\/12\/161-80x60.jpg 80w, https:\/\/prensa.sma.gob.ar\/wp-content\/uploads\/2024\/12\/161-696x524.jpg 696w, https:\/\/prensa.sma.gob.ar\/wp-content\/uploads\/2024\/12\/161-1068x804.jpg 1068w, https:\/\/prensa.sma.gob.ar\/wp-content\/uploads\/2024\/12\/161.jpg 1500w\" sizes=\"auto, (max-width: 1024px) 100vw, 1024px\" \/><\/figure>\n<\/figure>\n\n\n\n<p>El taller de este s\u00e1bado estuvo precedido por otros encuentros que permitieron ir dando forma a las acciones colectivas de las 200 familias. El primero se realiz\u00f3 el 31 de agosto, en el Cpem 57; en octubre recorrieron el Barrio Intercultural; luego visitaron barrios de Chacra 28, Chacra 30 y Chacra 32; y en noviembre se realiz\u00f3 otra actividad en el Cpem 57.<\/p>\n\n\n\n<p>De manera paralela a la realizaci\u00f3n de estas actividades, se llevaron a cabo las primeras demarcaciones con estacas sobre el terreno, que fueron realizadas por el agrimensor Nicol\u00e1s Agust\u00edn Hern\u00e1ndez y son parte de las tareas necesarias para avanzar en nuevas etapas y para finalizar el estudio de impacto ambiental.<\/p>\n\n\n\n<p>Sobre el final de la jornada, a la sombra de los pinos, vecinas, vecinos, t\u00e9cnicos y funcionarios, reafirmaron emocionados la idea de que las acciones colectivas permitir\u00e1n ir dando forma al barrio que todas y todos sue\u00f1an concretar en estas 12,5 hect\u00e1reas de San Mart\u00edn de los Andes. &nbsp;<\/p>\n\n\n\n<figure class=\"wp-block-gallery has-nested-images columns-default is-cropped wp-block-gallery-4 is-layout-flex wp-block-gallery-is-layout-flex\">\n<figure class=\"wp-block-image size-large\"><img loading=\"lazy\" decoding=\"async\" width=\"1024\" height=\"771\" data-id=\"4321\" src=\"https:\/\/prensa.sma.gob.ar\/wp-content\/uploads\/2024\/12\/foto-10-1024x771.jpg\" alt=\"\" class=\"wp-image-4321\" srcset=\"https:\/\/prensa.sma.gob.ar\/wp-content\/uploads\/2024\/12\/foto-10-1024x771.jpg 1024w, https:\/\/prensa.sma.gob.ar\/wp-content\/uploads\/2024\/12\/foto-10-300x226.jpg 300w, https:\/\/prensa.sma.gob.ar\/wp-content\/uploads\/2024\/12\/foto-10-768x578.jpg 768w, https:\/\/prensa.sma.gob.ar\/wp-content\/uploads\/2024\/12\/foto-10-558x420.jpg 558w, https:\/\/prensa.sma.gob.ar\/wp-content\/uploads\/2024\/12\/foto-10-80x60.jpg 80w, https:\/\/prensa.sma.gob.ar\/wp-content\/uploads\/2024\/12\/foto-10-696x524.jpg 696w, https:\/\/prensa.sma.gob.ar\/wp-content\/uploads\/2024\/12\/foto-10-1068x804.jpg 1068w, https:\/\/prensa.sma.gob.ar\/wp-content\/uploads\/2024\/12\/foto-10.jpg 1200w\" sizes=\"auto, (max-width: 1024px) 100vw, 1024px\" \/><\/figure>\n\n\n\n<figure class=\"wp-block-image size-large\"><img loading=\"lazy\" decoding=\"async\" width=\"1024\" height=\"771\" data-id=\"4316\" src=\"https:\/\/prensa.sma.gob.ar\/wp-content\/uploads\/2024\/12\/foto-15-1024x771.jpg\" alt=\"\" class=\"wp-image-4316\" srcset=\"https:\/\/prensa.sma.gob.ar\/wp-content\/uploads\/2024\/12\/foto-15-1024x771.jpg 1024w, https:\/\/prensa.sma.gob.ar\/wp-content\/uploads\/2024\/12\/foto-15-300x226.jpg 300w, https:\/\/prensa.sma.gob.ar\/wp-content\/uploads\/2024\/12\/foto-15-768x578.jpg 768w, https:\/\/prensa.sma.gob.ar\/wp-content\/uploads\/2024\/12\/foto-15-558x420.jpg 558w, https:\/\/prensa.sma.gob.ar\/wp-content\/uploads\/2024\/12\/foto-15-80x60.jpg 80w, https:\/\/prensa.sma.gob.ar\/wp-content\/uploads\/2024\/12\/foto-15-696x524.jpg 696w, https:\/\/prensa.sma.gob.ar\/wp-content\/uploads\/2024\/12\/foto-15-1068x804.jpg 1068w, https:\/\/prensa.sma.gob.ar\/wp-content\/uploads\/2024\/12\/foto-15.jpg 1200w\" sizes=\"auto, (max-width: 1024px) 100vw, 1024px\" \/><\/figure>\n\n\n\n<figure class=\"wp-block-image size-large\"><img loading=\"lazy\" decoding=\"async\" width=\"1024\" height=\"771\" data-id=\"4315\" src=\"https:\/\/prensa.sma.gob.ar\/wp-content\/uploads\/2024\/12\/foto-18-1024x771.jpg\" alt=\"\" class=\"wp-image-4315\" srcset=\"https:\/\/prensa.sma.gob.ar\/wp-content\/uploads\/2024\/12\/foto-18-1024x771.jpg 1024w, https:\/\/prensa.sma.gob.ar\/wp-content\/uploads\/2024\/12\/foto-18-300x226.jpg 300w, https:\/\/prensa.sma.gob.ar\/wp-content\/uploads\/2024\/12\/foto-18-768x578.jpg 768w, https:\/\/prensa.sma.gob.ar\/wp-content\/uploads\/2024\/12\/foto-18-558x420.jpg 558w, https:\/\/prensa.sma.gob.ar\/wp-content\/uploads\/2024\/12\/foto-18-80x60.jpg 80w, https:\/\/prensa.sma.gob.ar\/wp-content\/uploads\/2024\/12\/foto-18-696x524.jpg 696w, https:\/\/prensa.sma.gob.ar\/wp-content\/uploads\/2024\/12\/foto-18-1068x804.jpg 1068w, https:\/\/prensa.sma.gob.ar\/wp-content\/uploads\/2024\/12\/foto-18.jpg 1200w\" sizes=\"auto, (max-width: 1024px) 100vw, 1024px\" \/><\/figure>\n<\/figure>\n\n\n\n<figure class=\"wp-block-gallery has-nested-images columns-default is-cropped wp-block-gallery-5 is-layout-flex wp-block-gallery-is-layout-flex\">\n<figure class=\"wp-block-image size-large\"><img loading=\"lazy\" decoding=\"async\" width=\"771\" height=\"1024\" data-id=\"4314\" src=\"https:\/\/prensa.sma.gob.ar\/wp-content\/uploads\/2024\/12\/FOTO-VERTICAL-1-1-771x1024.jpg\" alt=\"\" class=\"wp-image-4314\" srcset=\"https:\/\/prensa.sma.gob.ar\/wp-content\/uploads\/2024\/12\/FOTO-VERTICAL-1-1-771x1024.jpg 771w, https:\/\/prensa.sma.gob.ar\/wp-content\/uploads\/2024\/12\/FOTO-VERTICAL-1-1-226x300.jpg 226w, https:\/\/prensa.sma.gob.ar\/wp-content\/uploads\/2024\/12\/FOTO-VERTICAL-1-1-768x1020.jpg 768w, https:\/\/prensa.sma.gob.ar\/wp-content\/uploads\/2024\/12\/FOTO-VERTICAL-1-1-316x420.jpg 316w, https:\/\/prensa.sma.gob.ar\/wp-content\/uploads\/2024\/12\/FOTO-VERTICAL-1-1-696x925.jpg 696w, https:\/\/prensa.sma.gob.ar\/wp-content\/uploads\/2024\/12\/FOTO-VERTICAL-1-1.jpg 800w\" sizes=\"auto, (max-width: 771px) 100vw, 771px\" \/><\/figure>\n\n\n\n<figure class=\"wp-block-image size-large\"><img loading=\"lazy\" decoding=\"async\" width=\"771\" height=\"1024\" data-id=\"4312\" src=\"https:\/\/prensa.sma.gob.ar\/wp-content\/uploads\/2024\/12\/FOTO-VERTICAL-3-771x1024.jpg\" alt=\"\" class=\"wp-image-4312\" srcset=\"https:\/\/prensa.sma.gob.ar\/wp-content\/uploads\/2024\/12\/FOTO-VERTICAL-3-771x1024.jpg 771w, https:\/\/prensa.sma.gob.ar\/wp-content\/uploads\/2024\/12\/FOTO-VERTICAL-3-226x300.jpg 226w, https:\/\/prensa.sma.gob.ar\/wp-content\/uploads\/2024\/12\/FOTO-VERTICAL-3-768x1020.jpg 768w, https:\/\/prensa.sma.gob.ar\/wp-content\/uploads\/2024\/12\/FOTO-VERTICAL-3-316x420.jpg 316w, https:\/\/prensa.sma.gob.ar\/wp-content\/uploads\/2024\/12\/FOTO-VERTICAL-3-696x925.jpg 696w, https:\/\/prensa.sma.gob.ar\/wp-content\/uploads\/2024\/12\/FOTO-VERTICAL-3.jpg 800w\" sizes=\"auto, (max-width: 771px) 100vw, 771px\" \/><\/figure>\n\n\n\n<figure class=\"wp-block-image size-large\"><img loading=\"lazy\" decoding=\"async\" width=\"771\" height=\"1024\" data-id=\"4313\" src=\"https:\/\/prensa.sma.gob.ar\/wp-content\/uploads\/2024\/12\/FOTO-VERTICAL-2-771x1024.jpg\" alt=\"\" class=\"wp-image-4313\" srcset=\"https:\/\/prensa.sma.gob.ar\/wp-content\/uploads\/2024\/12\/FOTO-VERTICAL-2-771x1024.jpg 771w, https:\/\/prensa.sma.gob.ar\/wp-content\/uploads\/2024\/12\/FOTO-VERTICAL-2-226x300.jpg 226w, https:\/\/prensa.sma.gob.ar\/wp-content\/uploads\/2024\/12\/FOTO-VERTICAL-2-768x1020.jpg 768w, https:\/\/prensa.sma.gob.ar\/wp-content\/uploads\/2024\/12\/FOTO-VERTICAL-2-316x420.jpg 316w, https:\/\/prensa.sma.gob.ar\/wp-content\/uploads\/2024\/12\/FOTO-VERTICAL-2-696x925.jpg 696w, https:\/\/prensa.sma.gob.ar\/wp-content\/uploads\/2024\/12\/FOTO-VERTICAL-2.jpg 800w\" sizes=\"auto, (max-width: 771px) 100vw, 771px\" \/><\/figure>\n<\/figure>\n\n\n\n<figure class=\"wp-block-embed is-type-video is-provider-youtube wp-block-embed-youtube wp-embed-aspect-16-9 wp-has-aspect-ratio\"><div class=\"wp-block-embed__wrapper\">\n<div class=\"youtube-embed\" data-video_id=\"\"><iframe loading=\"lazy\" title=\"Carolina Amaya -  Las familias de los 200 lotes de Chacra 30 cerraron el a\u00f1o en su territorio\" width=\"696\" height=\"392\" src=\"https:\/\/www.youtube.com\/embed\/UvFj_Zm3YIM?feature=oembed&#038;enablejsapi=1\" frameborder=\"0\" allow=\"accelerometer; autoplay; clipboard-write; encrypted-media; gyroscope; picture-in-picture; web-share\" referrerpolicy=\"strict-origin-when-cross-origin\" allowfullscreen><\/iframe><\/div>\n<\/div><\/figure>\n\n\n\n<figure class=\"wp-block-embed is-type-video is-provider-youtube wp-block-embed-youtube wp-embed-aspect-4-3 wp-has-aspect-ratio\"><div class=\"wp-block-embed__wrapper\">\n<div class=\"youtube-embed\" data-video_id=\"\"><iframe loading=\"lazy\" title=\"Marcelo Fern\u00e1ndez, vecino del Loteo El Tr\u00e9bol\" width=\"696\" height=\"392\" src=\"https:\/\/www.youtube.com\/embed\/fWfW-avR_9w?feature=oembed&#038;enablejsapi=1\" frameborder=\"0\" allow=\"accelerometer; autoplay; clipboard-write; encrypted-media; gyroscope; picture-in-picture; web-share\" referrerpolicy=\"strict-origin-when-cross-origin\" allowfullscreen><\/iframe><\/div>\n<\/div><\/figure>\n\n\n\n<figure class=\"wp-block-embed is-type-video is-provider-youtube wp-block-embed-youtube wp-embed-aspect-16-9 wp-has-aspect-ratio\"><div class=\"wp-block-embed__wrapper\">\n<div class=\"youtube-embed\" data-video_id=\"\"><iframe loading=\"lazy\" title=\"Ignacio Ferrer\u00eda, organizaci\u00f3n Vecinos sin Techo\" width=\"696\" height=\"392\" src=\"https:\/\/www.youtube.com\/embed\/dOndT17ZPVc?feature=oembed&#038;enablejsapi=1\" frameborder=\"0\" allow=\"accelerometer; autoplay; clipboard-write; encrypted-media; gyroscope; picture-in-picture; web-share\" referrerpolicy=\"strict-origin-when-cross-origin\" allowfullscreen><\/iframe><\/div>\n<\/div><\/figure>\n\n\n\n<figure class=\"wp-block-embed is-type-video is-provider-youtube wp-block-embed-youtube wp-embed-aspect-16-9 wp-has-aspect-ratio\"><div class=\"wp-block-embed__wrapper\">\n<div class=\"youtube-embed\" data-video_id=\"oZVQYe96xr0\"><iframe loading=\"lazy\" title=\"Familias de los 200 lotes cerraron el a\u00f1o a todo color en Chacra 30.\" width=\"696\" height=\"392\" src=\"https:\/\/www.youtube.com\/embed\/oZVQYe96xr0?feature=oembed&#038;enablejsapi=1\" frameborder=\"0\" allow=\"accelerometer; autoplay; clipboard-write; encrypted-media; gyroscope; picture-in-picture; web-share\" referrerpolicy=\"strict-origin-when-cross-origin\" allowfullscreen><\/iframe><\/div>\n<\/div><\/figure>\n","protected":false},"excerpt":{"rendered":"<p>Entre emociones, alegr\u00eda y la revitalizaci\u00f3n del sue\u00f1o de la tierra propia, familias preadjudicatarias de los 200 lotes en Chacra 30 visitaron su territorio, como parte del taller \u00abDe la tierra al barrio\u00bb, que organiz\u00f3 el Instituto de Vivienda y H\u00e1bitat del Municipio. Decenas de familias recorrieron este s\u00e1bado las 12,5 hect\u00e1reas donde se asentar\u00e1n [&hellip;]<\/p>\n","protected":false},"author":2,"featured_media":4308,"comment_status":"closed","ping_status":"open","sticky":false,"template":"","format":"standard","meta":{"footnotes":""},"categories":[16,14,17,37],"tags":[],"class_list":{"0":"post-4298","1":"post","2":"type-post","3":"status-publish","4":"format-standard","5":"has-post-thumbnail","7":"category-destacadas","8":"category-noticias","9":"category-portada","10":"category-vivienda"},"_links":{"self":[{"href":"https:\/\/prensa.sma.gob.ar\/index.php?rest_route=\/wp\/v2\/posts\/4298","targetHints":{"allow":["GET"]}}],"collection":[{"href":"https:\/\/prensa.sma.gob.ar\/index.php?rest_route=\/wp\/v2\/posts"}],"about":[{"href":"https:\/\/prensa.sma.gob.ar\/index.php?rest_route=\/wp\/v2\/types\/post"}],"author":[{"embeddable":true,"href":"https:\/\/prensa.sma.gob.ar\/index.php?rest_route=\/wp\/v2\/users\/2"}],"replies":[{"embeddable":true,"href":"https:\/\/prensa.sma.gob.ar\/index.php?rest_route=%2Fwp%2Fv2%2Fcomments&post=4298"}],"version-history":[{"count":5,"href":"https:\/\/prensa.sma.gob.ar\/index.php?rest_route=\/wp\/v2\/posts\/4298\/revisions"}],"predecessor-version":[{"id":5348,"href":"https:\/\/prensa.sma.gob.ar\/index.php?rest_route=\/wp\/v2\/posts\/4298\/revisions\/5348"}],"wp:featuredmedia":[{"embeddable":true,"href":"https:\/\/prensa.sma.gob.ar\/index.php?rest_route=\/wp\/v2\/media\/4308"}],"wp:attachment":[{"href":"https:\/\/prensa.sma.gob.ar\/index.php?rest_route=%2Fwp%2Fv2%2Fmedia&parent=4298"}],"wp:term":[{"taxonomy":"category","embeddable":true,"href":"https:\/\/prensa.sma.gob.ar\/index.php?rest_route=%2Fwp%2Fv2%2Fcategories&post=4298"},{"taxonomy":"post_tag","embeddable":true,"href":"https:\/\/prensa.sma.gob.ar\/index.php?rest_route=%2Fwp%2Fv2%2Ftags&post=4298"}],"curies":[{"name":"wp","href":"https:\/\/api.w.org\/{rel}","templated":true}]}}