{"id":4336,"date":"2024-12-17T11:53:34","date_gmt":"2024-12-17T11:53:34","guid":{"rendered":"https:\/\/prensa.sma.gob.ar\/?p=4336"},"modified":"2024-12-17T11:53:36","modified_gmt":"2024-12-17T11:53:36","slug":"eficacia-en-politicas-publicas-y-consenso-ejes-del-nuevo-pacto-de-gobernanza","status":"publish","type":"post","link":"https:\/\/prensa.sma.gob.ar\/?p=4336","title":{"rendered":"Eficacia en pol\u00edticas p\u00fablicas y consenso, ejes del nuevo Pacto de Gobernanza"},"content":{"rendered":"\n<p>El Gobierno neuquino y los intendentes y presidentes de comisiones de fomento de la provincia ratificaron el rumbo de la gesti\u00f3n de gobierno y propiciaron una mayor eficacia de las pol\u00edticas p\u00fablicas para dar respuestas m\u00e1s r\u00e1pidas a las necesidades de la poblaci\u00f3n.<\/p>\n\n\n\n<p>Estos ejes quedaron plasmados durante el encuentro que encabez\u00f3 el gobernador Rolando Figueroa en Chos Malal, en el que se firm\u00f3 el llamado \u201cPacto de Gobernanza II\u201d, continuidad del documento acordado en febrero de este a\u00f1o.<\/p>\n\n\n\n<p>El pacto busca compartir responsabilidades y recursos para poder abordar de manera m\u00e1s eficiente los problemas de cada municipio y busca profundizar el desarrollo de pol\u00edticas p\u00fablicas consensuadas y su implementaci\u00f3n a largo plazo.<\/p>\n\n\n\n<p>En el documento, que se firm\u00f3 en el Centro Cultural de Chos Malal y entre cuyos asistentes estuvo el intendente de San Mart\u00edn de los Andes, Carlos Saloniti, se destaca que el trabajo conjunto \u201ces imprescindible\u201d.<\/p>\n\n\n\n<p>La Provincia y los gobiernos locales aunar\u00e1n esfuerzos para continuar con el equilibrio de las cuentas fiscales y se comprometieron a no incorporar personal, a excepci\u00f3n de aquellos nombramientos o reemplazos de quienes prestan servicios esenciales. Adem\u00e1s, trabajar\u00e1n en el saneamiento de las cuentas con el Instituto de Seguridad del Neuqu\u00e9n, a trav\u00e9s de planes especiales y compensaciones por prestaciones de servicio y\/o infraestructura.<\/p>\n\n\n\n<p>El gobernador y los jefes comunales coincidieron en \u201cla imperiosa necesidad\u201d de continuar avanzando en la ejecuci\u00f3n de obras fundamentales para cada comunidad, en la profundizaci\u00f3n de las reformas tributarias y en la revisi\u00f3n de las atribuciones comunes a todos los municipios. Se acord\u00f3 trabajar en un c\u00f3digo tarifario unificado para armonizar y homogeneizar los principales tributos municipales.<\/p>\n\n\n\n<p>Adem\u00e1s, se comprometieron a seguir trabajando dentro del Plan Provincial de Regionalizaci\u00f3n, acordando la agenda de obras aprobadas en el Presupuesto Provincial 2025 y priorizando las de r\u00e1pida ejecuci\u00f3n y de impacto en los servicios b\u00e1sicos esenciales.<\/p>\n\n\n\n<p>La Provincia se comprometi\u00f3 a dar continuidad al esquema de financiamiento municipal con origen de fondos provinciales, nacionales y\/u organismos multilaterales de cr\u00e9ditos con destino al desarrollo de infraestructura urbana local. Mientras que los gobiernos locales se comprometieron a realizar las gestiones necesarias para llevar adelante su ejecuci\u00f3n.<\/p>\n\n\n\n<p>Algunas de las l\u00edneas de trabajo que se acordaron est\u00e1n dirigidas al abastecimiento de agua potable; recolecci\u00f3n y tratamiento de l\u00edquidos cloacales y residuales; abordaje global de los incendios forestales; incentivo a la forestaci\u00f3n y el cuidado de bosques; gesti\u00f3n del suelo urbano, planes de ordenamiento territorial y planificaci\u00f3n de infraestructuras; y regularizaci\u00f3n de tierras.<\/p>\n\n\n\n<p>El mantenimiento y la reparaci\u00f3n de los establecimientos escolares fue otro de los compromisos asumidos, con el objetivo de asegurar el inicio del ciclo lectivo 2025 en las fechas previstas. Asimismo, se acord\u00f3 asistir con los establecimientos educativos en la facilitaci\u00f3n de los espacios f\u00edsicos para la pr\u00e1ctica deportiva y recreativa. El gobierno provincial colaborar\u00e1 con los recursos financieros necesarios para mantener en forma adecuada esos espacios.<\/p>\n\n\n\n<p>Otras de las l\u00edneas de trabajo acordadas est\u00e1n relacionadas con la implementaci\u00f3n y el financiamiento de Programas de Formaci\u00f3n y Capacitaci\u00f3n; Programas de incentivos fiscales y acceso preferencial a cr\u00e9ditos; y la continuidad del Programa Provincial Redistribuir Oportunidades (Becas Gregorio \u00c1lvarez).<\/p>\n\n\n\n<p>Adem\u00e1s, la Provincia y los gobiernos locales se comprometieron a realizar un plan conjunto que permita el cobro en tiempo y forma de las viviendas sociales y cr\u00e9ditos otorgados para soluciones habitacionales, para luego destinar los fondos percibidos en cada localidad a la generaci\u00f3n de nuevos programas apoyados en un sistema m\u00e1s solidario y sostenible.<\/p>\n\n\n\n<p>Finalmente, la Provincia y los gobiernos locales se comprometieron a fortalecer el Consejo Provincial y los Consejos Regionales de Turismo, como espacios de di\u00e1logo y co-creaci\u00f3n de pol\u00edticas tur\u00edsticas.<\/p>\n","protected":false},"excerpt":{"rendered":"<p>El Gobierno neuquino y los intendentes y presidentes de comisiones de fomento de la provincia ratificaron el rumbo de la gesti\u00f3n de gobierno y propiciaron una mayor eficacia de las pol\u00edticas p\u00fablicas para dar respuestas m\u00e1s r\u00e1pidas a las necesidades de la poblaci\u00f3n. Estos ejes quedaron plasmados durante el encuentro que encabez\u00f3 el gobernador Rolando [&hellip;]<\/p>\n","protected":false},"author":2,"featured_media":4337,"comment_status":"closed","ping_status":"open","sticky":false,"template":"","format":"standard","meta":{"footnotes":""},"categories":[16,14,17],"tags":[],"class_list":{"0":"post-4336","1":"post","2":"type-post","3":"status-publish","4":"format-standard","5":"has-post-thumbnail","7":"category-destacadas","8":"category-noticias","9":"category-portada"},"_links":{"self":[{"href":"https:\/\/prensa.sma.gob.ar\/index.php?rest_route=\/wp\/v2\/posts\/4336","targetHints":{"allow":["GET"]}}],"collection":[{"href":"https:\/\/prensa.sma.gob.ar\/index.php?rest_route=\/wp\/v2\/posts"}],"about":[{"href":"https:\/\/prensa.sma.gob.ar\/index.php?rest_route=\/wp\/v2\/types\/post"}],"author":[{"embeddable":true,"href":"https:\/\/prensa.sma.gob.ar\/index.php?rest_route=\/wp\/v2\/users\/2"}],"replies":[{"embeddable":true,"href":"https:\/\/prensa.sma.gob.ar\/index.php?rest_route=%2Fwp%2Fv2%2Fcomments&post=4336"}],"version-history":[{"count":1,"href":"https:\/\/prensa.sma.gob.ar\/index.php?rest_route=\/wp\/v2\/posts\/4336\/revisions"}],"predecessor-version":[{"id":4338,"href":"https:\/\/prensa.sma.gob.ar\/index.php?rest_route=\/wp\/v2\/posts\/4336\/revisions\/4338"}],"wp:featuredmedia":[{"embeddable":true,"href":"https:\/\/prensa.sma.gob.ar\/index.php?rest_route=\/wp\/v2\/media\/4337"}],"wp:attachment":[{"href":"https:\/\/prensa.sma.gob.ar\/index.php?rest_route=%2Fwp%2Fv2%2Fmedia&parent=4336"}],"wp:term":[{"taxonomy":"category","embeddable":true,"href":"https:\/\/prensa.sma.gob.ar\/index.php?rest_route=%2Fwp%2Fv2%2Fcategories&post=4336"},{"taxonomy":"post_tag","embeddable":true,"href":"https:\/\/prensa.sma.gob.ar\/index.php?rest_route=%2Fwp%2Fv2%2Ftags&post=4336"}],"curies":[{"name":"wp","href":"https:\/\/api.w.org\/{rel}","templated":true}]}}