{"id":4342,"date":"2024-12-17T13:28:02","date_gmt":"2024-12-17T13:28:02","guid":{"rendered":"https:\/\/prensa.sma.gob.ar\/?p=4342"},"modified":"2024-12-17T13:28:03","modified_gmt":"2024-12-17T13:28:03","slug":"aurelio-oscar-bustamante-tendra-a-su-cargo-la-obra-del-deck-de-la-costanera","status":"publish","type":"post","link":"https:\/\/prensa.sma.gob.ar\/?p=4342","title":{"rendered":"Aurelio Oscar Bustamante tendr\u00e1 a su cargo la obra del deck de la Costanera"},"content":{"rendered":"\n<p>Bustamante gan\u00f3 el concurso de precios para el rearmado del deck existente en la Costanera del lago Lacar, da\u00f1ado por el oleaje durante un temporal. La obra utilizar\u00e1 entablonado de madera dispuesta por el Municipio.<\/p>\n\n\n\n<p>La obra implica la reconstrucci\u00f3n de la estructura de deck y 267m2 de solado con madera de Coihue de 2 x 5\u2033, preparada en el Aserradero Municipal del aprovechamiento forestal Yuco Alto.<\/p>\n\n\n\n<p>En la compulsa de precios, de la que tambi\u00e9n se present\u00f3 Leonardo David del Pino, Bustamante cotiz\u00f3 $ 12.000.000 para desarmar la estructura actual de madera, reparar la losa y montar la nueva.<\/p>\n\n\n\n<p>La obra incluye la colocaci\u00f3n con maquinaria de piedra bocha grande a modo de corta ola; adem\u00e1s de lijar y pintar la madera con protector.<\/p>\n\n\n\n<p><\/p>\n","protected":false},"excerpt":{"rendered":"<p>Bustamante gan\u00f3 el concurso de precios para el rearmado del deck existente en la Costanera del lago Lacar, da\u00f1ado por el oleaje durante un temporal. La obra utilizar\u00e1 entablonado de madera dispuesta por el Municipio. La obra implica la reconstrucci\u00f3n de la estructura de deck y 267m2 de solado con madera de Coihue de 2 [&hellip;]<\/p>\n","protected":false},"author":1,"featured_media":4343,"comment_status":"closed","ping_status":"open","sticky":false,"template":"","format":"standard","meta":{"footnotes":""},"categories":[16,14],"tags":[],"class_list":{"0":"post-4342","1":"post","2":"type-post","3":"status-publish","4":"format-standard","5":"has-post-thumbnail","7":"category-destacadas","8":"category-noticias"},"_links":{"self":[{"href":"https:\/\/prensa.sma.gob.ar\/index.php?rest_route=\/wp\/v2\/posts\/4342","targetHints":{"allow":["GET"]}}],"collection":[{"href":"https:\/\/prensa.sma.gob.ar\/index.php?rest_route=\/wp\/v2\/posts"}],"about":[{"href":"https:\/\/prensa.sma.gob.ar\/index.php?rest_route=\/wp\/v2\/types\/post"}],"author":[{"embeddable":true,"href":"https:\/\/prensa.sma.gob.ar\/index.php?rest_route=\/wp\/v2\/users\/1"}],"replies":[{"embeddable":true,"href":"https:\/\/prensa.sma.gob.ar\/index.php?rest_route=%2Fwp%2Fv2%2Fcomments&post=4342"}],"version-history":[{"count":1,"href":"https:\/\/prensa.sma.gob.ar\/index.php?rest_route=\/wp\/v2\/posts\/4342\/revisions"}],"predecessor-version":[{"id":4344,"href":"https:\/\/prensa.sma.gob.ar\/index.php?rest_route=\/wp\/v2\/posts\/4342\/revisions\/4344"}],"wp:featuredmedia":[{"embeddable":true,"href":"https:\/\/prensa.sma.gob.ar\/index.php?rest_route=\/wp\/v2\/media\/4343"}],"wp:attachment":[{"href":"https:\/\/prensa.sma.gob.ar\/index.php?rest_route=%2Fwp%2Fv2%2Fmedia&parent=4342"}],"wp:term":[{"taxonomy":"category","embeddable":true,"href":"https:\/\/prensa.sma.gob.ar\/index.php?rest_route=%2Fwp%2Fv2%2Fcategories&post=4342"},{"taxonomy":"post_tag","embeddable":true,"href":"https:\/\/prensa.sma.gob.ar\/index.php?rest_route=%2Fwp%2Fv2%2Ftags&post=4342"}],"curies":[{"name":"wp","href":"https:\/\/api.w.org\/{rel}","templated":true}]}}