{"id":4345,"date":"2024-12-17T15:40:11","date_gmt":"2024-12-17T15:40:11","guid":{"rendered":"https:\/\/prensa.sma.gob.ar\/?p=4345"},"modified":"2024-12-17T15:41:53","modified_gmt":"2024-12-17T15:41:53","slug":"este-miercoles-18-comienza-la-inscripcion-de-personas-mayores-para-la-colonia-de-verano","status":"publish","type":"post","link":"https:\/\/prensa.sma.gob.ar\/?p=4345","title":{"rendered":"Este mi\u00e9rcoles 18 comienza la inscripci\u00f3n de personas mayores para la colonia de verano"},"content":{"rendered":"\n<p>Podr\u00e1n sumarse hasta el 20 de diciembre, acerc\u00e1ndose a la Secretar\u00eda de Desarrollo Social, ubicada en Drury y Fosbery, entre las 9.30 y las 12.30 horas, llevando DNI y carnet de obra social o prepaga.<\/p>\n\n\n\n<p>La Colonia es organizada por la Secretar\u00eda de Desarrollo Social.<\/p>\n\n\n\n<p>La misma contar\u00e1 con variadas actividades f\u00edsicas, como gimnasia adaptada, tejo, tenis de mesa y caminatas saludables, adem\u00e1s de juegos de mesa, y se desarrollar\u00e1 los martes y jueves de 14 a 18 horas.<\/p>\n\n\n\n<p>Ante cualquier consulta, los y las interesadas podr\u00e1n acercarse a la mencionada Secretar\u00eda, de 9.30 a 12.30 horas, y hacer su consulta en mesa de entrada.<\/p>\n\n\n\n<p><\/p>\n","protected":false},"excerpt":{"rendered":"<p>Podr\u00e1n sumarse hasta el 20 de diciembre, acerc\u00e1ndose a la Secretar\u00eda de Desarrollo Social, ubicada en Drury y Fosbery, entre las 9.30 y las 12.30 horas, llevando DNI y carnet de obra social o prepaga. La Colonia es organizada por la Secretar\u00eda de Desarrollo Social. La misma contar\u00e1 con variadas actividades f\u00edsicas, como gimnasia adaptada, [&hellip;]<\/p>\n","protected":false},"author":1,"featured_media":4346,"comment_status":"closed","ping_status":"open","sticky":false,"template":"","format":"standard","meta":{"footnotes":""},"categories":[16,14],"tags":[],"class_list":{"0":"post-4345","1":"post","2":"type-post","3":"status-publish","4":"format-standard","5":"has-post-thumbnail","7":"category-destacadas","8":"category-noticias"},"_links":{"self":[{"href":"https:\/\/prensa.sma.gob.ar\/index.php?rest_route=\/wp\/v2\/posts\/4345","targetHints":{"allow":["GET"]}}],"collection":[{"href":"https:\/\/prensa.sma.gob.ar\/index.php?rest_route=\/wp\/v2\/posts"}],"about":[{"href":"https:\/\/prensa.sma.gob.ar\/index.php?rest_route=\/wp\/v2\/types\/post"}],"author":[{"embeddable":true,"href":"https:\/\/prensa.sma.gob.ar\/index.php?rest_route=\/wp\/v2\/users\/1"}],"replies":[{"embeddable":true,"href":"https:\/\/prensa.sma.gob.ar\/index.php?rest_route=%2Fwp%2Fv2%2Fcomments&post=4345"}],"version-history":[{"count":1,"href":"https:\/\/prensa.sma.gob.ar\/index.php?rest_route=\/wp\/v2\/posts\/4345\/revisions"}],"predecessor-version":[{"id":4347,"href":"https:\/\/prensa.sma.gob.ar\/index.php?rest_route=\/wp\/v2\/posts\/4345\/revisions\/4347"}],"wp:featuredmedia":[{"embeddable":true,"href":"https:\/\/prensa.sma.gob.ar\/index.php?rest_route=\/wp\/v2\/media\/4346"}],"wp:attachment":[{"href":"https:\/\/prensa.sma.gob.ar\/index.php?rest_route=%2Fwp%2Fv2%2Fmedia&parent=4345"}],"wp:term":[{"taxonomy":"category","embeddable":true,"href":"https:\/\/prensa.sma.gob.ar\/index.php?rest_route=%2Fwp%2Fv2%2Fcategories&post=4345"},{"taxonomy":"post_tag","embeddable":true,"href":"https:\/\/prensa.sma.gob.ar\/index.php?rest_route=%2Fwp%2Fv2%2Ftags&post=4345"}],"curies":[{"name":"wp","href":"https:\/\/api.w.org\/{rel}","templated":true}]}}