{"id":4357,"date":"2024-12-17T15:59:33","date_gmt":"2024-12-17T15:59:33","guid":{"rendered":"https:\/\/prensa.sma.gob.ar\/?p=4357"},"modified":"2024-12-17T15:59:34","modified_gmt":"2024-12-17T15:59:34","slug":"recepcion-de-propuestas-para-participar-de-la-primera-noche-de-las-artes-del-2025-el-11-de-enero","status":"publish","type":"post","link":"https:\/\/prensa.sma.gob.ar\/?p=4357","title":{"rendered":"Recepci\u00f3n de propuestas para participar de la primera Noche de las Artes del 2025, el 11 de enero"},"content":{"rendered":"\n<p>Para aquellos artistas o grupos que deseen participar en este evento, las inscripciones se realizar\u00e1n en la Secretar\u00eda de Cultura (Cap. Drury 665), los d\u00edas h\u00e1biles hasta el viernes 3 de enero de 9:00 a 13:00 hs y de 15:00 a 18:00.<\/p>\n\n\n\n<p>La convocatoria est\u00e1 destinada a los siguientes rubros: artes pl\u00e1sticas, fotograf\u00eda, producciones audiovisuales, m\u00fasica, danzas, teatro, circo, t\u00edteres, bibliotecas, librer\u00edas y editoriales.<\/p>\n\n\n\n<p>Se establece un cupo m\u00e1ximo de 70 \u201cpresentaciones esc\u00e9nicas\u201d, para las cuales se respetar\u00e1 el orden de inscripci\u00f3n. Los que se inscriban posteriormente quedar\u00e1n en lista de espera.<\/p>\n\n\n\n<p>Para m\u00e1s informaci\u00f3n comunicarse al (02972) 427-315 int. 361\/364, de lunes a viernes de 9 a 15hs.<\/p>\n\n\n<div class=\"wp-block-image\">\n<figure class=\"aligncenter size-large is-resized\"><img loading=\"lazy\" decoding=\"async\" width=\"838\" height=\"1024\" src=\"https:\/\/prensa.sma.gob.ar\/wp-content\/uploads\/2024\/12\/NOCHE-DE-LAS-ARTES-838x1024.jpg\" alt=\"\" class=\"wp-image-4358\" style=\"width:442px;height:auto\" srcset=\"https:\/\/prensa.sma.gob.ar\/wp-content\/uploads\/2024\/12\/NOCHE-DE-LAS-ARTES-838x1024.jpg 838w, https:\/\/prensa.sma.gob.ar\/wp-content\/uploads\/2024\/12\/NOCHE-DE-LAS-ARTES-246x300.jpg 246w, https:\/\/prensa.sma.gob.ar\/wp-content\/uploads\/2024\/12\/NOCHE-DE-LAS-ARTES-768x938.jpg 768w, https:\/\/prensa.sma.gob.ar\/wp-content\/uploads\/2024\/12\/NOCHE-DE-LAS-ARTES-344x420.jpg 344w, https:\/\/prensa.sma.gob.ar\/wp-content\/uploads\/2024\/12\/NOCHE-DE-LAS-ARTES-696x850.jpg 696w, https:\/\/prensa.sma.gob.ar\/wp-content\/uploads\/2024\/12\/NOCHE-DE-LAS-ARTES-1068x1304.jpg 1068w, https:\/\/prensa.sma.gob.ar\/wp-content\/uploads\/2024\/12\/NOCHE-DE-LAS-ARTES.jpg 1080w\" sizes=\"auto, (max-width: 838px) 100vw, 838px\" \/><\/figure>\n<\/div>","protected":false},"excerpt":{"rendered":"<p>Para aquellos artistas o grupos que deseen participar en este evento, las inscripciones se realizar\u00e1n en la Secretar\u00eda de Cultura (Cap. Drury 665), los d\u00edas h\u00e1biles hasta el viernes 3 de enero de 9:00 a 13:00 hs y de 15:00 a 18:00. La convocatoria est\u00e1 destinada a los siguientes rubros: artes pl\u00e1sticas, fotograf\u00eda, producciones audiovisuales, [&hellip;]<\/p>\n","protected":false},"author":2,"featured_media":4359,"comment_status":"closed","ping_status":"open","sticky":false,"template":"","format":"standard","meta":{"footnotes":""},"categories":[5,14],"tags":[],"class_list":{"0":"post-4357","1":"post","2":"type-post","3":"status-publish","4":"format-standard","5":"has-post-thumbnail","7":"category-cultura","8":"category-noticias"},"_links":{"self":[{"href":"https:\/\/prensa.sma.gob.ar\/index.php?rest_route=\/wp\/v2\/posts\/4357","targetHints":{"allow":["GET"]}}],"collection":[{"href":"https:\/\/prensa.sma.gob.ar\/index.php?rest_route=\/wp\/v2\/posts"}],"about":[{"href":"https:\/\/prensa.sma.gob.ar\/index.php?rest_route=\/wp\/v2\/types\/post"}],"author":[{"embeddable":true,"href":"https:\/\/prensa.sma.gob.ar\/index.php?rest_route=\/wp\/v2\/users\/2"}],"replies":[{"embeddable":true,"href":"https:\/\/prensa.sma.gob.ar\/index.php?rest_route=%2Fwp%2Fv2%2Fcomments&post=4357"}],"version-history":[{"count":1,"href":"https:\/\/prensa.sma.gob.ar\/index.php?rest_route=\/wp\/v2\/posts\/4357\/revisions"}],"predecessor-version":[{"id":4360,"href":"https:\/\/prensa.sma.gob.ar\/index.php?rest_route=\/wp\/v2\/posts\/4357\/revisions\/4360"}],"wp:featuredmedia":[{"embeddable":true,"href":"https:\/\/prensa.sma.gob.ar\/index.php?rest_route=\/wp\/v2\/media\/4359"}],"wp:attachment":[{"href":"https:\/\/prensa.sma.gob.ar\/index.php?rest_route=%2Fwp%2Fv2%2Fmedia&parent=4357"}],"wp:term":[{"taxonomy":"category","embeddable":true,"href":"https:\/\/prensa.sma.gob.ar\/index.php?rest_route=%2Fwp%2Fv2%2Fcategories&post=4357"},{"taxonomy":"post_tag","embeddable":true,"href":"https:\/\/prensa.sma.gob.ar\/index.php?rest_route=%2Fwp%2Fv2%2Ftags&post=4357"}],"curies":[{"name":"wp","href":"https:\/\/api.w.org\/{rel}","templated":true}]}}