{"id":4370,"date":"2024-12-18T13:41:49","date_gmt":"2024-12-18T13:41:49","guid":{"rendered":"https:\/\/prensa.sma.gob.ar\/?p=4370"},"modified":"2024-12-18T17:55:34","modified_gmt":"2024-12-18T17:55:34","slug":"enraizando-historias-para-conectar-con-la-tierra-capitulo-no-12","status":"publish","type":"post","link":"https:\/\/prensa.sma.gob.ar\/?p=4370","title":{"rendered":"Enraizando, historias para conectar con la tierra. Cap\u00edtulo N\u00ba 12"},"content":{"rendered":"\n<p><\/p>\n\n\n\n<p>El programa de esta semana (\u00a1\u00faltimo del a\u00f1o!) se titula \u201cPrevenir para no lamentar\u201d y aborda el tema de riesgos de incendios en esta \u00e9poca del a\u00f1o.<\/p>\n\n\n\n<p>Comienza la temporada de incendios y con ella se activan los planes de prevenci\u00f3n. Conversamos con quienes est\u00e1n a cargo de la prevenci\u00f3n y del combate de incendios, en primera persona, para saber qu\u00e9 tenemos que saber del tema a nivel individual y comunitario.<\/p>\n\n\n\n<p>En este programa participaron Roberto Carrizo, bombero; Martin Toledo, jefe de Incendios Comunicaciones y Emergencias (ICE) del parque nacional Lan\u00edn, y Alvaro Castillo, del \u00e1rea de Incendios de la Provincia de Neuquen.<\/p>\n\n\n\n<p>Adem\u00e1s, el programa de esta semana incluye, como siempre, noticias, columnas y m\u00fasica para compartir.<\/p>\n\n\n\n<p>\u201cEnraizando, historias para conectar con la tierra\u201d, se emite los jueves, a las 19.30, por Radio Municipal, FM 87.9. Es un programa de la Comisi\u00f3n de Ambiente del Consejo de Juntas Vecinales de San Mart\u00edn de los Andes.<\/p>\n\n\n\n<p>\u00a1Nos reencontramos en 2025!<\/p>\n\n\n\n<figure class=\"wp-block-embed is-type-video is-provider-youtube wp-block-embed-youtube wp-embed-aspect-16-9 wp-has-aspect-ratio\"><div class=\"wp-block-embed__wrapper\">\n<iframe loading=\"lazy\" title=\"Enraizando, historias para conectar con la tierra. Cap\u00edtulo N\u00ba 12\" width=\"696\" height=\"392\" src=\"https:\/\/www.youtube.com\/embed\/dNdDY1IiaWY?feature=oembed\" frameborder=\"0\" allow=\"accelerometer; autoplay; clipboard-write; encrypted-media; gyroscope; picture-in-picture; web-share\" referrerpolicy=\"strict-origin-when-cross-origin\" allowfullscreen><\/iframe>\n<\/div><\/figure>\n","protected":false},"excerpt":{"rendered":"<p>El programa de esta semana (\u00a1\u00faltimo del a\u00f1o!) se titula \u201cPrevenir para no lamentar\u201d y aborda el tema de riesgos de incendios en esta \u00e9poca del a\u00f1o. Comienza la temporada de incendios y con ella se activan los planes de prevenci\u00f3n. Conversamos con quienes est\u00e1n a cargo de la prevenci\u00f3n y del combate de incendios, [&hellip;]<\/p>\n","protected":false},"author":2,"featured_media":4371,"comment_status":"closed","ping_status":"open","sticky":false,"template":"","format":"standard","meta":{"footnotes":""},"categories":[42],"tags":[43],"class_list":{"0":"post-4370","1":"post","2":"type-post","3":"status-publish","4":"format-standard","5":"has-post-thumbnail","7":"category-radio-municipal","8":"tag-enraizando"},"_links":{"self":[{"href":"https:\/\/prensa.sma.gob.ar\/index.php?rest_route=\/wp\/v2\/posts\/4370","targetHints":{"allow":["GET"]}}],"collection":[{"href":"https:\/\/prensa.sma.gob.ar\/index.php?rest_route=\/wp\/v2\/posts"}],"about":[{"href":"https:\/\/prensa.sma.gob.ar\/index.php?rest_route=\/wp\/v2\/types\/post"}],"author":[{"embeddable":true,"href":"https:\/\/prensa.sma.gob.ar\/index.php?rest_route=\/wp\/v2\/users\/2"}],"replies":[{"embeddable":true,"href":"https:\/\/prensa.sma.gob.ar\/index.php?rest_route=%2Fwp%2Fv2%2Fcomments&post=4370"}],"version-history":[{"count":2,"href":"https:\/\/prensa.sma.gob.ar\/index.php?rest_route=\/wp\/v2\/posts\/4370\/revisions"}],"predecessor-version":[{"id":4407,"href":"https:\/\/prensa.sma.gob.ar\/index.php?rest_route=\/wp\/v2\/posts\/4370\/revisions\/4407"}],"wp:featuredmedia":[{"embeddable":true,"href":"https:\/\/prensa.sma.gob.ar\/index.php?rest_route=\/wp\/v2\/media\/4371"}],"wp:attachment":[{"href":"https:\/\/prensa.sma.gob.ar\/index.php?rest_route=%2Fwp%2Fv2%2Fmedia&parent=4370"}],"wp:term":[{"taxonomy":"category","embeddable":true,"href":"https:\/\/prensa.sma.gob.ar\/index.php?rest_route=%2Fwp%2Fv2%2Fcategories&post=4370"},{"taxonomy":"post_tag","embeddable":true,"href":"https:\/\/prensa.sma.gob.ar\/index.php?rest_route=%2Fwp%2Fv2%2Ftags&post=4370"}],"curies":[{"name":"wp","href":"https:\/\/api.w.org\/{rel}","templated":true}]}}