{"id":4375,"date":"2024-12-18T14:20:45","date_gmt":"2024-12-18T14:20:45","guid":{"rendered":"https:\/\/prensa.sma.gob.ar\/?p=4375"},"modified":"2024-12-18T14:20:46","modified_gmt":"2024-12-18T14:20:46","slug":"se-conocieron-los-resultados-de-la-encuesta-de-percepcion-de-seguridad","status":"publish","type":"post","link":"https:\/\/prensa.sma.gob.ar\/?p=4375","title":{"rendered":"Se conocieron los resultados de la Encuesta de Percepci\u00f3n de Seguridad"},"content":{"rendered":"\n<p>Delitos, drogas y violencia suman el 40% de las preocupaciones de los comerciantes de San Mart\u00edn de los Andes, en un contexto de escasa participaci\u00f3n colectiva contra la inseguridad y un bajo \u00edndice de denuncias, seg\u00fan el relevamiento de la Encuesta de Percepci\u00f3n y Victimizaci\u00f3n, organizado por el Ministerio de Seguridad de Neuqu\u00e9n.<\/p>\n\n\n\n<p>El trabajo, elaborado con una metodolog\u00eda desarrollada por la Universidad Nacional de R\u00edo Negro, determin\u00f3, entre otras cosas, que fue denunciado apenas el 28% de los hechos delictivos registrados en el \u00faltimo a\u00f1o; que s\u00f3lo en el 20% de los casos se hizo un llamado a la polic\u00eda y que la instituci\u00f3n concurri\u00f3 en el 12% de las convocatorias.<\/p>\n\n\n\n<p>La encuesta realizada en comercios de nuestra ciudad, que se replica en otras localidades de la provincia, parte de la base de que existe un muy alto \u00edndice de hechos delictivos que no se denuncian (denominadas \u201ccifras negras\u201d). El resultado del trabajo busca mejorar la participaci\u00f3n ciudadana para generar pol\u00edticas p\u00fablicas en materia de prevenci\u00f3n y seguridad.<\/p>\n\n\n\n<figure class=\"wp-block-gallery has-nested-images columns-default is-cropped wp-block-gallery-1 is-layout-flex wp-block-gallery-is-layout-flex\">\n<figure class=\"wp-block-image size-large\"><img loading=\"lazy\" decoding=\"async\" width=\"1024\" height=\"576\" data-id=\"4396\" src=\"https:\/\/prensa.sma.gob.ar\/wp-content\/uploads\/2024\/12\/WhatsApp-Image-2024-12-17-at-14.00.36-1024x576.jpeg\" alt=\"\" class=\"wp-image-4396\" srcset=\"https:\/\/prensa.sma.gob.ar\/wp-content\/uploads\/2024\/12\/WhatsApp-Image-2024-12-17-at-14.00.36-1024x576.jpeg 1024w, https:\/\/prensa.sma.gob.ar\/wp-content\/uploads\/2024\/12\/WhatsApp-Image-2024-12-17-at-14.00.36-300x169.jpeg 300w, https:\/\/prensa.sma.gob.ar\/wp-content\/uploads\/2024\/12\/WhatsApp-Image-2024-12-17-at-14.00.36-768x432.jpeg 768w, https:\/\/prensa.sma.gob.ar\/wp-content\/uploads\/2024\/12\/WhatsApp-Image-2024-12-17-at-14.00.36-1536x864.jpeg 1536w, https:\/\/prensa.sma.gob.ar\/wp-content\/uploads\/2024\/12\/WhatsApp-Image-2024-12-17-at-14.00.36-747x420.jpeg 747w, https:\/\/prensa.sma.gob.ar\/wp-content\/uploads\/2024\/12\/WhatsApp-Image-2024-12-17-at-14.00.36-696x392.jpeg 696w, https:\/\/prensa.sma.gob.ar\/wp-content\/uploads\/2024\/12\/WhatsApp-Image-2024-12-17-at-14.00.36-1068x601.jpeg 1068w, https:\/\/prensa.sma.gob.ar\/wp-content\/uploads\/2024\/12\/WhatsApp-Image-2024-12-17-at-14.00.36.jpeg 1600w\" sizes=\"auto, (max-width: 1024px) 100vw, 1024px\" \/><\/figure>\n\n\n\n<figure class=\"wp-block-image size-large\"><img loading=\"lazy\" decoding=\"async\" width=\"1024\" height=\"576\" data-id=\"4393\" src=\"https:\/\/prensa.sma.gob.ar\/wp-content\/uploads\/2024\/12\/WhatsApp-Image-2024-12-17-at-14.00.38-1024x576.jpeg\" alt=\"\" class=\"wp-image-4393\" srcset=\"https:\/\/prensa.sma.gob.ar\/wp-content\/uploads\/2024\/12\/WhatsApp-Image-2024-12-17-at-14.00.38-1024x576.jpeg 1024w, https:\/\/prensa.sma.gob.ar\/wp-content\/uploads\/2024\/12\/WhatsApp-Image-2024-12-17-at-14.00.38-300x169.jpeg 300w, https:\/\/prensa.sma.gob.ar\/wp-content\/uploads\/2024\/12\/WhatsApp-Image-2024-12-17-at-14.00.38-768x432.jpeg 768w, https:\/\/prensa.sma.gob.ar\/wp-content\/uploads\/2024\/12\/WhatsApp-Image-2024-12-17-at-14.00.38-1536x864.jpeg 1536w, https:\/\/prensa.sma.gob.ar\/wp-content\/uploads\/2024\/12\/WhatsApp-Image-2024-12-17-at-14.00.38-747x420.jpeg 747w, https:\/\/prensa.sma.gob.ar\/wp-content\/uploads\/2024\/12\/WhatsApp-Image-2024-12-17-at-14.00.38-696x392.jpeg 696w, https:\/\/prensa.sma.gob.ar\/wp-content\/uploads\/2024\/12\/WhatsApp-Image-2024-12-17-at-14.00.38-1068x601.jpeg 1068w, https:\/\/prensa.sma.gob.ar\/wp-content\/uploads\/2024\/12\/WhatsApp-Image-2024-12-17-at-14.00.38.jpeg 1600w\" sizes=\"auto, (max-width: 1024px) 100vw, 1024px\" \/><\/figure>\n\n\n\n<figure class=\"wp-block-image size-large\"><img loading=\"lazy\" decoding=\"async\" width=\"1024\" height=\"576\" data-id=\"4392\" src=\"https:\/\/prensa.sma.gob.ar\/wp-content\/uploads\/2024\/12\/WhatsApp-Image-2024-12-17-at-14.00.38-1-1024x576.jpeg\" alt=\"\" class=\"wp-image-4392\" srcset=\"https:\/\/prensa.sma.gob.ar\/wp-content\/uploads\/2024\/12\/WhatsApp-Image-2024-12-17-at-14.00.38-1-1024x576.jpeg 1024w, https:\/\/prensa.sma.gob.ar\/wp-content\/uploads\/2024\/12\/WhatsApp-Image-2024-12-17-at-14.00.38-1-300x169.jpeg 300w, https:\/\/prensa.sma.gob.ar\/wp-content\/uploads\/2024\/12\/WhatsApp-Image-2024-12-17-at-14.00.38-1-768x432.jpeg 768w, https:\/\/prensa.sma.gob.ar\/wp-content\/uploads\/2024\/12\/WhatsApp-Image-2024-12-17-at-14.00.38-1-1536x864.jpeg 1536w, https:\/\/prensa.sma.gob.ar\/wp-content\/uploads\/2024\/12\/WhatsApp-Image-2024-12-17-at-14.00.38-1-747x420.jpeg 747w, https:\/\/prensa.sma.gob.ar\/wp-content\/uploads\/2024\/12\/WhatsApp-Image-2024-12-17-at-14.00.38-1-696x392.jpeg 696w, https:\/\/prensa.sma.gob.ar\/wp-content\/uploads\/2024\/12\/WhatsApp-Image-2024-12-17-at-14.00.38-1-1068x601.jpeg 1068w, https:\/\/prensa.sma.gob.ar\/wp-content\/uploads\/2024\/12\/WhatsApp-Image-2024-12-17-at-14.00.38-1.jpeg 1600w\" sizes=\"auto, (max-width: 1024px) 100vw, 1024px\" \/><\/figure>\n<\/figure>\n\n\n\n<p>En San Mart\u00edn de los Andes fueron consultados 446 comercios, de los cuales se obtuvieron 154 muestras, con un grado de confianza metodol\u00f3gica del 95% y un \u00edndice de error estad\u00edstico del 8%. Los comercios sondeados est\u00e1n ubicados en diferentes barrios a lo largo de la franja de la Ruta Nacional 40, incluyendo el centro de la ciudad.<\/p>\n\n\n\n<p>El resultado del sondeo fue presentado este martes en el Sal\u00f3n Municipal por docentes de la Universidad Nacional de R\u00edo Negro, funcionarios provinciales y municipales, representantes de la C\u00e1mara de Comercio y los m\u00e1ximos jefes policiales de las diferentes reparticiones de la Polic\u00eda del Neuqu\u00e9n y el jefe de la Polic\u00eda Federal.<\/p>\n\n\n\n<p>La presentaci\u00f3n estuvo a cargo del director del estudio y la investigaci\u00f3n, Miguel Abadovsky, profesor de la carrera de Criminolog\u00eda y Ciencias Forenses de la Universidad Nacional de R\u00edo Negro. Las herramientas del sondeo fueron desarrolladas por el Grupo de Investigaci\u00f3n Aplicada a la Seguridad Ciudadana (GIASEC), de la Universidad.<\/p>\n\n\n\n<figure class=\"wp-block-gallery has-nested-images columns-default is-cropped wp-block-gallery-2 is-layout-flex wp-block-gallery-is-layout-flex\">\n<figure class=\"wp-block-image size-large\"><img loading=\"lazy\" decoding=\"async\" width=\"1024\" height=\"576\" data-id=\"4390\" src=\"https:\/\/prensa.sma.gob.ar\/wp-content\/uploads\/2024\/12\/WhatsApp-Image-2024-12-17-at-14.00.39-1024x576.jpeg\" alt=\"\" class=\"wp-image-4390\" srcset=\"https:\/\/prensa.sma.gob.ar\/wp-content\/uploads\/2024\/12\/WhatsApp-Image-2024-12-17-at-14.00.39-1024x576.jpeg 1024w, https:\/\/prensa.sma.gob.ar\/wp-content\/uploads\/2024\/12\/WhatsApp-Image-2024-12-17-at-14.00.39-300x169.jpeg 300w, https:\/\/prensa.sma.gob.ar\/wp-content\/uploads\/2024\/12\/WhatsApp-Image-2024-12-17-at-14.00.39-768x432.jpeg 768w, https:\/\/prensa.sma.gob.ar\/wp-content\/uploads\/2024\/12\/WhatsApp-Image-2024-12-17-at-14.00.39-1536x864.jpeg 1536w, https:\/\/prensa.sma.gob.ar\/wp-content\/uploads\/2024\/12\/WhatsApp-Image-2024-12-17-at-14.00.39-747x420.jpeg 747w, https:\/\/prensa.sma.gob.ar\/wp-content\/uploads\/2024\/12\/WhatsApp-Image-2024-12-17-at-14.00.39-696x392.jpeg 696w, https:\/\/prensa.sma.gob.ar\/wp-content\/uploads\/2024\/12\/WhatsApp-Image-2024-12-17-at-14.00.39-1068x601.jpeg 1068w, https:\/\/prensa.sma.gob.ar\/wp-content\/uploads\/2024\/12\/WhatsApp-Image-2024-12-17-at-14.00.39.jpeg 1600w\" sizes=\"auto, (max-width: 1024px) 100vw, 1024px\" \/><\/figure>\n\n\n\n<figure class=\"wp-block-image size-large\"><img loading=\"lazy\" decoding=\"async\" width=\"1024\" height=\"576\" data-id=\"4387\" src=\"https:\/\/prensa.sma.gob.ar\/wp-content\/uploads\/2024\/12\/WhatsApp-Image-2024-12-17-at-14.00.40-1024x576.jpeg\" alt=\"\" class=\"wp-image-4387\" srcset=\"https:\/\/prensa.sma.gob.ar\/wp-content\/uploads\/2024\/12\/WhatsApp-Image-2024-12-17-at-14.00.40-1024x576.jpeg 1024w, https:\/\/prensa.sma.gob.ar\/wp-content\/uploads\/2024\/12\/WhatsApp-Image-2024-12-17-at-14.00.40-300x169.jpeg 300w, https:\/\/prensa.sma.gob.ar\/wp-content\/uploads\/2024\/12\/WhatsApp-Image-2024-12-17-at-14.00.40-768x432.jpeg 768w, https:\/\/prensa.sma.gob.ar\/wp-content\/uploads\/2024\/12\/WhatsApp-Image-2024-12-17-at-14.00.40-1536x864.jpeg 1536w, https:\/\/prensa.sma.gob.ar\/wp-content\/uploads\/2024\/12\/WhatsApp-Image-2024-12-17-at-14.00.40-747x420.jpeg 747w, https:\/\/prensa.sma.gob.ar\/wp-content\/uploads\/2024\/12\/WhatsApp-Image-2024-12-17-at-14.00.40-696x392.jpeg 696w, https:\/\/prensa.sma.gob.ar\/wp-content\/uploads\/2024\/12\/WhatsApp-Image-2024-12-17-at-14.00.40-1068x601.jpeg 1068w, https:\/\/prensa.sma.gob.ar\/wp-content\/uploads\/2024\/12\/WhatsApp-Image-2024-12-17-at-14.00.40.jpeg 1600w\" sizes=\"auto, (max-width: 1024px) 100vw, 1024px\" \/><\/figure>\n\n\n\n<figure class=\"wp-block-image size-large\"><img loading=\"lazy\" decoding=\"async\" width=\"1024\" height=\"576\" data-id=\"4391\" src=\"https:\/\/prensa.sma.gob.ar\/wp-content\/uploads\/2024\/12\/WhatsApp-Image-2024-12-17-at-14.00.38-2-1024x576.jpeg\" alt=\"\" class=\"wp-image-4391\" srcset=\"https:\/\/prensa.sma.gob.ar\/wp-content\/uploads\/2024\/12\/WhatsApp-Image-2024-12-17-at-14.00.38-2-1024x576.jpeg 1024w, https:\/\/prensa.sma.gob.ar\/wp-content\/uploads\/2024\/12\/WhatsApp-Image-2024-12-17-at-14.00.38-2-300x169.jpeg 300w, https:\/\/prensa.sma.gob.ar\/wp-content\/uploads\/2024\/12\/WhatsApp-Image-2024-12-17-at-14.00.38-2-768x432.jpeg 768w, https:\/\/prensa.sma.gob.ar\/wp-content\/uploads\/2024\/12\/WhatsApp-Image-2024-12-17-at-14.00.38-2-1536x864.jpeg 1536w, https:\/\/prensa.sma.gob.ar\/wp-content\/uploads\/2024\/12\/WhatsApp-Image-2024-12-17-at-14.00.38-2-747x420.jpeg 747w, https:\/\/prensa.sma.gob.ar\/wp-content\/uploads\/2024\/12\/WhatsApp-Image-2024-12-17-at-14.00.38-2-696x392.jpeg 696w, https:\/\/prensa.sma.gob.ar\/wp-content\/uploads\/2024\/12\/WhatsApp-Image-2024-12-17-at-14.00.38-2-1068x601.jpeg 1068w, https:\/\/prensa.sma.gob.ar\/wp-content\/uploads\/2024\/12\/WhatsApp-Image-2024-12-17-at-14.00.38-2.jpeg 1600w\" sizes=\"auto, (max-width: 1024px) 100vw, 1024px\" \/><\/figure>\n<\/figure>\n\n\n\n<p>Asistieron el subsecretario de Prevenci\u00f3n y Organizaci\u00f3n Ciudadana de la provincia, Luis S\u00e1nchez; el director provincial de An\u00e1lisis Delictual, Juan Chiocconi, ambos dependientes del Ministerio de Seguridad que encabeza Mat\u00edas Nicolini. Tambi\u00e9n particip\u00f3 el presidente de la C\u00e1mara de Comercio de nuestra ciudad, Mario L\u00f3pez. En representaci\u00f3n del Municipio estuvieron Natalia Vita, presidenta del Concejo Deliberante en ese momento a cargo del Ejecutivo; el secretario de Gobierno, Federico Vita; la subsecretaria, Antonella Tabares; el director de Seguridad Ciudadana, Mauricio Troncoso; y el director de Protecci\u00f3n Civil, Sebasti\u00e1n Torcivia.<\/p>\n\n\n\n<p>Abadovsky detall\u00f3 la metodolog\u00eda del trabajo, traz\u00f3 las diferencias entre percepci\u00f3n del delito, seguridad objetiva y seguridad subjetiva, en referencia a lo que \u201csiente la gente\u201d en materia de seguridad. Reafirm\u00f3 que la encuesta se hizo sobre una poblaci\u00f3n de peque\u00f1os comercios con el objetivo de reemplazar revelamientos tradicionales hechos a referentes o instituciones vinculadas al estudio delictivo. Tambi\u00e9n puso en contexto que el trabajo se realiz\u00f3 \u201cen un momento complejo desde lo social, desde lo econ\u00f3mico y con falta de confianza\u201d.<\/p>\n\n\n\n<p>Respecto de la participaci\u00f3n comunitaria, s\u00f3lo el 30% se asoci\u00f3 entre vecinos para mejorar su seguridad. M\u00e1s del 50% coloc\u00f3 c\u00e1maras de seguridad o alarmas, tanto en sus comercios como en sus viviendas particulares. Adem\u00e1s, la percepci\u00f3n de inseguridad es mayor a nivel nacional. La sensaci\u00f3n de seguridad mejora a nivel provincial, luego en el lugar donde se ubica el comercio y, finalmente, la residencia particular. En otras palabras, los encuestados se sienten m\u00e1s seguros en sus viviendas y mucho menos seguros en escenarios nacionales.<\/p>\n\n\n\n<p>M\u00e1s del 40% de los comerciantes relevados manifest\u00f3 su preocupaci\u00f3n por tres puntos considerados claves: delito, drogas y violencia. La corrupci\u00f3n ocup\u00f3 el 7 por ciento de las inquietudes y otro tanto sucedi\u00f3 con los delitos inform\u00e1ticos como estafas por Whatsapp, tel\u00e9fonos, clonaci\u00f3n de tarjetas y correos electr\u00f3nicos. &nbsp;<\/p>\n\n\n\n<figure class=\"wp-block-gallery has-nested-images columns-default is-cropped wp-block-gallery-3 is-layout-flex wp-block-gallery-is-layout-flex\">\n<figure class=\"wp-block-image size-large\"><img loading=\"lazy\" decoding=\"async\" width=\"1024\" height=\"617\" data-id=\"4381\" src=\"https:\/\/prensa.sma.gob.ar\/wp-content\/uploads\/2024\/12\/WhatsApp-Image-2024-12-17-at-14.29.33-1024x617.jpeg\" alt=\"\" class=\"wp-image-4381\" srcset=\"https:\/\/prensa.sma.gob.ar\/wp-content\/uploads\/2024\/12\/WhatsApp-Image-2024-12-17-at-14.29.33-1024x617.jpeg 1024w, https:\/\/prensa.sma.gob.ar\/wp-content\/uploads\/2024\/12\/WhatsApp-Image-2024-12-17-at-14.29.33-300x181.jpeg 300w, https:\/\/prensa.sma.gob.ar\/wp-content\/uploads\/2024\/12\/WhatsApp-Image-2024-12-17-at-14.29.33-768x463.jpeg 768w, https:\/\/prensa.sma.gob.ar\/wp-content\/uploads\/2024\/12\/WhatsApp-Image-2024-12-17-at-14.29.33-1536x925.jpeg 1536w, https:\/\/prensa.sma.gob.ar\/wp-content\/uploads\/2024\/12\/WhatsApp-Image-2024-12-17-at-14.29.33-697x420.jpeg 697w, https:\/\/prensa.sma.gob.ar\/wp-content\/uploads\/2024\/12\/WhatsApp-Image-2024-12-17-at-14.29.33-696x419.jpeg 696w, https:\/\/prensa.sma.gob.ar\/wp-content\/uploads\/2024\/12\/WhatsApp-Image-2024-12-17-at-14.29.33-1068x643.jpeg 1068w, https:\/\/prensa.sma.gob.ar\/wp-content\/uploads\/2024\/12\/WhatsApp-Image-2024-12-17-at-14.29.33.jpeg 1600w\" sizes=\"auto, (max-width: 1024px) 100vw, 1024px\" \/><\/figure>\n\n\n\n<figure class=\"wp-block-image size-large\"><img loading=\"lazy\" decoding=\"async\" width=\"1024\" height=\"626\" data-id=\"4382\" src=\"https:\/\/prensa.sma.gob.ar\/wp-content\/uploads\/2024\/12\/WhatsApp-Image-2024-12-17-at-14.29.32-1024x626.jpeg\" alt=\"\" class=\"wp-image-4382\" srcset=\"https:\/\/prensa.sma.gob.ar\/wp-content\/uploads\/2024\/12\/WhatsApp-Image-2024-12-17-at-14.29.32-1024x626.jpeg 1024w, https:\/\/prensa.sma.gob.ar\/wp-content\/uploads\/2024\/12\/WhatsApp-Image-2024-12-17-at-14.29.32-300x183.jpeg 300w, https:\/\/prensa.sma.gob.ar\/wp-content\/uploads\/2024\/12\/WhatsApp-Image-2024-12-17-at-14.29.32-768x469.jpeg 768w, https:\/\/prensa.sma.gob.ar\/wp-content\/uploads\/2024\/12\/WhatsApp-Image-2024-12-17-at-14.29.32-1536x939.jpeg 1536w, https:\/\/prensa.sma.gob.ar\/wp-content\/uploads\/2024\/12\/WhatsApp-Image-2024-12-17-at-14.29.32-687x420.jpeg 687w, https:\/\/prensa.sma.gob.ar\/wp-content\/uploads\/2024\/12\/WhatsApp-Image-2024-12-17-at-14.29.32-696x425.jpeg 696w, https:\/\/prensa.sma.gob.ar\/wp-content\/uploads\/2024\/12\/WhatsApp-Image-2024-12-17-at-14.29.32-1068x653.jpeg 1068w, https:\/\/prensa.sma.gob.ar\/wp-content\/uploads\/2024\/12\/WhatsApp-Image-2024-12-17-at-14.29.32.jpeg 1600w\" sizes=\"auto, (max-width: 1024px) 100vw, 1024px\" \/><\/figure>\n\n\n\n<figure class=\"wp-block-image size-large\"><img loading=\"lazy\" decoding=\"async\" width=\"1024\" height=\"609\" data-id=\"4383\" src=\"https:\/\/prensa.sma.gob.ar\/wp-content\/uploads\/2024\/12\/WhatsApp-Image-2024-12-17-at-14.29.31-2-1024x609.jpeg\" alt=\"\" class=\"wp-image-4383\" srcset=\"https:\/\/prensa.sma.gob.ar\/wp-content\/uploads\/2024\/12\/WhatsApp-Image-2024-12-17-at-14.29.31-2-1024x609.jpeg 1024w, https:\/\/prensa.sma.gob.ar\/wp-content\/uploads\/2024\/12\/WhatsApp-Image-2024-12-17-at-14.29.31-2-300x179.jpeg 300w, https:\/\/prensa.sma.gob.ar\/wp-content\/uploads\/2024\/12\/WhatsApp-Image-2024-12-17-at-14.29.31-2-768x457.jpeg 768w, https:\/\/prensa.sma.gob.ar\/wp-content\/uploads\/2024\/12\/WhatsApp-Image-2024-12-17-at-14.29.31-2-1536x914.jpeg 1536w, https:\/\/prensa.sma.gob.ar\/wp-content\/uploads\/2024\/12\/WhatsApp-Image-2024-12-17-at-14.29.31-2-706x420.jpeg 706w, https:\/\/prensa.sma.gob.ar\/wp-content\/uploads\/2024\/12\/WhatsApp-Image-2024-12-17-at-14.29.31-2-696x414.jpeg 696w, https:\/\/prensa.sma.gob.ar\/wp-content\/uploads\/2024\/12\/WhatsApp-Image-2024-12-17-at-14.29.31-2-1068x635.jpeg 1068w, https:\/\/prensa.sma.gob.ar\/wp-content\/uploads\/2024\/12\/WhatsApp-Image-2024-12-17-at-14.29.31-2.jpeg 1600w\" sizes=\"auto, (max-width: 1024px) 100vw, 1024px\" \/><\/figure>\n<\/figure>\n\n\n\n<p>De la Encuesta surgieron otros datos de inter\u00e9s como la escasa antig\u00fcedad promedio de la mayor\u00eda de los comercios; la edad promedio de los comerciantes relevados: 42 a\u00f1os; la mayor porci\u00f3n son propietarios y que apenas el 5% participa o se referencia en la C\u00e1mara de Comercio de nuestra ciudad. En cuanto al acceso a la informaci\u00f3n, el 60% de los encuestados afirm\u00f3 que utiliza las redes sociales para informarse; el 25% lo hace a trav\u00e9s de la radio; 13% por Whatsapp y 2% por diarios digitales.<\/p>\n\n\n\n<p>Por la Polic\u00eda del Neuqu\u00e9n estuvieron presentes el coordinador en San Mart\u00edn de los Andes, comisario inspector Rodrigo Vergara; el jefe de la brigada de Investigaci\u00f3n, comisario Johnatan Malabe; el jefe de Comisaria de la Mujer, Ni\u00f1ez y Adolescencia, comisario Mario Retamal; la jefa de la Divisi\u00f3n Tr\u00e1nsito, subcomisario Silvina Huenuquir; el jefe del Comando Radioel\u00e9ctrico, comisario Marcos Guzman; el jefe de la Comisar\u00eda 23, el subjefe Jos\u00e9 Puel; el subcomisario Rub\u00e9n Ahumada; el jefe de la Comisar\u00eda 43, comisario Sebasti\u00e1n Carrasco; y el jefe del \u00e1rea Antinarc\u00f3ticos, subcomisario Leandro Brandolio. Por la Polic\u00eda Federal asisti\u00f3 el jefe de la instituci\u00f3n en nuestra ciudad, comisario Alfredo Pantoja.<\/p>\n\n\n\n<figure class=\"wp-block-gallery has-nested-images columns-default is-cropped wp-block-gallery-4 is-layout-flex wp-block-gallery-is-layout-flex\">\n<figure class=\"wp-block-image size-large\"><img loading=\"lazy\" decoding=\"async\" width=\"1024\" height=\"563\" data-id=\"4385\" src=\"https:\/\/prensa.sma.gob.ar\/wp-content\/uploads\/2024\/12\/WhatsApp-Image-2024-12-17-at-14.29.31-1024x563.jpeg\" alt=\"\" class=\"wp-image-4385\" srcset=\"https:\/\/prensa.sma.gob.ar\/wp-content\/uploads\/2024\/12\/WhatsApp-Image-2024-12-17-at-14.29.31-1024x563.jpeg 1024w, https:\/\/prensa.sma.gob.ar\/wp-content\/uploads\/2024\/12\/WhatsApp-Image-2024-12-17-at-14.29.31-300x165.jpeg 300w, https:\/\/prensa.sma.gob.ar\/wp-content\/uploads\/2024\/12\/WhatsApp-Image-2024-12-17-at-14.29.31-768x422.jpeg 768w, https:\/\/prensa.sma.gob.ar\/wp-content\/uploads\/2024\/12\/WhatsApp-Image-2024-12-17-at-14.29.31-1536x845.jpeg 1536w, https:\/\/prensa.sma.gob.ar\/wp-content\/uploads\/2024\/12\/WhatsApp-Image-2024-12-17-at-14.29.31-764x420.jpeg 764w, https:\/\/prensa.sma.gob.ar\/wp-content\/uploads\/2024\/12\/WhatsApp-Image-2024-12-17-at-14.29.31-696x383.jpeg 696w, https:\/\/prensa.sma.gob.ar\/wp-content\/uploads\/2024\/12\/WhatsApp-Image-2024-12-17-at-14.29.31-1068x587.jpeg 1068w, https:\/\/prensa.sma.gob.ar\/wp-content\/uploads\/2024\/12\/WhatsApp-Image-2024-12-17-at-14.29.31.jpeg 1600w\" sizes=\"auto, (max-width: 1024px) 100vw, 1024px\" \/><\/figure>\n\n\n\n<figure class=\"wp-block-image size-large\"><img loading=\"lazy\" decoding=\"async\" width=\"1024\" height=\"576\" data-id=\"4386\" src=\"https:\/\/prensa.sma.gob.ar\/wp-content\/uploads\/2024\/12\/WhatsApp-Image-2024-12-17-at-14.29.30-1024x576.jpeg\" alt=\"\" class=\"wp-image-4386\" srcset=\"https:\/\/prensa.sma.gob.ar\/wp-content\/uploads\/2024\/12\/WhatsApp-Image-2024-12-17-at-14.29.30-1024x576.jpeg 1024w, https:\/\/prensa.sma.gob.ar\/wp-content\/uploads\/2024\/12\/WhatsApp-Image-2024-12-17-at-14.29.30-300x169.jpeg 300w, https:\/\/prensa.sma.gob.ar\/wp-content\/uploads\/2024\/12\/WhatsApp-Image-2024-12-17-at-14.29.30-768x432.jpeg 768w, https:\/\/prensa.sma.gob.ar\/wp-content\/uploads\/2024\/12\/WhatsApp-Image-2024-12-17-at-14.29.30-1536x864.jpeg 1536w, https:\/\/prensa.sma.gob.ar\/wp-content\/uploads\/2024\/12\/WhatsApp-Image-2024-12-17-at-14.29.30-747x420.jpeg 747w, https:\/\/prensa.sma.gob.ar\/wp-content\/uploads\/2024\/12\/WhatsApp-Image-2024-12-17-at-14.29.30-696x392.jpeg 696w, https:\/\/prensa.sma.gob.ar\/wp-content\/uploads\/2024\/12\/WhatsApp-Image-2024-12-17-at-14.29.30-1068x601.jpeg 1068w, https:\/\/prensa.sma.gob.ar\/wp-content\/uploads\/2024\/12\/WhatsApp-Image-2024-12-17-at-14.29.30.jpeg 1600w\" sizes=\"auto, (max-width: 1024px) 100vw, 1024px\" \/><\/figure>\n\n\n\n<figure class=\"wp-block-image size-large\"><img loading=\"lazy\" decoding=\"async\" width=\"1024\" height=\"627\" data-id=\"4378\" src=\"https:\/\/prensa.sma.gob.ar\/wp-content\/uploads\/2024\/12\/WhatsApp-Image-2024-12-17-at-14.29.34-2-1024x627.jpeg\" alt=\"\" class=\"wp-image-4378\" srcset=\"https:\/\/prensa.sma.gob.ar\/wp-content\/uploads\/2024\/12\/WhatsApp-Image-2024-12-17-at-14.29.34-2-1024x627.jpeg 1024w, https:\/\/prensa.sma.gob.ar\/wp-content\/uploads\/2024\/12\/WhatsApp-Image-2024-12-17-at-14.29.34-2-300x184.jpeg 300w, https:\/\/prensa.sma.gob.ar\/wp-content\/uploads\/2024\/12\/WhatsApp-Image-2024-12-17-at-14.29.34-2-768x470.jpeg 768w, https:\/\/prensa.sma.gob.ar\/wp-content\/uploads\/2024\/12\/WhatsApp-Image-2024-12-17-at-14.29.34-2-1536x941.jpeg 1536w, https:\/\/prensa.sma.gob.ar\/wp-content\/uploads\/2024\/12\/WhatsApp-Image-2024-12-17-at-14.29.34-2-686x420.jpeg 686w, https:\/\/prensa.sma.gob.ar\/wp-content\/uploads\/2024\/12\/WhatsApp-Image-2024-12-17-at-14.29.34-2-696x426.jpeg 696w, https:\/\/prensa.sma.gob.ar\/wp-content\/uploads\/2024\/12\/WhatsApp-Image-2024-12-17-at-14.29.34-2-1068x654.jpeg 1068w, https:\/\/prensa.sma.gob.ar\/wp-content\/uploads\/2024\/12\/WhatsApp-Image-2024-12-17-at-14.29.34-2.jpeg 1600w\" sizes=\"auto, (max-width: 1024px) 100vw, 1024px\" \/><\/figure>\n<\/figure>\n\n\n\n<p>En la presentaci\u00f3n del informe, el director provincial de An\u00e1lisis Delictual, Juan Chiocconi, record\u00f3 que el trabajo es producto de un convenio firmado entre el ministro Nicolini y la Universidad de R\u00edo Negro y agradeci\u00f3 el rol que tuvieron en este estudio tanto el Municipio como la C\u00e1mara de Comercio, los comerciantes de diferentes barrios de nuestra ciudad y las diferentes instancias de la Polic\u00eda de Neuqu\u00e9n.<\/p>\n\n\n\n<p>Natalia Vita agradeci\u00f3 el trabajo presentado y afirm\u00f3 que se trata de un documento muy valioso para el Municipio para reforzar la confianza para que las vecinas y vecinos hagan las denuncias y para trabajar de manera conjunta con los comerciantes y con todos los actores involucrados en la tem\u00e1tica. Coincidi\u00f3 en que las \u201ccifras negras\u201d \u2013los delitos no denunciados- es muy alta y propuso como meta mejorar o cambiar los procesos y los procedimientos en las diferentes zonas de la ciudad.<\/p>\n\n\n\n<p>En el cierre de la actividad, el subsecretario de Prevenci\u00f3n y Organizaci\u00f3n Ciudadana de la provincia, Luis S\u00e1nchez, calific\u00f3 a este documento como una gran herramienta para trazar pol\u00edticas p\u00fablicas a partir de las manifestaciones de los propios ciudadanos e invit\u00f3 a la poblaci\u00f3n a mejorar la confianza en las instituciones para mejorar el \u00edndice de seguridad y la percepci\u00f3n que tiene la comunidad.<\/p>\n","protected":false},"excerpt":{"rendered":"<p>Delitos, drogas y violencia suman el 40% de las preocupaciones de los comerciantes de San Mart\u00edn de los Andes, en un contexto de escasa participaci\u00f3n colectiva contra la inseguridad y un bajo \u00edndice de denuncias, seg\u00fan el relevamiento de la Encuesta de Percepci\u00f3n y Victimizaci\u00f3n, organizado por el Ministerio de Seguridad de Neuqu\u00e9n. El trabajo, [&hellip;]<\/p>\n","protected":false},"author":2,"featured_media":4380,"comment_status":"closed","ping_status":"open","sticky":false,"template":"","format":"standard","meta":{"footnotes":""},"categories":[16,14,17],"tags":[],"class_list":{"0":"post-4375","1":"post","2":"type-post","3":"status-publish","4":"format-standard","5":"has-post-thumbnail","7":"category-destacadas","8":"category-noticias","9":"category-portada"},"_links":{"self":[{"href":"https:\/\/prensa.sma.gob.ar\/index.php?rest_route=\/wp\/v2\/posts\/4375","targetHints":{"allow":["GET"]}}],"collection":[{"href":"https:\/\/prensa.sma.gob.ar\/index.php?rest_route=\/wp\/v2\/posts"}],"about":[{"href":"https:\/\/prensa.sma.gob.ar\/index.php?rest_route=\/wp\/v2\/types\/post"}],"author":[{"embeddable":true,"href":"https:\/\/prensa.sma.gob.ar\/index.php?rest_route=\/wp\/v2\/users\/2"}],"replies":[{"embeddable":true,"href":"https:\/\/prensa.sma.gob.ar\/index.php?rest_route=%2Fwp%2Fv2%2Fcomments&post=4375"}],"version-history":[{"count":1,"href":"https:\/\/prensa.sma.gob.ar\/index.php?rest_route=\/wp\/v2\/posts\/4375\/revisions"}],"predecessor-version":[{"id":4397,"href":"https:\/\/prensa.sma.gob.ar\/index.php?rest_route=\/wp\/v2\/posts\/4375\/revisions\/4397"}],"wp:featuredmedia":[{"embeddable":true,"href":"https:\/\/prensa.sma.gob.ar\/index.php?rest_route=\/wp\/v2\/media\/4380"}],"wp:attachment":[{"href":"https:\/\/prensa.sma.gob.ar\/index.php?rest_route=%2Fwp%2Fv2%2Fmedia&parent=4375"}],"wp:term":[{"taxonomy":"category","embeddable":true,"href":"https:\/\/prensa.sma.gob.ar\/index.php?rest_route=%2Fwp%2Fv2%2Fcategories&post=4375"},{"taxonomy":"post_tag","embeddable":true,"href":"https:\/\/prensa.sma.gob.ar\/index.php?rest_route=%2Fwp%2Fv2%2Ftags&post=4375"}],"curies":[{"name":"wp","href":"https:\/\/api.w.org\/{rel}","templated":true}]}}