{"id":4410,"date":"2024-12-19T13:14:13","date_gmt":"2024-12-19T13:14:13","guid":{"rendered":"https:\/\/prensa.sma.gob.ar\/?p=4410"},"modified":"2024-12-19T13:27:38","modified_gmt":"2024-12-19T13:27:38","slug":"chacra-30-tambien-tiene-su-pino-navideno","status":"publish","type":"post","link":"https:\/\/prensa.sma.gob.ar\/?p=4410","title":{"rendered":"\u00a1Chacra 30 tambi\u00e9n tiene su pino navide\u00f1o!"},"content":{"rendered":"\n<p>Tras un trabajo comunitario del que participaron vecinas, vecinos y diversas \u00e1reas del Municipio, el barrio Chacra 32 tiene su pino navide\u00f1o, que ser\u00e1 inaugurado en los pr\u00f3ximos d\u00edas.<\/p>\n\n\n\n<p>El armado y la colocaci\u00f3n surgieron por iniciativa de la Comisi\u00f3n Vecinal de Chacra 32 y cont\u00f3 con la colaboraci\u00f3n de vecinos y vecinas en el pintado de los adornos y en las hojas de metal.<\/p>\n\n\n\n<p>La tarea fue coordinada por la Subsecretar\u00eda de Juntas Vecinales, con colaboraci\u00f3n del \u00e1rea de Servicios P\u00fablicos y de Espacios Verdes, con la provisi\u00f3n de una gr\u00faa. Las verificaciones t\u00e9cnicas estuvieron a cargo de la Direcci\u00f3n de Seguridad Ciudadana y de personal del EPEN.<\/p>\n\n\n\n<p>El encendido del pino y la inauguraci\u00f3n se realizar\u00e1 en los pr\u00f3ximos d\u00edas con un brindis comunitario.<\/p>\n\n\n\n<figure class=\"wp-block-gallery has-nested-images columns-default is-cropped td-modal-on-gallery wp-block-gallery-1 is-layout-flex wp-block-gallery-is-layout-flex\">\n<figure class=\"wp-block-image size-large\"><img loading=\"lazy\" decoding=\"async\" width=\"768\" height=\"1024\" data-id=\"4412\" src=\"https:\/\/prensa.sma.gob.ar\/wp-content\/uploads\/2024\/12\/470804862_1018401156982042_1015075232050753686_n-768x1024.jpg\" alt=\"\" class=\"wp-image-4412\" srcset=\"https:\/\/prensa.sma.gob.ar\/wp-content\/uploads\/2024\/12\/470804862_1018401156982042_1015075232050753686_n-768x1024.jpg 768w, https:\/\/prensa.sma.gob.ar\/wp-content\/uploads\/2024\/12\/470804862_1018401156982042_1015075232050753686_n-225x300.jpg 225w, https:\/\/prensa.sma.gob.ar\/wp-content\/uploads\/2024\/12\/470804862_1018401156982042_1015075232050753686_n-315x420.jpg 315w, https:\/\/prensa.sma.gob.ar\/wp-content\/uploads\/2024\/12\/470804862_1018401156982042_1015075232050753686_n-696x928.jpg 696w, https:\/\/prensa.sma.gob.ar\/wp-content\/uploads\/2024\/12\/470804862_1018401156982042_1015075232050753686_n.jpg 780w\" sizes=\"auto, (max-width: 768px) 100vw, 768px\" \/><\/figure>\n\n\n\n<figure class=\"wp-block-image size-large\"><img loading=\"lazy\" decoding=\"async\" width=\"768\" height=\"1024\" data-id=\"4413\" src=\"https:\/\/prensa.sma.gob.ar\/wp-content\/uploads\/2024\/12\/471187064_1018401140315377_8241211744583028216_n-768x1024.jpg\" alt=\"\" class=\"wp-image-4413\" srcset=\"https:\/\/prensa.sma.gob.ar\/wp-content\/uploads\/2024\/12\/471187064_1018401140315377_8241211744583028216_n-768x1024.jpg 768w, https:\/\/prensa.sma.gob.ar\/wp-content\/uploads\/2024\/12\/471187064_1018401140315377_8241211744583028216_n-225x300.jpg 225w, https:\/\/prensa.sma.gob.ar\/wp-content\/uploads\/2024\/12\/471187064_1018401140315377_8241211744583028216_n-315x420.jpg 315w, https:\/\/prensa.sma.gob.ar\/wp-content\/uploads\/2024\/12\/471187064_1018401140315377_8241211744583028216_n-696x928.jpg 696w, https:\/\/prensa.sma.gob.ar\/wp-content\/uploads\/2024\/12\/471187064_1018401140315377_8241211744583028216_n.jpg 780w\" sizes=\"auto, (max-width: 768px) 100vw, 768px\" \/><\/figure>\n\n\n\n<figure class=\"wp-block-image size-large\"><img loading=\"lazy\" decoding=\"async\" width=\"576\" height=\"1024\" data-id=\"4414\" src=\"https:\/\/prensa.sma.gob.ar\/wp-content\/uploads\/2024\/12\/470477731_1018401093648715_9132064090721576333_n-576x1024.jpg\" alt=\"\" class=\"wp-image-4414\" srcset=\"https:\/\/prensa.sma.gob.ar\/wp-content\/uploads\/2024\/12\/470477731_1018401093648715_9132064090721576333_n-576x1024.jpg 576w, https:\/\/prensa.sma.gob.ar\/wp-content\/uploads\/2024\/12\/470477731_1018401093648715_9132064090721576333_n-169x300.jpg 169w, https:\/\/prensa.sma.gob.ar\/wp-content\/uploads\/2024\/12\/470477731_1018401093648715_9132064090721576333_n-236x420.jpg 236w, https:\/\/prensa.sma.gob.ar\/wp-content\/uploads\/2024\/12\/470477731_1018401093648715_9132064090721576333_n-696x1237.jpg 696w, https:\/\/prensa.sma.gob.ar\/wp-content\/uploads\/2024\/12\/470477731_1018401093648715_9132064090721576333_n.jpg 720w\" sizes=\"auto, (max-width: 576px) 100vw, 576px\" \/><\/figure>\n\n\n\n<figure class=\"wp-block-image size-large\"><img loading=\"lazy\" decoding=\"async\" width=\"576\" height=\"1024\" data-id=\"4415\" src=\"https:\/\/prensa.sma.gob.ar\/wp-content\/uploads\/2024\/12\/470206790_1018401070315384_5151964587118403160_n-1-576x1024.jpg\" alt=\"\" class=\"wp-image-4415\" srcset=\"https:\/\/prensa.sma.gob.ar\/wp-content\/uploads\/2024\/12\/470206790_1018401070315384_5151964587118403160_n-1-576x1024.jpg 576w, https:\/\/prensa.sma.gob.ar\/wp-content\/uploads\/2024\/12\/470206790_1018401070315384_5151964587118403160_n-1-169x300.jpg 169w, https:\/\/prensa.sma.gob.ar\/wp-content\/uploads\/2024\/12\/470206790_1018401070315384_5151964587118403160_n-1-236x420.jpg 236w, https:\/\/prensa.sma.gob.ar\/wp-content\/uploads\/2024\/12\/470206790_1018401070315384_5151964587118403160_n-1-696x1237.jpg 696w, https:\/\/prensa.sma.gob.ar\/wp-content\/uploads\/2024\/12\/470206790_1018401070315384_5151964587118403160_n-1.jpg 720w\" sizes=\"auto, (max-width: 576px) 100vw, 576px\" \/><\/figure>\n<\/figure>\n","protected":false},"excerpt":{"rendered":"<p>Tras un trabajo comunitario del que participaron vecinas, vecinos y diversas \u00e1reas del Municipio, el barrio Chacra 32 tiene su pino navide\u00f1o, que ser\u00e1 inaugurado en los pr\u00f3ximos d\u00edas. El armado y la colocaci\u00f3n surgieron por iniciativa de la Comisi\u00f3n Vecinal de Chacra 32 y cont\u00f3 con la colaboraci\u00f3n de vecinos y vecinas en el [&hellip;]<\/p>\n","protected":false},"author":2,"featured_media":4420,"comment_status":"closed","ping_status":"open","sticky":false,"template":"","format":"standard","meta":{"footnotes":""},"categories":[14],"tags":[],"class_list":{"0":"post-4410","1":"post","2":"type-post","3":"status-publish","4":"format-standard","5":"has-post-thumbnail","7":"category-noticias"},"_links":{"self":[{"href":"https:\/\/prensa.sma.gob.ar\/index.php?rest_route=\/wp\/v2\/posts\/4410","targetHints":{"allow":["GET"]}}],"collection":[{"href":"https:\/\/prensa.sma.gob.ar\/index.php?rest_route=\/wp\/v2\/posts"}],"about":[{"href":"https:\/\/prensa.sma.gob.ar\/index.php?rest_route=\/wp\/v2\/types\/post"}],"author":[{"embeddable":true,"href":"https:\/\/prensa.sma.gob.ar\/index.php?rest_route=\/wp\/v2\/users\/2"}],"replies":[{"embeddable":true,"href":"https:\/\/prensa.sma.gob.ar\/index.php?rest_route=%2Fwp%2Fv2%2Fcomments&post=4410"}],"version-history":[{"count":1,"href":"https:\/\/prensa.sma.gob.ar\/index.php?rest_route=\/wp\/v2\/posts\/4410\/revisions"}],"predecessor-version":[{"id":4416,"href":"https:\/\/prensa.sma.gob.ar\/index.php?rest_route=\/wp\/v2\/posts\/4410\/revisions\/4416"}],"wp:featuredmedia":[{"embeddable":true,"href":"https:\/\/prensa.sma.gob.ar\/index.php?rest_route=\/wp\/v2\/media\/4420"}],"wp:attachment":[{"href":"https:\/\/prensa.sma.gob.ar\/index.php?rest_route=%2Fwp%2Fv2%2Fmedia&parent=4410"}],"wp:term":[{"taxonomy":"category","embeddable":true,"href":"https:\/\/prensa.sma.gob.ar\/index.php?rest_route=%2Fwp%2Fv2%2Fcategories&post=4410"},{"taxonomy":"post_tag","embeddable":true,"href":"https:\/\/prensa.sma.gob.ar\/index.php?rest_route=%2Fwp%2Fv2%2Ftags&post=4410"}],"curies":[{"name":"wp","href":"https:\/\/api.w.org\/{rel}","templated":true}]}}