{"id":4417,"date":"2024-12-19T13:20:21","date_gmt":"2024-12-19T13:20:21","guid":{"rendered":"https:\/\/prensa.sma.gob.ar\/?p=4417"},"modified":"2024-12-19T13:20:22","modified_gmt":"2024-12-19T13:20:22","slug":"se-realizo-una-jornada-de-limpieza-en-barrio-cantera-organizada-por-la-comision-vecinal","status":"publish","type":"post","link":"https:\/\/prensa.sma.gob.ar\/?p=4417","title":{"rendered":"Se realiz\u00f3 una jornada de limpieza en barrio Cantera organizada por la Comisi\u00f3n Vecinal"},"content":{"rendered":"\n<p><\/p>\n\n\n\n<p>Personal de las \u00e1reas de Barrido y Limpieza y de Hidr\u00e1ulica del Municipio realizaron un operativo de limpieza en Cantera, organizado por la Junta Vecinal del barrio.<\/p>\n\n\n\n<p>Las vecinas y vecinos contaban con ocho puntos espec\u00edficos para sacar la basura que luego fue retirada por los operarios de Servicios P\u00fablicos.<\/p>\n\n\n\n<p>La Comisi\u00f3n del barrio solicita esperar hasta la pr\u00f3xima jornada de limpieza para sacar nuevamente sus residuos.<\/p>\n\n\n\n<p>La Subsecretar\u00eda de Juntas Vecinales del Municipio reafirma la importancia de mantener limpios los espacios comunes en los barrios y recuerda que la limpieza la hacemos entre todos y todas.<\/p>\n","protected":false},"excerpt":{"rendered":"<p>Personal de las \u00e1reas de Barrido y Limpieza y de Hidr\u00e1ulica del Municipio realizaron un operativo de limpieza en Cantera, organizado por la Junta Vecinal del barrio. Las vecinas y vecinos contaban con ocho puntos espec\u00edficos para sacar la basura que luego fue retirada por los operarios de Servicios P\u00fablicos. La Comisi\u00f3n del barrio solicita [&hellip;]<\/p>\n","protected":false},"author":2,"featured_media":4418,"comment_status":"closed","ping_status":"open","sticky":false,"template":"","format":"standard","meta":{"footnotes":""},"categories":[14],"tags":[],"class_list":{"0":"post-4417","1":"post","2":"type-post","3":"status-publish","4":"format-standard","5":"has-post-thumbnail","7":"category-noticias"},"_links":{"self":[{"href":"https:\/\/prensa.sma.gob.ar\/index.php?rest_route=\/wp\/v2\/posts\/4417","targetHints":{"allow":["GET"]}}],"collection":[{"href":"https:\/\/prensa.sma.gob.ar\/index.php?rest_route=\/wp\/v2\/posts"}],"about":[{"href":"https:\/\/prensa.sma.gob.ar\/index.php?rest_route=\/wp\/v2\/types\/post"}],"author":[{"embeddable":true,"href":"https:\/\/prensa.sma.gob.ar\/index.php?rest_route=\/wp\/v2\/users\/2"}],"replies":[{"embeddable":true,"href":"https:\/\/prensa.sma.gob.ar\/index.php?rest_route=%2Fwp%2Fv2%2Fcomments&post=4417"}],"version-history":[{"count":1,"href":"https:\/\/prensa.sma.gob.ar\/index.php?rest_route=\/wp\/v2\/posts\/4417\/revisions"}],"predecessor-version":[{"id":4419,"href":"https:\/\/prensa.sma.gob.ar\/index.php?rest_route=\/wp\/v2\/posts\/4417\/revisions\/4419"}],"wp:featuredmedia":[{"embeddable":true,"href":"https:\/\/prensa.sma.gob.ar\/index.php?rest_route=\/wp\/v2\/media\/4418"}],"wp:attachment":[{"href":"https:\/\/prensa.sma.gob.ar\/index.php?rest_route=%2Fwp%2Fv2%2Fmedia&parent=4417"}],"wp:term":[{"taxonomy":"category","embeddable":true,"href":"https:\/\/prensa.sma.gob.ar\/index.php?rest_route=%2Fwp%2Fv2%2Fcategories&post=4417"},{"taxonomy":"post_tag","embeddable":true,"href":"https:\/\/prensa.sma.gob.ar\/index.php?rest_route=%2Fwp%2Fv2%2Ftags&post=4417"}],"curies":[{"name":"wp","href":"https:\/\/api.w.org\/{rel}","templated":true}]}}