{"id":4421,"date":"2024-12-19T19:31:06","date_gmt":"2024-12-19T19:31:06","guid":{"rendered":"https:\/\/prensa.sma.gob.ar\/?p=4421"},"modified":"2024-12-19T19:31:07","modified_gmt":"2024-12-19T19:31:07","slug":"el-intendente-saloniti-participo-de-la-licitacion-del-cpem-96-y-firmo-la-ampliacion-de-la-epet-21","status":"publish","type":"post","link":"https:\/\/prensa.sma.gob.ar\/?p=4421","title":{"rendered":"El intendente Saloniti particip\u00f3 de la licitaci\u00f3n del Cpem 96 y firm\u00f3 la ampliaci\u00f3n de la Epet 21"},"content":{"rendered":"\n<p>El intendente Carlos Saloniti particip\u00f3 este jueves del acto de apertura de sobres con la ofertas para la construcci\u00f3n del Cpem 96, durante una jornada en la que tambi\u00e9n firm\u00f3 el acuerdo para la ampliaci\u00f3n del edificio de la Epet 21.<\/p>\n\n\n\n<p>Ambos actos estuvieron encabezados por la secretaria de Obras P\u00fablicas de la provincia, Tania Coletti, por la ministra de Educaci\u00f3n, Soledad Martinez, y el intendente Saloniti. Estuvieron presentes tambi\u00e9n otros funcionarios y t\u00e9cnicos de las \u00e1reas de Educaci\u00f3n y de Obras P\u00fablicas.<\/p>\n\n\n\n<p>Para la construcci\u00f3n del Cpem 96, de Cordones del Chapelco, se presentaron dos ofertas: Empresa Dinale S.A., que cotiz\u00f3 $4.873.831.216 y Empresa Maiolo Julio Cesar, por un monto de $4.651.777.497.<\/p>\n\n\n\n<p>La obra, priorizada por el gobierno provincial en acuerdo con un pedido del municipio de San Mart\u00edn de los Andes, se enmarca en el Plan Integral de Infraestructura Educativa, tal como est\u00e1 estipulado en el Presupuesto 2025.<\/p>\n\n\n\n<p>El establecimiento estar\u00e1 ubicado en el sudeste de Chacra 30, delimitado por Avenida Los Lagos, Cerro Wayle y Cerro Bella Vista. Con una superficie cubierta de 1.977 m\u00b2, el proyecto incluye siete aulas de teor\u00eda, un aula multiprop\u00f3sito, una biblioteca, un aula de inform\u00e1tica, un sal\u00f3n de usos m\u00faltiples (SUM) y \u00e1reas recreativas al aire libre.<\/p>\n\n\n\n<p>El edificio estar\u00e1 dividido en dos sectores: \u00c1rea Norte, que contemplar\u00e1 la administraci\u00f3n, biblioteca, aula de inform\u00e1tica, aula multiprop\u00f3sito, sector pedag\u00f3gico, sala de profesores y seis aulas de teor\u00eda. \u00c1rea Sur, donde estar\u00e1 el SUM, sanitarios, dep\u00f3sito de educaci\u00f3n f\u00edsica, kiosco, cocina y dependencias.<\/p>\n\n\n\n<p>El acceso al edificio se materializar\u00e1 a trav\u00e9s de una plaza seca con estacionamiento y d\u00e1rsena de ascenso y descenso de alumnas y alumnos. El patio contar\u00e1 con un play\u00f3n de juegos de 521 m2 y dos m\u00e1stiles en su frente.<\/p>\n\n\n\n<p>El gobierno provincial valor\u00f3 que, con un plazo de ejecuci\u00f3n de 450 d\u00edas corridos, el nuevo edificio del CPEM N.\u00ba 96 busca ofrecer a los estudiantes y docentes un espacio moderno y adecuado para el aprendizaje, en l\u00ednea con el compromiso de mejorar la calidad educativa en Neuqu\u00e9n.<\/p>\n\n\n\n<figure class=\"wp-block-gallery has-nested-images columns-default is-cropped wp-block-gallery-1 is-layout-flex wp-block-gallery-is-layout-flex\">\n<figure class=\"wp-block-image size-large\"><img loading=\"lazy\" decoding=\"async\" width=\"1024\" height=\"683\" data-id=\"4423\" src=\"https:\/\/prensa.sma.gob.ar\/wp-content\/uploads\/2024\/12\/WhatsApp-Image-2024-12-19-at-15.23.32-1024x683.jpeg\" alt=\"\" class=\"wp-image-4423\" srcset=\"https:\/\/prensa.sma.gob.ar\/wp-content\/uploads\/2024\/12\/WhatsApp-Image-2024-12-19-at-15.23.32-1024x683.jpeg 1024w, https:\/\/prensa.sma.gob.ar\/wp-content\/uploads\/2024\/12\/WhatsApp-Image-2024-12-19-at-15.23.32-300x200.jpeg 300w, https:\/\/prensa.sma.gob.ar\/wp-content\/uploads\/2024\/12\/WhatsApp-Image-2024-12-19-at-15.23.32-768x512.jpeg 768w, https:\/\/prensa.sma.gob.ar\/wp-content\/uploads\/2024\/12\/WhatsApp-Image-2024-12-19-at-15.23.32-1536x1024.jpeg 1536w, https:\/\/prensa.sma.gob.ar\/wp-content\/uploads\/2024\/12\/WhatsApp-Image-2024-12-19-at-15.23.32-630x420.jpeg 630w, https:\/\/prensa.sma.gob.ar\/wp-content\/uploads\/2024\/12\/WhatsApp-Image-2024-12-19-at-15.23.32-696x464.jpeg 696w, https:\/\/prensa.sma.gob.ar\/wp-content\/uploads\/2024\/12\/WhatsApp-Image-2024-12-19-at-15.23.32-1068x712.jpeg 1068w, https:\/\/prensa.sma.gob.ar\/wp-content\/uploads\/2024\/12\/WhatsApp-Image-2024-12-19-at-15.23.32.jpeg 1600w\" sizes=\"auto, (max-width: 1024px) 100vw, 1024px\" \/><\/figure>\n\n\n\n<figure class=\"wp-block-image size-large\"><img loading=\"lazy\" decoding=\"async\" width=\"1024\" height=\"683\" data-id=\"4424\" src=\"https:\/\/prensa.sma.gob.ar\/wp-content\/uploads\/2024\/12\/WhatsApp-Image-2024-12-19-at-15.23.31-1024x683.jpeg\" alt=\"\" class=\"wp-image-4424\" srcset=\"https:\/\/prensa.sma.gob.ar\/wp-content\/uploads\/2024\/12\/WhatsApp-Image-2024-12-19-at-15.23.31-1024x683.jpeg 1024w, https:\/\/prensa.sma.gob.ar\/wp-content\/uploads\/2024\/12\/WhatsApp-Image-2024-12-19-at-15.23.31-300x200.jpeg 300w, https:\/\/prensa.sma.gob.ar\/wp-content\/uploads\/2024\/12\/WhatsApp-Image-2024-12-19-at-15.23.31-768x512.jpeg 768w, https:\/\/prensa.sma.gob.ar\/wp-content\/uploads\/2024\/12\/WhatsApp-Image-2024-12-19-at-15.23.31-1536x1024.jpeg 1536w, https:\/\/prensa.sma.gob.ar\/wp-content\/uploads\/2024\/12\/WhatsApp-Image-2024-12-19-at-15.23.31-630x420.jpeg 630w, https:\/\/prensa.sma.gob.ar\/wp-content\/uploads\/2024\/12\/WhatsApp-Image-2024-12-19-at-15.23.31-696x464.jpeg 696w, https:\/\/prensa.sma.gob.ar\/wp-content\/uploads\/2024\/12\/WhatsApp-Image-2024-12-19-at-15.23.31-1068x712.jpeg 1068w, https:\/\/prensa.sma.gob.ar\/wp-content\/uploads\/2024\/12\/WhatsApp-Image-2024-12-19-at-15.23.31.jpeg 1600w\" sizes=\"auto, (max-width: 1024px) 100vw, 1024px\" \/><\/figure>\n\n\n\n<figure class=\"wp-block-image size-large\"><img loading=\"lazy\" decoding=\"async\" width=\"1024\" height=\"682\" data-id=\"4422\" src=\"https:\/\/prensa.sma.gob.ar\/wp-content\/uploads\/2024\/12\/WhatsApp-Image-2024-12-19-at-15.23.32-1-1024x682.jpeg\" alt=\"\" class=\"wp-image-4422\" srcset=\"https:\/\/prensa.sma.gob.ar\/wp-content\/uploads\/2024\/12\/WhatsApp-Image-2024-12-19-at-15.23.32-1-1024x682.jpeg 1024w, https:\/\/prensa.sma.gob.ar\/wp-content\/uploads\/2024\/12\/WhatsApp-Image-2024-12-19-at-15.23.32-1-300x200.jpeg 300w, https:\/\/prensa.sma.gob.ar\/wp-content\/uploads\/2024\/12\/WhatsApp-Image-2024-12-19-at-15.23.32-1-768x512.jpeg 768w, https:\/\/prensa.sma.gob.ar\/wp-content\/uploads\/2024\/12\/WhatsApp-Image-2024-12-19-at-15.23.32-1-1536x1023.jpeg 1536w, https:\/\/prensa.sma.gob.ar\/wp-content\/uploads\/2024\/12\/WhatsApp-Image-2024-12-19-at-15.23.32-1-630x420.jpeg 630w, https:\/\/prensa.sma.gob.ar\/wp-content\/uploads\/2024\/12\/WhatsApp-Image-2024-12-19-at-15.23.32-1-696x464.jpeg 696w, https:\/\/prensa.sma.gob.ar\/wp-content\/uploads\/2024\/12\/WhatsApp-Image-2024-12-19-at-15.23.32-1-1068x712.jpeg 1068w, https:\/\/prensa.sma.gob.ar\/wp-content\/uploads\/2024\/12\/WhatsApp-Image-2024-12-19-at-15.23.32-1.jpeg 1600w\" sizes=\"auto, (max-width: 1024px) 100vw, 1024px\" \/><\/figure>\n<\/figure>\n\n\n\n<p>Luego de participar de la apertura de sobres, el intendente Saloniti y los funcionarios provinciales, firmaron el convenio para la ampliaci\u00f3n del edificio de la Epet 21, con la construcci\u00f3n de tres aulas, un grupo sanitario y trabajos exteriores.<\/p>\n\n\n\n<p>La obra permitir\u00e1, adem\u00e1s, la refuncionalizaci\u00f3n de espacios existentes. El compromiso de las partes es dar inicio a los trabajos en 2025, luego de concretar la adjudicaci\u00f3n de la obra, que actualmente se encuentra en curso a favor de la empresa Blackhall Construcciones SRL, con un monto reactualizado de 1.710.000.000 y plazo de ejecuci\u00f3n de 240 d\u00edas corridos.<\/p>\n\n\n\n<p>La construcci\u00f3n del Cpem 96 y la ampliaci\u00f3n de la Epet 21 est\u00e1n incluidas en el \u00e1rea de Educaci\u00f3n del Presupuesto provincial 2025, junto a los nuevos edificios del Centro de Iniciaci\u00f3n Art\u00edstica (CIART) N\u00ba 5, del Centro de Formaci\u00f3n Profesional (CFP 19) y de la Escuela Integral de Adultos y J\u00f3venes N\u00ba 3, adem\u00e1s de obras en el Cpem 28. Esto se suma a las obras pr\u00f3ximas a terminar o en ejecuci\u00f3n en la Escuela primaria 33, de Quila Quina; la Escuela primaria 86; la Escuela primaria 155, de Pil Pil y el Cpem 13.<\/p>\n\n\n\n<figure class=\"wp-block-gallery has-nested-images columns-default is-cropped wp-block-gallery-2 is-layout-flex wp-block-gallery-is-layout-flex\">\n<figure class=\"wp-block-image size-large\"><img loading=\"lazy\" decoding=\"async\" width=\"1024\" height=\"682\" data-id=\"4426\" src=\"https:\/\/prensa.sma.gob.ar\/wp-content\/uploads\/2024\/12\/WhatsApp-Image-2024-12-19-at-15.23.28-1-1024x682.jpeg\" alt=\"\" class=\"wp-image-4426\" srcset=\"https:\/\/prensa.sma.gob.ar\/wp-content\/uploads\/2024\/12\/WhatsApp-Image-2024-12-19-at-15.23.28-1-1024x682.jpeg 1024w, https:\/\/prensa.sma.gob.ar\/wp-content\/uploads\/2024\/12\/WhatsApp-Image-2024-12-19-at-15.23.28-1-300x200.jpeg 300w, https:\/\/prensa.sma.gob.ar\/wp-content\/uploads\/2024\/12\/WhatsApp-Image-2024-12-19-at-15.23.28-1-768x512.jpeg 768w, https:\/\/prensa.sma.gob.ar\/wp-content\/uploads\/2024\/12\/WhatsApp-Image-2024-12-19-at-15.23.28-1-1536x1023.jpeg 1536w, https:\/\/prensa.sma.gob.ar\/wp-content\/uploads\/2024\/12\/WhatsApp-Image-2024-12-19-at-15.23.28-1-630x420.jpeg 630w, https:\/\/prensa.sma.gob.ar\/wp-content\/uploads\/2024\/12\/WhatsApp-Image-2024-12-19-at-15.23.28-1-696x464.jpeg 696w, https:\/\/prensa.sma.gob.ar\/wp-content\/uploads\/2024\/12\/WhatsApp-Image-2024-12-19-at-15.23.28-1-1068x712.jpeg 1068w, https:\/\/prensa.sma.gob.ar\/wp-content\/uploads\/2024\/12\/WhatsApp-Image-2024-12-19-at-15.23.28-1.jpeg 1600w\" sizes=\"auto, (max-width: 1024px) 100vw, 1024px\" \/><\/figure>\n\n\n\n<figure class=\"wp-block-image size-large\"><img loading=\"lazy\" decoding=\"async\" width=\"1024\" height=\"682\" data-id=\"4427\" src=\"https:\/\/prensa.sma.gob.ar\/wp-content\/uploads\/2024\/12\/WhatsApp-Image-2024-12-19-at-15.23.28-1024x682.jpeg\" alt=\"\" class=\"wp-image-4427\" srcset=\"https:\/\/prensa.sma.gob.ar\/wp-content\/uploads\/2024\/12\/WhatsApp-Image-2024-12-19-at-15.23.28-1024x682.jpeg 1024w, https:\/\/prensa.sma.gob.ar\/wp-content\/uploads\/2024\/12\/WhatsApp-Image-2024-12-19-at-15.23.28-300x200.jpeg 300w, https:\/\/prensa.sma.gob.ar\/wp-content\/uploads\/2024\/12\/WhatsApp-Image-2024-12-19-at-15.23.28-768x512.jpeg 768w, https:\/\/prensa.sma.gob.ar\/wp-content\/uploads\/2024\/12\/WhatsApp-Image-2024-12-19-at-15.23.28-1536x1024.jpeg 1536w, https:\/\/prensa.sma.gob.ar\/wp-content\/uploads\/2024\/12\/WhatsApp-Image-2024-12-19-at-15.23.28-2048x1365.jpeg 2048w, https:\/\/prensa.sma.gob.ar\/wp-content\/uploads\/2024\/12\/WhatsApp-Image-2024-12-19-at-15.23.28-630x420.jpeg 630w, https:\/\/prensa.sma.gob.ar\/wp-content\/uploads\/2024\/12\/WhatsApp-Image-2024-12-19-at-15.23.28-696x464.jpeg 696w, https:\/\/prensa.sma.gob.ar\/wp-content\/uploads\/2024\/12\/WhatsApp-Image-2024-12-19-at-15.23.28-1068x712.jpeg 1068w, https:\/\/prensa.sma.gob.ar\/wp-content\/uploads\/2024\/12\/WhatsApp-Image-2024-12-19-at-15.23.28-1920x1280.jpeg 1920w\" sizes=\"auto, (max-width: 1024px) 100vw, 1024px\" \/><\/figure>\n\n\n\n<figure class=\"wp-block-image size-large\"><img loading=\"lazy\" decoding=\"async\" width=\"1024\" height=\"682\" data-id=\"4425\" src=\"https:\/\/prensa.sma.gob.ar\/wp-content\/uploads\/2024\/12\/WhatsApp-Image-2024-12-19-at-15.23.30-1024x682.jpeg\" alt=\"\" class=\"wp-image-4425\" srcset=\"https:\/\/prensa.sma.gob.ar\/wp-content\/uploads\/2024\/12\/WhatsApp-Image-2024-12-19-at-15.23.30-1024x682.jpeg 1024w, https:\/\/prensa.sma.gob.ar\/wp-content\/uploads\/2024\/12\/WhatsApp-Image-2024-12-19-at-15.23.30-300x200.jpeg 300w, https:\/\/prensa.sma.gob.ar\/wp-content\/uploads\/2024\/12\/WhatsApp-Image-2024-12-19-at-15.23.30-768x512.jpeg 768w, https:\/\/prensa.sma.gob.ar\/wp-content\/uploads\/2024\/12\/WhatsApp-Image-2024-12-19-at-15.23.30-1536x1023.jpeg 1536w, https:\/\/prensa.sma.gob.ar\/wp-content\/uploads\/2024\/12\/WhatsApp-Image-2024-12-19-at-15.23.30-630x420.jpeg 630w, https:\/\/prensa.sma.gob.ar\/wp-content\/uploads\/2024\/12\/WhatsApp-Image-2024-12-19-at-15.23.30-696x464.jpeg 696w, https:\/\/prensa.sma.gob.ar\/wp-content\/uploads\/2024\/12\/WhatsApp-Image-2024-12-19-at-15.23.30-1068x712.jpeg 1068w, https:\/\/prensa.sma.gob.ar\/wp-content\/uploads\/2024\/12\/WhatsApp-Image-2024-12-19-at-15.23.30.jpeg 1600w\" sizes=\"auto, (max-width: 1024px) 100vw, 1024px\" \/><\/figure>\n<\/figure>\n","protected":false},"excerpt":{"rendered":"<p>El intendente Carlos Saloniti particip\u00f3 este jueves del acto de apertura de sobres con la ofertas para la construcci\u00f3n del Cpem 96, durante una jornada en la que tambi\u00e9n firm\u00f3 el acuerdo para la ampliaci\u00f3n del edificio de la Epet 21. Ambos actos estuvieron encabezados por la secretaria de Obras P\u00fablicas de la provincia, Tania [&hellip;]<\/p>\n","protected":false},"author":2,"featured_media":4428,"comment_status":"closed","ping_status":"open","sticky":false,"template":"","format":"standard","meta":{"footnotes":""},"categories":[16,9,14,17],"tags":[],"class_list":{"0":"post-4421","1":"post","2":"type-post","3":"status-publish","4":"format-standard","5":"has-post-thumbnail","7":"category-destacadas","8":"category-educacion","9":"category-noticias","10":"category-portada"},"_links":{"self":[{"href":"https:\/\/prensa.sma.gob.ar\/index.php?rest_route=\/wp\/v2\/posts\/4421","targetHints":{"allow":["GET"]}}],"collection":[{"href":"https:\/\/prensa.sma.gob.ar\/index.php?rest_route=\/wp\/v2\/posts"}],"about":[{"href":"https:\/\/prensa.sma.gob.ar\/index.php?rest_route=\/wp\/v2\/types\/post"}],"author":[{"embeddable":true,"href":"https:\/\/prensa.sma.gob.ar\/index.php?rest_route=\/wp\/v2\/users\/2"}],"replies":[{"embeddable":true,"href":"https:\/\/prensa.sma.gob.ar\/index.php?rest_route=%2Fwp%2Fv2%2Fcomments&post=4421"}],"version-history":[{"count":1,"href":"https:\/\/prensa.sma.gob.ar\/index.php?rest_route=\/wp\/v2\/posts\/4421\/revisions"}],"predecessor-version":[{"id":4431,"href":"https:\/\/prensa.sma.gob.ar\/index.php?rest_route=\/wp\/v2\/posts\/4421\/revisions\/4431"}],"wp:featuredmedia":[{"embeddable":true,"href":"https:\/\/prensa.sma.gob.ar\/index.php?rest_route=\/wp\/v2\/media\/4428"}],"wp:attachment":[{"href":"https:\/\/prensa.sma.gob.ar\/index.php?rest_route=%2Fwp%2Fv2%2Fmedia&parent=4421"}],"wp:term":[{"taxonomy":"category","embeddable":true,"href":"https:\/\/prensa.sma.gob.ar\/index.php?rest_route=%2Fwp%2Fv2%2Fcategories&post=4421"},{"taxonomy":"post_tag","embeddable":true,"href":"https:\/\/prensa.sma.gob.ar\/index.php?rest_route=%2Fwp%2Fv2%2Ftags&post=4421"}],"curies":[{"name":"wp","href":"https:\/\/api.w.org\/{rel}","templated":true}]}}