{"id":4439,"date":"2024-12-21T13:21:56","date_gmt":"2024-12-21T13:21:56","guid":{"rendered":"https:\/\/prensa.sma.gob.ar\/?p=4439"},"modified":"2024-12-21T13:21:57","modified_gmt":"2024-12-21T13:21:57","slug":"el-municipio-formalizo-ante-la-unco-la-invitacion-a-participar-de-proyectos-de-habitat-y-urbanizacion-2","status":"publish","type":"post","link":"https:\/\/prensa.sma.gob.ar\/?p=4439","title":{"rendered":"El Municipio formaliz\u00f3 ante la UNCo la invitaci\u00f3n a participar de proyectos de h\u00e1bitat y urbanizaci\u00f3n"},"content":{"rendered":"\n<p>El Instituto de Vivienda y H\u00e1bitat del Municipio invit\u00f3 formalmente al Centro Regional Universitario San Mart\u00edn de los Andes de la Universidad Nacional del Comahue (CRUSMA) a participar activamente de las actividades que viene desarrollando esta \u00e1rea municipal.<\/p>\n\n\n\n<p>Este jueves se realiz\u00f3 una reuni\u00f3n en la sede universitaria en la que el \u00e1rea de Vivienda y el Consejo Asesor expusieron sobre el recorrido transitado durante el a\u00f1o y los proyectos que llevan a cabo en materia de loteos, vivienda, h\u00e1bitat y urbanizaci\u00f3n.<\/p>\n\n\n\n<p>Hace algunas semanas, el Instituto de Vivienda convoc\u00f3 al CRUSMA a colaborar con el proceso \u201cDe la Tierra al Barrio\u201d, que incluye talleres y actividades con vecinas y vecinos preadjudicatarios de los 200 lotes en Chacra 30. El pasado s\u00e1bado, t\u00e9cnicos y alumnos participaron del recorrido comunitario junto a las familias beneficiadas del sorteo de lotes.<\/p>\n\n\n\n<p>Del encuentro participaron la directora del Instituto de Vivienda y H\u00e1bitat, Carolina Amaya; Alejandra de Bonis, integrante del equipo de profesionales del \u00e1rea, e Ignacio Ferrer\u00eda, de Vecinos sin Techo. Fueron recibidos por el director del CRUSMA, Ariel Mortoro; junto al secretario acad\u00e9mico Abel Vel\u00e1squez, y la jefa de \u00e1rea de Investigaci\u00f3n, Extensi\u00f3n, Vinculaci\u00f3n y Transferencia, Ver\u00f3nica Carbone.<\/p>\n\n\n\n<p>Las autoridades universitarias celebraron y agradecieron la invitaci\u00f3n a formar parte de los trabajos en esta materia, al calificarlo de \u201cgenuino, necesario e importante desaf\u00edo\u201d.<\/p>\n","protected":false},"excerpt":{"rendered":"<p>El Instituto de Vivienda y H\u00e1bitat del Municipio invit\u00f3 formalmente al Centro Regional Universitario San Mart\u00edn de los Andes de la Universidad Nacional del Comahue (CRUSMA) a participar activamente de las actividades que viene desarrollando esta \u00e1rea municipal. Este jueves se realiz\u00f3 una reuni\u00f3n en la sede universitaria en la que el \u00e1rea de Vivienda [&hellip;]<\/p>\n","protected":false},"author":2,"featured_media":4440,"comment_status":"closed","ping_status":"open","sticky":false,"template":"","format":"standard","meta":{"footnotes":""},"categories":[16,14,37],"tags":[],"class_list":{"0":"post-4439","1":"post","2":"type-post","3":"status-publish","4":"format-standard","5":"has-post-thumbnail","7":"category-destacadas","8":"category-noticias","9":"category-vivienda"},"_links":{"self":[{"href":"https:\/\/prensa.sma.gob.ar\/index.php?rest_route=\/wp\/v2\/posts\/4439","targetHints":{"allow":["GET"]}}],"collection":[{"href":"https:\/\/prensa.sma.gob.ar\/index.php?rest_route=\/wp\/v2\/posts"}],"about":[{"href":"https:\/\/prensa.sma.gob.ar\/index.php?rest_route=\/wp\/v2\/types\/post"}],"author":[{"embeddable":true,"href":"https:\/\/prensa.sma.gob.ar\/index.php?rest_route=\/wp\/v2\/users\/2"}],"replies":[{"embeddable":true,"href":"https:\/\/prensa.sma.gob.ar\/index.php?rest_route=%2Fwp%2Fv2%2Fcomments&post=4439"}],"version-history":[{"count":1,"href":"https:\/\/prensa.sma.gob.ar\/index.php?rest_route=\/wp\/v2\/posts\/4439\/revisions"}],"predecessor-version":[{"id":4441,"href":"https:\/\/prensa.sma.gob.ar\/index.php?rest_route=\/wp\/v2\/posts\/4439\/revisions\/4441"}],"wp:featuredmedia":[{"embeddable":true,"href":"https:\/\/prensa.sma.gob.ar\/index.php?rest_route=\/wp\/v2\/media\/4440"}],"wp:attachment":[{"href":"https:\/\/prensa.sma.gob.ar\/index.php?rest_route=%2Fwp%2Fv2%2Fmedia&parent=4439"}],"wp:term":[{"taxonomy":"category","embeddable":true,"href":"https:\/\/prensa.sma.gob.ar\/index.php?rest_route=%2Fwp%2Fv2%2Fcategories&post=4439"},{"taxonomy":"post_tag","embeddable":true,"href":"https:\/\/prensa.sma.gob.ar\/index.php?rest_route=%2Fwp%2Fv2%2Ftags&post=4439"}],"curies":[{"name":"wp","href":"https:\/\/api.w.org\/{rel}","templated":true}]}}