{"id":4442,"date":"2024-12-21T13:26:42","date_gmt":"2024-12-21T13:26:42","guid":{"rendered":"https:\/\/prensa.sma.gob.ar\/?p=4442"},"modified":"2024-12-21T13:26:44","modified_gmt":"2024-12-21T13:26:44","slug":"la-gestion-provincial-y-municipal-del-deporte-neuquino-tuvo-su-balance-anual","status":"publish","type":"post","link":"https:\/\/prensa.sma.gob.ar\/?p=4442","title":{"rendered":"La gesti\u00f3n provincial y municipal del deporte neuquino tuvo su balance anual"},"content":{"rendered":"\n<p>Autoridades provinciales de Deportes y directores municipales realizaron una reuni\u00f3n de balance de la gesti\u00f3n anual, durante la cual trazaron proyectos para 2025 en la gesti\u00f3n conjunta entre Provincia y Municipios.<\/p>\n\n\n\n<p>La reuni\u00f3n, que se realiz\u00f3 el mi\u00e9rcoles de esta semana en el Espacio Duam, de Neuqu\u00e9n, fue marco para el informe de lo trabajado desde el \u00e1rea de Deportes de la provincia en este 2024; la proyecci\u00f3n de los programas para 2025; y escuchar los aportes de cada funcionario municipal.<\/p>\n\n\n\n<p>El encuentro estuvo encabezado por la ministra de Desarrollo Humano, Gobiernos Locales y Mujeres de la provincia del Neuqu\u00e9n, Julieta Corroza, acompa\u00f1ada de la secretaria de Deportes y Juventudes de la provincia; Mar\u00eda Fernanda Villone; y el subsecretario de Deportes, Ignacio Russo. San Mart\u00edn de los Andes estuvo representado por el secretario de Deportes del Municipio, Fernando M\u00e9ndez.<\/p>\n\n\n\n<p>M\u00e9ndez inform\u00f3 que, en la jornada, \u201cse hizo un balance de los trabajos realizados en Deportes de provincia y se presentaron evaluaciones en espacios deportivos de Neuqu\u00e9n, con cantidad de gente en gimnasios, canchas y otras \u00e1reas\u201d.<\/p>\n\n\n\n<p>\u201cTambi\u00e9n hubo exposiciones y mesas de trabajo por cada una de las siete regiones de la Provincia para encarar pol\u00edticas de Deportes para el a\u00f1o que viene y se analizaron logros, falencias y formas de mejorar actividades como los Juegos Neuquinos o los Juegos de la Araucan\u00eda\u201d, se\u00f1al\u00f3.<\/p>\n\n\n\n<figure class=\"wp-block-gallery has-nested-images columns-default is-cropped wp-block-gallery-1 is-layout-flex wp-block-gallery-is-layout-flex\">\n<figure class=\"wp-block-image size-large\"><img loading=\"lazy\" decoding=\"async\" width=\"768\" height=\"1024\" data-id=\"4443\" src=\"https:\/\/prensa.sma.gob.ar\/wp-content\/uploads\/2024\/12\/WhatsApp-Image-2024-12-18-at-15.35.42-768x1024.jpeg\" alt=\"\" class=\"wp-image-4443\" srcset=\"https:\/\/prensa.sma.gob.ar\/wp-content\/uploads\/2024\/12\/WhatsApp-Image-2024-12-18-at-15.35.42-768x1024.jpeg 768w, https:\/\/prensa.sma.gob.ar\/wp-content\/uploads\/2024\/12\/WhatsApp-Image-2024-12-18-at-15.35.42-225x300.jpeg 225w, https:\/\/prensa.sma.gob.ar\/wp-content\/uploads\/2024\/12\/WhatsApp-Image-2024-12-18-at-15.35.42-1152x1536.jpeg 1152w, https:\/\/prensa.sma.gob.ar\/wp-content\/uploads\/2024\/12\/WhatsApp-Image-2024-12-18-at-15.35.42-315x420.jpeg 315w, https:\/\/prensa.sma.gob.ar\/wp-content\/uploads\/2024\/12\/WhatsApp-Image-2024-12-18-at-15.35.42-696x928.jpeg 696w, https:\/\/prensa.sma.gob.ar\/wp-content\/uploads\/2024\/12\/WhatsApp-Image-2024-12-18-at-15.35.42-1068x1424.jpeg 1068w, https:\/\/prensa.sma.gob.ar\/wp-content\/uploads\/2024\/12\/WhatsApp-Image-2024-12-18-at-15.35.42.jpeg 1200w\" sizes=\"auto, (max-width: 768px) 100vw, 768px\" \/><\/figure>\n\n\n\n<figure class=\"wp-block-image size-large\"><img loading=\"lazy\" decoding=\"async\" width=\"768\" height=\"1024\" data-id=\"4447\" src=\"https:\/\/prensa.sma.gob.ar\/wp-content\/uploads\/2024\/12\/WhatsApp-Image-2024-12-18-at-15.19.40-768x1024.jpeg\" alt=\"\" class=\"wp-image-4447\" srcset=\"https:\/\/prensa.sma.gob.ar\/wp-content\/uploads\/2024\/12\/WhatsApp-Image-2024-12-18-at-15.19.40-768x1024.jpeg 768w, https:\/\/prensa.sma.gob.ar\/wp-content\/uploads\/2024\/12\/WhatsApp-Image-2024-12-18-at-15.19.40-225x300.jpeg 225w, https:\/\/prensa.sma.gob.ar\/wp-content\/uploads\/2024\/12\/WhatsApp-Image-2024-12-18-at-15.19.40-1152x1536.jpeg 1152w, https:\/\/prensa.sma.gob.ar\/wp-content\/uploads\/2024\/12\/WhatsApp-Image-2024-12-18-at-15.19.40-315x420.jpeg 315w, https:\/\/prensa.sma.gob.ar\/wp-content\/uploads\/2024\/12\/WhatsApp-Image-2024-12-18-at-15.19.40-696x928.jpeg 696w, https:\/\/prensa.sma.gob.ar\/wp-content\/uploads\/2024\/12\/WhatsApp-Image-2024-12-18-at-15.19.40-1068x1424.jpeg 1068w, https:\/\/prensa.sma.gob.ar\/wp-content\/uploads\/2024\/12\/WhatsApp-Image-2024-12-18-at-15.19.40.jpeg 1200w\" sizes=\"auto, (max-width: 768px) 100vw, 768px\" \/><\/figure>\n\n\n\n<figure class=\"wp-block-image size-large\"><img loading=\"lazy\" decoding=\"async\" width=\"701\" height=\"1024\" data-id=\"4446\" src=\"https:\/\/prensa.sma.gob.ar\/wp-content\/uploads\/2024\/12\/WhatsApp-Image-2024-12-18-at-15.35.34-701x1024.jpeg\" alt=\"\" class=\"wp-image-4446\" srcset=\"https:\/\/prensa.sma.gob.ar\/wp-content\/uploads\/2024\/12\/WhatsApp-Image-2024-12-18-at-15.35.34-701x1024.jpeg 701w, https:\/\/prensa.sma.gob.ar\/wp-content\/uploads\/2024\/12\/WhatsApp-Image-2024-12-18-at-15.35.34-205x300.jpeg 205w, https:\/\/prensa.sma.gob.ar\/wp-content\/uploads\/2024\/12\/WhatsApp-Image-2024-12-18-at-15.35.34-768x1122.jpeg 768w, https:\/\/prensa.sma.gob.ar\/wp-content\/uploads\/2024\/12\/WhatsApp-Image-2024-12-18-at-15.35.34-1051x1536.jpeg 1051w, https:\/\/prensa.sma.gob.ar\/wp-content\/uploads\/2024\/12\/WhatsApp-Image-2024-12-18-at-15.35.34-287x420.jpeg 287w, https:\/\/prensa.sma.gob.ar\/wp-content\/uploads\/2024\/12\/WhatsApp-Image-2024-12-18-at-15.35.34-696x1017.jpeg 696w, https:\/\/prensa.sma.gob.ar\/wp-content\/uploads\/2024\/12\/WhatsApp-Image-2024-12-18-at-15.35.34-1068x1561.jpeg 1068w, https:\/\/prensa.sma.gob.ar\/wp-content\/uploads\/2024\/12\/WhatsApp-Image-2024-12-18-at-15.35.34.jpeg 1095w\" sizes=\"auto, (max-width: 701px) 100vw, 701px\" \/><\/figure>\n<\/figure>\n\n\n\n<p>En su viaje a Neuqu\u00e9n, Fernando M\u00e9ndez tambi\u00e9n asisti\u00f3 -en reemplazo del secretario de Turismo, Alejandro Apaolaza- a la entrega de distinciones en Calidad Tur\u00edstica a varias ciudades de la provincia, vinculada con esta matriz econ\u00f3mica.<\/p>\n\n\n\n<p>La actividad, organizada por el Ministerio de Turismo de la Naci\u00f3n y por el Ministerio del \u00e1rea de la provincia, incluy\u00f3 la entrega de diplomas a localidades de la provincia destacadas por la calidad de los servicios tur\u00edsticos, entre ellos restaurantes, productores y calidad de atenci\u00f3n.<\/p>\n\n\n\n<p>San Mart\u00edn de los Andes recibi\u00f3 la \u201cdistinci\u00f3n de Directrices de Gesti\u00f3n e Innovaci\u00f3n para Municipios en el marco del Sistema Argentino de Calidad Tur\u00edstica, otorgada por la Secretar\u00eda de Turismo, Ambiente y Deportes de la naci\u00f3n\u201d.<\/p>\n\n\n\n<p>De este acto participaron la ministra de Desarrollo Humano, Gobiernos Locales y Mujeres de la provincia del Neuqu\u00e9n, Julieta Corroza, y el ministro de Turismo de la provincia, Gustavo Fern\u00e1ndez Capiet.<\/p>\n\n\n\n<figure class=\"wp-block-gallery has-nested-images columns-default is-cropped wp-block-gallery-2 is-layout-flex wp-block-gallery-is-layout-flex\">\n<figure class=\"wp-block-image size-large\"><img loading=\"lazy\" decoding=\"async\" width=\"768\" height=\"1024\" data-id=\"4445\" src=\"https:\/\/prensa.sma.gob.ar\/wp-content\/uploads\/2024\/12\/WhatsApp-Image-2024-12-18-at-15.35.36-768x1024.jpeg\" alt=\"\" class=\"wp-image-4445\" srcset=\"https:\/\/prensa.sma.gob.ar\/wp-content\/uploads\/2024\/12\/WhatsApp-Image-2024-12-18-at-15.35.36-768x1024.jpeg 768w, https:\/\/prensa.sma.gob.ar\/wp-content\/uploads\/2024\/12\/WhatsApp-Image-2024-12-18-at-15.35.36-225x300.jpeg 225w, https:\/\/prensa.sma.gob.ar\/wp-content\/uploads\/2024\/12\/WhatsApp-Image-2024-12-18-at-15.35.36-1152x1536.jpeg 1152w, https:\/\/prensa.sma.gob.ar\/wp-content\/uploads\/2024\/12\/WhatsApp-Image-2024-12-18-at-15.35.36-315x420.jpeg 315w, https:\/\/prensa.sma.gob.ar\/wp-content\/uploads\/2024\/12\/WhatsApp-Image-2024-12-18-at-15.35.36-696x928.jpeg 696w, https:\/\/prensa.sma.gob.ar\/wp-content\/uploads\/2024\/12\/WhatsApp-Image-2024-12-18-at-15.35.36-1068x1424.jpeg 1068w, https:\/\/prensa.sma.gob.ar\/wp-content\/uploads\/2024\/12\/WhatsApp-Image-2024-12-18-at-15.35.36.jpeg 1200w\" sizes=\"auto, (max-width: 768px) 100vw, 768px\" \/><\/figure>\n\n\n\n<figure class=\"wp-block-image size-large\"><img loading=\"lazy\" decoding=\"async\" width=\"768\" height=\"1024\" data-id=\"4444\" src=\"https:\/\/prensa.sma.gob.ar\/wp-content\/uploads\/2024\/12\/WhatsApp-Image-2024-12-18-at-15.35.40-768x1024.jpeg\" alt=\"\" class=\"wp-image-4444\" srcset=\"https:\/\/prensa.sma.gob.ar\/wp-content\/uploads\/2024\/12\/WhatsApp-Image-2024-12-18-at-15.35.40-768x1024.jpeg 768w, https:\/\/prensa.sma.gob.ar\/wp-content\/uploads\/2024\/12\/WhatsApp-Image-2024-12-18-at-15.35.40-225x300.jpeg 225w, https:\/\/prensa.sma.gob.ar\/wp-content\/uploads\/2024\/12\/WhatsApp-Image-2024-12-18-at-15.35.40-1152x1536.jpeg 1152w, https:\/\/prensa.sma.gob.ar\/wp-content\/uploads\/2024\/12\/WhatsApp-Image-2024-12-18-at-15.35.40-315x420.jpeg 315w, https:\/\/prensa.sma.gob.ar\/wp-content\/uploads\/2024\/12\/WhatsApp-Image-2024-12-18-at-15.35.40-696x928.jpeg 696w, https:\/\/prensa.sma.gob.ar\/wp-content\/uploads\/2024\/12\/WhatsApp-Image-2024-12-18-at-15.35.40-1068x1424.jpeg 1068w, https:\/\/prensa.sma.gob.ar\/wp-content\/uploads\/2024\/12\/WhatsApp-Image-2024-12-18-at-15.35.40.jpeg 1200w\" sizes=\"auto, (max-width: 768px) 100vw, 768px\" \/><\/figure>\n\n\n\n<figure class=\"wp-block-image size-large\"><img loading=\"lazy\" decoding=\"async\" width=\"768\" height=\"1024\" data-id=\"4448\" src=\"https:\/\/prensa.sma.gob.ar\/wp-content\/uploads\/2024\/12\/WhatsApp-Image-2024-12-18-at-15.19.39-768x1024.jpeg\" alt=\"\" class=\"wp-image-4448\" srcset=\"https:\/\/prensa.sma.gob.ar\/wp-content\/uploads\/2024\/12\/WhatsApp-Image-2024-12-18-at-15.19.39-768x1024.jpeg 768w, https:\/\/prensa.sma.gob.ar\/wp-content\/uploads\/2024\/12\/WhatsApp-Image-2024-12-18-at-15.19.39-225x300.jpeg 225w, https:\/\/prensa.sma.gob.ar\/wp-content\/uploads\/2024\/12\/WhatsApp-Image-2024-12-18-at-15.19.39-1152x1536.jpeg 1152w, https:\/\/prensa.sma.gob.ar\/wp-content\/uploads\/2024\/12\/WhatsApp-Image-2024-12-18-at-15.19.39-315x420.jpeg 315w, https:\/\/prensa.sma.gob.ar\/wp-content\/uploads\/2024\/12\/WhatsApp-Image-2024-12-18-at-15.19.39-696x928.jpeg 696w, https:\/\/prensa.sma.gob.ar\/wp-content\/uploads\/2024\/12\/WhatsApp-Image-2024-12-18-at-15.19.39-1068x1424.jpeg 1068w, https:\/\/prensa.sma.gob.ar\/wp-content\/uploads\/2024\/12\/WhatsApp-Image-2024-12-18-at-15.19.39.jpeg 1200w\" sizes=\"auto, (max-width: 768px) 100vw, 768px\" \/><\/figure>\n<\/figure>\n","protected":false},"excerpt":{"rendered":"<p>Autoridades provinciales de Deportes y directores municipales realizaron una reuni\u00f3n de balance de la gesti\u00f3n anual, durante la cual trazaron proyectos para 2025 en la gesti\u00f3n conjunta entre Provincia y Municipios. La reuni\u00f3n, que se realiz\u00f3 el mi\u00e9rcoles de esta semana en el Espacio Duam, de Neuqu\u00e9n, fue marco para el informe de lo trabajado [&hellip;]<\/p>\n","protected":false},"author":2,"featured_media":4449,"comment_status":"closed","ping_status":"open","sticky":false,"template":"","format":"standard","meta":{"footnotes":""},"categories":[7,16,14,36],"tags":[],"class_list":{"0":"post-4442","1":"post","2":"type-post","3":"status-publish","4":"format-standard","5":"has-post-thumbnail","7":"category-deportes","8":"category-destacadas","9":"category-noticias","10":"category-turismo"},"_links":{"self":[{"href":"https:\/\/prensa.sma.gob.ar\/index.php?rest_route=\/wp\/v2\/posts\/4442","targetHints":{"allow":["GET"]}}],"collection":[{"href":"https:\/\/prensa.sma.gob.ar\/index.php?rest_route=\/wp\/v2\/posts"}],"about":[{"href":"https:\/\/prensa.sma.gob.ar\/index.php?rest_route=\/wp\/v2\/types\/post"}],"author":[{"embeddable":true,"href":"https:\/\/prensa.sma.gob.ar\/index.php?rest_route=\/wp\/v2\/users\/2"}],"replies":[{"embeddable":true,"href":"https:\/\/prensa.sma.gob.ar\/index.php?rest_route=%2Fwp%2Fv2%2Fcomments&post=4442"}],"version-history":[{"count":1,"href":"https:\/\/prensa.sma.gob.ar\/index.php?rest_route=\/wp\/v2\/posts\/4442\/revisions"}],"predecessor-version":[{"id":4450,"href":"https:\/\/prensa.sma.gob.ar\/index.php?rest_route=\/wp\/v2\/posts\/4442\/revisions\/4450"}],"wp:featuredmedia":[{"embeddable":true,"href":"https:\/\/prensa.sma.gob.ar\/index.php?rest_route=\/wp\/v2\/media\/4449"}],"wp:attachment":[{"href":"https:\/\/prensa.sma.gob.ar\/index.php?rest_route=%2Fwp%2Fv2%2Fmedia&parent=4442"}],"wp:term":[{"taxonomy":"category","embeddable":true,"href":"https:\/\/prensa.sma.gob.ar\/index.php?rest_route=%2Fwp%2Fv2%2Fcategories&post=4442"},{"taxonomy":"post_tag","embeddable":true,"href":"https:\/\/prensa.sma.gob.ar\/index.php?rest_route=%2Fwp%2Fv2%2Ftags&post=4442"}],"curies":[{"name":"wp","href":"https:\/\/api.w.org\/{rel}","templated":true}]}}