{"id":4456,"date":"2024-12-23T13:03:16","date_gmt":"2024-12-23T13:03:16","guid":{"rendered":"https:\/\/prensa.sma.gob.ar\/?p=4456"},"modified":"2024-12-23T13:03:17","modified_gmt":"2024-12-23T13:03:17","slug":"con-el-encendido-de-los-pinos-musica-y-arte-se-realizo-la-navidad-cordillerana","status":"publish","type":"post","link":"https:\/\/prensa.sma.gob.ar\/?p=4456","title":{"rendered":"Con el encendido de los pinos, m\u00fasica y arte, se realiz\u00f3 la Navidad Cordillerana"},"content":{"rendered":"\n<p>San Mart\u00edn de los Andes vivi\u00f3 este fin de semana la Navidad Cordillerana que incluy\u00f3, el s\u00e1bado, el encendido del pino de la Plaza San Mart\u00edn. Cientos de personas participaron desde la tarde de una jornada que incluy\u00f3 m\u00fasica en vivo, espect\u00e1culos de circo, la presencia de Pap\u00e1 Noel y la Feria de Emprendedores.<\/p>\n\n\n\n<figure class=\"wp-block-gallery has-nested-images columns-default is-cropped wp-block-gallery-1 is-layout-flex wp-block-gallery-is-layout-flex\">\n<figure class=\"wp-block-image size-large\"><img loading=\"lazy\" decoding=\"async\" width=\"1024\" height=\"549\" data-id=\"4469\" src=\"https:\/\/prensa.sma.gob.ar\/wp-content\/uploads\/2024\/12\/WhatsApp-Image-2024-12-21-at-19.10.04-1024x549.jpeg\" alt=\"\" class=\"wp-image-4469\" srcset=\"https:\/\/prensa.sma.gob.ar\/wp-content\/uploads\/2024\/12\/WhatsApp-Image-2024-12-21-at-19.10.04-1024x549.jpeg 1024w, https:\/\/prensa.sma.gob.ar\/wp-content\/uploads\/2024\/12\/WhatsApp-Image-2024-12-21-at-19.10.04-300x161.jpeg 300w, https:\/\/prensa.sma.gob.ar\/wp-content\/uploads\/2024\/12\/WhatsApp-Image-2024-12-21-at-19.10.04-768x412.jpeg 768w, https:\/\/prensa.sma.gob.ar\/wp-content\/uploads\/2024\/12\/WhatsApp-Image-2024-12-21-at-19.10.04-1536x824.jpeg 1536w, https:\/\/prensa.sma.gob.ar\/wp-content\/uploads\/2024\/12\/WhatsApp-Image-2024-12-21-at-19.10.04-783x420.jpeg 783w, https:\/\/prensa.sma.gob.ar\/wp-content\/uploads\/2024\/12\/WhatsApp-Image-2024-12-21-at-19.10.04-696x373.jpeg 696w, https:\/\/prensa.sma.gob.ar\/wp-content\/uploads\/2024\/12\/WhatsApp-Image-2024-12-21-at-19.10.04-1068x573.jpeg 1068w, https:\/\/prensa.sma.gob.ar\/wp-content\/uploads\/2024\/12\/WhatsApp-Image-2024-12-21-at-19.10.04.jpeg 1600w\" sizes=\"auto, (max-width: 1024px) 100vw, 1024px\" \/><\/figure>\n\n\n\n<figure class=\"wp-block-image size-large\"><img loading=\"lazy\" decoding=\"async\" width=\"1024\" height=\"568\" data-id=\"4471\" src=\"https:\/\/prensa.sma.gob.ar\/wp-content\/uploads\/2024\/12\/WhatsApp-Image-2024-12-21-at-18.52.29-2-1024x568.jpeg\" alt=\"\" class=\"wp-image-4471\" srcset=\"https:\/\/prensa.sma.gob.ar\/wp-content\/uploads\/2024\/12\/WhatsApp-Image-2024-12-21-at-18.52.29-2-1024x568.jpeg 1024w, https:\/\/prensa.sma.gob.ar\/wp-content\/uploads\/2024\/12\/WhatsApp-Image-2024-12-21-at-18.52.29-2-300x167.jpeg 300w, https:\/\/prensa.sma.gob.ar\/wp-content\/uploads\/2024\/12\/WhatsApp-Image-2024-12-21-at-18.52.29-2-768x426.jpeg 768w, https:\/\/prensa.sma.gob.ar\/wp-content\/uploads\/2024\/12\/WhatsApp-Image-2024-12-21-at-18.52.29-2-1536x852.jpeg 1536w, https:\/\/prensa.sma.gob.ar\/wp-content\/uploads\/2024\/12\/WhatsApp-Image-2024-12-21-at-18.52.29-2-757x420.jpeg 757w, https:\/\/prensa.sma.gob.ar\/wp-content\/uploads\/2024\/12\/WhatsApp-Image-2024-12-21-at-18.52.29-2-696x386.jpeg 696w, https:\/\/prensa.sma.gob.ar\/wp-content\/uploads\/2024\/12\/WhatsApp-Image-2024-12-21-at-18.52.29-2-1068x593.jpeg 1068w, https:\/\/prensa.sma.gob.ar\/wp-content\/uploads\/2024\/12\/WhatsApp-Image-2024-12-21-at-18.52.29-2.jpeg 1600w\" sizes=\"auto, (max-width: 1024px) 100vw, 1024px\" \/><\/figure>\n\n\n\n<figure class=\"wp-block-image size-large\"><img loading=\"lazy\" decoding=\"async\" width=\"1024\" height=\"576\" data-id=\"4473\" src=\"https:\/\/prensa.sma.gob.ar\/wp-content\/uploads\/2024\/12\/WhatsApp-Image-2024-12-21-at-18.52.29-1024x576.jpeg\" alt=\"\" class=\"wp-image-4473\" srcset=\"https:\/\/prensa.sma.gob.ar\/wp-content\/uploads\/2024\/12\/WhatsApp-Image-2024-12-21-at-18.52.29-1024x576.jpeg 1024w, https:\/\/prensa.sma.gob.ar\/wp-content\/uploads\/2024\/12\/WhatsApp-Image-2024-12-21-at-18.52.29-300x169.jpeg 300w, https:\/\/prensa.sma.gob.ar\/wp-content\/uploads\/2024\/12\/WhatsApp-Image-2024-12-21-at-18.52.29-768x432.jpeg 768w, https:\/\/prensa.sma.gob.ar\/wp-content\/uploads\/2024\/12\/WhatsApp-Image-2024-12-21-at-18.52.29-1536x864.jpeg 1536w, https:\/\/prensa.sma.gob.ar\/wp-content\/uploads\/2024\/12\/WhatsApp-Image-2024-12-21-at-18.52.29-747x420.jpeg 747w, https:\/\/prensa.sma.gob.ar\/wp-content\/uploads\/2024\/12\/WhatsApp-Image-2024-12-21-at-18.52.29-696x392.jpeg 696w, https:\/\/prensa.sma.gob.ar\/wp-content\/uploads\/2024\/12\/WhatsApp-Image-2024-12-21-at-18.52.29-1068x601.jpeg 1068w, https:\/\/prensa.sma.gob.ar\/wp-content\/uploads\/2024\/12\/WhatsApp-Image-2024-12-21-at-18.52.29.jpeg 1600w\" sizes=\"auto, (max-width: 1024px) 100vw, 1024px\" \/><\/figure>\n\n\n\n<figure class=\"wp-block-image size-large\"><img loading=\"lazy\" decoding=\"async\" width=\"1024\" height=\"576\" data-id=\"4463\" src=\"https:\/\/prensa.sma.gob.ar\/wp-content\/uploads\/2024\/12\/NAVIDAD-PLAZA-SAN-MARTIN-2-1024x576.jpg\" alt=\"\" class=\"wp-image-4463\" srcset=\"https:\/\/prensa.sma.gob.ar\/wp-content\/uploads\/2024\/12\/NAVIDAD-PLAZA-SAN-MARTIN-2-1024x576.jpg 1024w, https:\/\/prensa.sma.gob.ar\/wp-content\/uploads\/2024\/12\/NAVIDAD-PLAZA-SAN-MARTIN-2-300x169.jpg 300w, https:\/\/prensa.sma.gob.ar\/wp-content\/uploads\/2024\/12\/NAVIDAD-PLAZA-SAN-MARTIN-2-768x432.jpg 768w, https:\/\/prensa.sma.gob.ar\/wp-content\/uploads\/2024\/12\/NAVIDAD-PLAZA-SAN-MARTIN-2-1536x864.jpg 1536w, https:\/\/prensa.sma.gob.ar\/wp-content\/uploads\/2024\/12\/NAVIDAD-PLAZA-SAN-MARTIN-2-747x420.jpg 747w, https:\/\/prensa.sma.gob.ar\/wp-content\/uploads\/2024\/12\/NAVIDAD-PLAZA-SAN-MARTIN-2-696x392.jpg 696w, https:\/\/prensa.sma.gob.ar\/wp-content\/uploads\/2024\/12\/NAVIDAD-PLAZA-SAN-MARTIN-2-1068x601.jpg 1068w, https:\/\/prensa.sma.gob.ar\/wp-content\/uploads\/2024\/12\/NAVIDAD-PLAZA-SAN-MARTIN-2.jpg 1600w\" sizes=\"auto, (max-width: 1024px) 100vw, 1024px\" \/><\/figure>\n\n\n\n<figure class=\"wp-block-image size-large\"><img loading=\"lazy\" decoding=\"async\" width=\"1024\" height=\"602\" data-id=\"4467\" src=\"https:\/\/prensa.sma.gob.ar\/wp-content\/uploads\/2024\/12\/WhatsApp-Image-2024-12-21-at-18.52.26-1024x602.jpeg\" alt=\"\" class=\"wp-image-4467\" srcset=\"https:\/\/prensa.sma.gob.ar\/wp-content\/uploads\/2024\/12\/WhatsApp-Image-2024-12-21-at-18.52.26-1024x602.jpeg 1024w, https:\/\/prensa.sma.gob.ar\/wp-content\/uploads\/2024\/12\/WhatsApp-Image-2024-12-21-at-18.52.26-300x176.jpeg 300w, https:\/\/prensa.sma.gob.ar\/wp-content\/uploads\/2024\/12\/WhatsApp-Image-2024-12-21-at-18.52.26-768x451.jpeg 768w, https:\/\/prensa.sma.gob.ar\/wp-content\/uploads\/2024\/12\/WhatsApp-Image-2024-12-21-at-18.52.26-715x420.jpeg 715w, https:\/\/prensa.sma.gob.ar\/wp-content\/uploads\/2024\/12\/WhatsApp-Image-2024-12-21-at-18.52.26-696x409.jpeg 696w, https:\/\/prensa.sma.gob.ar\/wp-content\/uploads\/2024\/12\/WhatsApp-Image-2024-12-21-at-18.52.26-1068x627.jpeg 1068w, https:\/\/prensa.sma.gob.ar\/wp-content\/uploads\/2024\/12\/WhatsApp-Image-2024-12-21-at-18.52.26.jpeg 1280w\" sizes=\"auto, (max-width: 1024px) 100vw, 1024px\" \/><\/figure>\n\n\n\n<figure class=\"wp-block-image size-large\"><img loading=\"lazy\" decoding=\"async\" width=\"1024\" height=\"576\" data-id=\"4466\" src=\"https:\/\/prensa.sma.gob.ar\/wp-content\/uploads\/2024\/12\/WhatsApp-Image-2024-12-21-at-20.06.51-1024x576.jpeg\" alt=\"\" class=\"wp-image-4466\" srcset=\"https:\/\/prensa.sma.gob.ar\/wp-content\/uploads\/2024\/12\/WhatsApp-Image-2024-12-21-at-20.06.51-1024x576.jpeg 1024w, https:\/\/prensa.sma.gob.ar\/wp-content\/uploads\/2024\/12\/WhatsApp-Image-2024-12-21-at-20.06.51-300x169.jpeg 300w, https:\/\/prensa.sma.gob.ar\/wp-content\/uploads\/2024\/12\/WhatsApp-Image-2024-12-21-at-20.06.51-768x432.jpeg 768w, https:\/\/prensa.sma.gob.ar\/wp-content\/uploads\/2024\/12\/WhatsApp-Image-2024-12-21-at-20.06.51-1536x864.jpeg 1536w, https:\/\/prensa.sma.gob.ar\/wp-content\/uploads\/2024\/12\/WhatsApp-Image-2024-12-21-at-20.06.51-747x420.jpeg 747w, https:\/\/prensa.sma.gob.ar\/wp-content\/uploads\/2024\/12\/WhatsApp-Image-2024-12-21-at-20.06.51-696x392.jpeg 696w, https:\/\/prensa.sma.gob.ar\/wp-content\/uploads\/2024\/12\/WhatsApp-Image-2024-12-21-at-20.06.51-1068x601.jpeg 1068w, https:\/\/prensa.sma.gob.ar\/wp-content\/uploads\/2024\/12\/WhatsApp-Image-2024-12-21-at-20.06.51.jpeg 1600w\" sizes=\"auto, (max-width: 1024px) 100vw, 1024px\" \/><\/figure>\n<\/figure>\n\n\n\n<p>Este domingo se realiz\u00f3 el encendido del pino en el barrio El Arenal, donde las vecinas y los vecinos participaron de un show musical y la iluminaci\u00f3n del pino en la plaza ubicada frente al edificio municipal de la Oficina de Empleo.<\/p>\n\n\n\n<figure class=\"wp-block-gallery has-nested-images columns-default is-cropped wp-block-gallery-2 is-layout-flex wp-block-gallery-is-layout-flex\">\n<figure class=\"wp-block-image size-large\"><img loading=\"lazy\" decoding=\"async\" width=\"730\" height=\"1024\" data-id=\"4475\" src=\"https:\/\/prensa.sma.gob.ar\/wp-content\/uploads\/2024\/12\/WhatsApp-Image-2024-12-22-at-23.00.58-730x1024.jpeg\" alt=\"\" class=\"wp-image-4475\" srcset=\"https:\/\/prensa.sma.gob.ar\/wp-content\/uploads\/2024\/12\/WhatsApp-Image-2024-12-22-at-23.00.58-730x1024.jpeg 730w, https:\/\/prensa.sma.gob.ar\/wp-content\/uploads\/2024\/12\/WhatsApp-Image-2024-12-22-at-23.00.58-214x300.jpeg 214w, https:\/\/prensa.sma.gob.ar\/wp-content\/uploads\/2024\/12\/WhatsApp-Image-2024-12-22-at-23.00.58-768x1077.jpeg 768w, https:\/\/prensa.sma.gob.ar\/wp-content\/uploads\/2024\/12\/WhatsApp-Image-2024-12-22-at-23.00.58-1095x1536.jpeg 1095w, https:\/\/prensa.sma.gob.ar\/wp-content\/uploads\/2024\/12\/WhatsApp-Image-2024-12-22-at-23.00.58-1460x2048.jpeg 1460w, https:\/\/prensa.sma.gob.ar\/wp-content\/uploads\/2024\/12\/WhatsApp-Image-2024-12-22-at-23.00.58-299x420.jpeg 299w, https:\/\/prensa.sma.gob.ar\/wp-content\/uploads\/2024\/12\/WhatsApp-Image-2024-12-22-at-23.00.58-696x976.jpeg 696w, https:\/\/prensa.sma.gob.ar\/wp-content\/uploads\/2024\/12\/WhatsApp-Image-2024-12-22-at-23.00.58-1068x1498.jpeg 1068w, https:\/\/prensa.sma.gob.ar\/wp-content\/uploads\/2024\/12\/WhatsApp-Image-2024-12-22-at-23.00.58-1920x2693.jpeg 1920w, https:\/\/prensa.sma.gob.ar\/wp-content\/uploads\/2024\/12\/WhatsApp-Image-2024-12-22-at-23.00.58-scaled.jpeg 1825w\" sizes=\"auto, (max-width: 730px) 100vw, 730px\" \/><\/figure>\n\n\n\n<figure class=\"wp-block-image size-large\"><img loading=\"lazy\" decoding=\"async\" width=\"576\" height=\"1024\" data-id=\"4474\" src=\"https:\/\/prensa.sma.gob.ar\/wp-content\/uploads\/2024\/12\/WhatsApp-Image-2024-12-19-at-09.42.48-576x1024.jpeg\" alt=\"\" class=\"wp-image-4474\" srcset=\"https:\/\/prensa.sma.gob.ar\/wp-content\/uploads\/2024\/12\/WhatsApp-Image-2024-12-19-at-09.42.48-576x1024.jpeg 576w, https:\/\/prensa.sma.gob.ar\/wp-content\/uploads\/2024\/12\/WhatsApp-Image-2024-12-19-at-09.42.48-169x300.jpeg 169w, https:\/\/prensa.sma.gob.ar\/wp-content\/uploads\/2024\/12\/WhatsApp-Image-2024-12-19-at-09.42.48-236x420.jpeg 236w, https:\/\/prensa.sma.gob.ar\/wp-content\/uploads\/2024\/12\/WhatsApp-Image-2024-12-19-at-09.42.48-696x1237.jpeg 696w, https:\/\/prensa.sma.gob.ar\/wp-content\/uploads\/2024\/12\/WhatsApp-Image-2024-12-19-at-09.42.48.jpeg 720w\" sizes=\"auto, (max-width: 576px) 100vw, 576px\" \/><\/figure>\n\n\n\n<figure class=\"wp-block-image size-large\"><img loading=\"lazy\" decoding=\"async\" width=\"576\" height=\"1024\" data-id=\"4464\" src=\"https:\/\/prensa.sma.gob.ar\/wp-content\/uploads\/2024\/12\/NAVIDAD-PLAZA-SAN-MARTIN-3-576x1024.jpg\" alt=\"\" class=\"wp-image-4464\" srcset=\"https:\/\/prensa.sma.gob.ar\/wp-content\/uploads\/2024\/12\/NAVIDAD-PLAZA-SAN-MARTIN-3-576x1024.jpg 576w, https:\/\/prensa.sma.gob.ar\/wp-content\/uploads\/2024\/12\/NAVIDAD-PLAZA-SAN-MARTIN-3-169x300.jpg 169w, https:\/\/prensa.sma.gob.ar\/wp-content\/uploads\/2024\/12\/NAVIDAD-PLAZA-SAN-MARTIN-3-768x1365.jpg 768w, https:\/\/prensa.sma.gob.ar\/wp-content\/uploads\/2024\/12\/NAVIDAD-PLAZA-SAN-MARTIN-3-864x1536.jpg 864w, https:\/\/prensa.sma.gob.ar\/wp-content\/uploads\/2024\/12\/NAVIDAD-PLAZA-SAN-MARTIN-3-236x420.jpg 236w, https:\/\/prensa.sma.gob.ar\/wp-content\/uploads\/2024\/12\/NAVIDAD-PLAZA-SAN-MARTIN-3-696x1237.jpg 696w, https:\/\/prensa.sma.gob.ar\/wp-content\/uploads\/2024\/12\/NAVIDAD-PLAZA-SAN-MARTIN-3.jpg 900w\" sizes=\"auto, (max-width: 576px) 100vw, 576px\" \/><\/figure>\n<\/figure>\n\n\n\n<p>Tambi\u00e9n celebraron su navidad las vecinas y vecinos del barrio Cantera, con actividades infantiles, presencia de Bomberos Voluntarios, y cosas dulces para compartir, organizada por la Comisi\u00f3n Vecinal.<\/p>\n\n\n\n<p>En Chacra 32 se instal\u00f3 el pino navide\u00f1o y este lunes desde las 15 se celebrar\u00e1 en Chacra 4, en el play\u00f3n junto al Cpem 28.<\/p>\n\n\n\n<figure class=\"wp-block-gallery has-nested-images columns-default is-cropped wp-block-gallery-3 is-layout-flex wp-block-gallery-is-layout-flex\">\n<figure class=\"wp-block-image size-large\"><img loading=\"lazy\" decoding=\"async\" width=\"1024\" height=\"1024\" data-id=\"4460\" src=\"https:\/\/prensa.sma.gob.ar\/wp-content\/uploads\/2024\/12\/NAVIDAD-CANTERA-3-1024x1024.jpg\" alt=\"\" class=\"wp-image-4460\" srcset=\"https:\/\/prensa.sma.gob.ar\/wp-content\/uploads\/2024\/12\/NAVIDAD-CANTERA-3-1024x1024.jpg 1024w, https:\/\/prensa.sma.gob.ar\/wp-content\/uploads\/2024\/12\/NAVIDAD-CANTERA-3-300x300.jpg 300w, https:\/\/prensa.sma.gob.ar\/wp-content\/uploads\/2024\/12\/NAVIDAD-CANTERA-3-150x150.jpg 150w, https:\/\/prensa.sma.gob.ar\/wp-content\/uploads\/2024\/12\/NAVIDAD-CANTERA-3-768x768.jpg 768w, https:\/\/prensa.sma.gob.ar\/wp-content\/uploads\/2024\/12\/NAVIDAD-CANTERA-3-420x420.jpg 420w, https:\/\/prensa.sma.gob.ar\/wp-content\/uploads\/2024\/12\/NAVIDAD-CANTERA-3-696x696.jpg 696w, https:\/\/prensa.sma.gob.ar\/wp-content\/uploads\/2024\/12\/NAVIDAD-CANTERA-3-1068x1068.jpg 1068w, https:\/\/prensa.sma.gob.ar\/wp-content\/uploads\/2024\/12\/NAVIDAD-CANTERA-3.jpg 1080w\" sizes=\"auto, (max-width: 1024px) 100vw, 1024px\" \/><\/figure>\n\n\n\n<figure class=\"wp-block-image size-large\"><img loading=\"lazy\" decoding=\"async\" width=\"1024\" height=\"1024\" data-id=\"4458\" src=\"https:\/\/prensa.sma.gob.ar\/wp-content\/uploads\/2024\/12\/NAVIDAD-CANTERA-1-1024x1024.jpg\" alt=\"\" class=\"wp-image-4458\" srcset=\"https:\/\/prensa.sma.gob.ar\/wp-content\/uploads\/2024\/12\/NAVIDAD-CANTERA-1-1024x1024.jpg 1024w, https:\/\/prensa.sma.gob.ar\/wp-content\/uploads\/2024\/12\/NAVIDAD-CANTERA-1-300x300.jpg 300w, https:\/\/prensa.sma.gob.ar\/wp-content\/uploads\/2024\/12\/NAVIDAD-CANTERA-1-150x150.jpg 150w, https:\/\/prensa.sma.gob.ar\/wp-content\/uploads\/2024\/12\/NAVIDAD-CANTERA-1-768x768.jpg 768w, https:\/\/prensa.sma.gob.ar\/wp-content\/uploads\/2024\/12\/NAVIDAD-CANTERA-1-420x420.jpg 420w, https:\/\/prensa.sma.gob.ar\/wp-content\/uploads\/2024\/12\/NAVIDAD-CANTERA-1-696x696.jpg 696w, https:\/\/prensa.sma.gob.ar\/wp-content\/uploads\/2024\/12\/NAVIDAD-CANTERA-1-1068x1068.jpg 1068w, https:\/\/prensa.sma.gob.ar\/wp-content\/uploads\/2024\/12\/NAVIDAD-CANTERA-1.jpg 1080w\" sizes=\"auto, (max-width: 1024px) 100vw, 1024px\" \/><\/figure>\n\n\n\n<figure class=\"wp-block-image size-large\"><img loading=\"lazy\" decoding=\"async\" width=\"1024\" height=\"549\" data-id=\"4469\" src=\"https:\/\/prensa.sma.gob.ar\/wp-content\/uploads\/2024\/12\/WhatsApp-Image-2024-12-21-at-19.10.04-1024x549.jpeg\" alt=\"\" class=\"wp-image-4469\" srcset=\"https:\/\/prensa.sma.gob.ar\/wp-content\/uploads\/2024\/12\/WhatsApp-Image-2024-12-21-at-19.10.04-1024x549.jpeg 1024w, https:\/\/prensa.sma.gob.ar\/wp-content\/uploads\/2024\/12\/WhatsApp-Image-2024-12-21-at-19.10.04-300x161.jpeg 300w, https:\/\/prensa.sma.gob.ar\/wp-content\/uploads\/2024\/12\/WhatsApp-Image-2024-12-21-at-19.10.04-768x412.jpeg 768w, https:\/\/prensa.sma.gob.ar\/wp-content\/uploads\/2024\/12\/WhatsApp-Image-2024-12-21-at-19.10.04-1536x824.jpeg 1536w, https:\/\/prensa.sma.gob.ar\/wp-content\/uploads\/2024\/12\/WhatsApp-Image-2024-12-21-at-19.10.04-783x420.jpeg 783w, https:\/\/prensa.sma.gob.ar\/wp-content\/uploads\/2024\/12\/WhatsApp-Image-2024-12-21-at-19.10.04-696x373.jpeg 696w, https:\/\/prensa.sma.gob.ar\/wp-content\/uploads\/2024\/12\/WhatsApp-Image-2024-12-21-at-19.10.04-1068x573.jpeg 1068w, https:\/\/prensa.sma.gob.ar\/wp-content\/uploads\/2024\/12\/WhatsApp-Image-2024-12-21-at-19.10.04.jpeg 1600w\" sizes=\"auto, (max-width: 1024px) 100vw, 1024px\" \/><\/figure>\n\n\n\n<figure class=\"wp-block-image size-large\"><img loading=\"lazy\" decoding=\"async\" width=\"1024\" height=\"576\" data-id=\"4466\" src=\"https:\/\/prensa.sma.gob.ar\/wp-content\/uploads\/2024\/12\/WhatsApp-Image-2024-12-21-at-20.06.51-1024x576.jpeg\" alt=\"\" class=\"wp-image-4466\" srcset=\"https:\/\/prensa.sma.gob.ar\/wp-content\/uploads\/2024\/12\/WhatsApp-Image-2024-12-21-at-20.06.51-1024x576.jpeg 1024w, https:\/\/prensa.sma.gob.ar\/wp-content\/uploads\/2024\/12\/WhatsApp-Image-2024-12-21-at-20.06.51-300x169.jpeg 300w, https:\/\/prensa.sma.gob.ar\/wp-content\/uploads\/2024\/12\/WhatsApp-Image-2024-12-21-at-20.06.51-768x432.jpeg 768w, https:\/\/prensa.sma.gob.ar\/wp-content\/uploads\/2024\/12\/WhatsApp-Image-2024-12-21-at-20.06.51-1536x864.jpeg 1536w, https:\/\/prensa.sma.gob.ar\/wp-content\/uploads\/2024\/12\/WhatsApp-Image-2024-12-21-at-20.06.51-747x420.jpeg 747w, https:\/\/prensa.sma.gob.ar\/wp-content\/uploads\/2024\/12\/WhatsApp-Image-2024-12-21-at-20.06.51-696x392.jpeg 696w, https:\/\/prensa.sma.gob.ar\/wp-content\/uploads\/2024\/12\/WhatsApp-Image-2024-12-21-at-20.06.51-1068x601.jpeg 1068w, https:\/\/prensa.sma.gob.ar\/wp-content\/uploads\/2024\/12\/WhatsApp-Image-2024-12-21-at-20.06.51.jpeg 1600w\" sizes=\"auto, (max-width: 1024px) 100vw, 1024px\" \/><\/figure>\n\n\n\n<figure class=\"wp-block-image size-large\"><img loading=\"lazy\" decoding=\"async\" width=\"1024\" height=\"1024\" data-id=\"4461\" src=\"https:\/\/prensa.sma.gob.ar\/wp-content\/uploads\/2024\/12\/NAVIDAD-CANTERA-4-1024x1024.jpg\" alt=\"\" class=\"wp-image-4461\" srcset=\"https:\/\/prensa.sma.gob.ar\/wp-content\/uploads\/2024\/12\/NAVIDAD-CANTERA-4-1024x1024.jpg 1024w, https:\/\/prensa.sma.gob.ar\/wp-content\/uploads\/2024\/12\/NAVIDAD-CANTERA-4-300x300.jpg 300w, https:\/\/prensa.sma.gob.ar\/wp-content\/uploads\/2024\/12\/NAVIDAD-CANTERA-4-150x150.jpg 150w, https:\/\/prensa.sma.gob.ar\/wp-content\/uploads\/2024\/12\/NAVIDAD-CANTERA-4-768x768.jpg 768w, https:\/\/prensa.sma.gob.ar\/wp-content\/uploads\/2024\/12\/NAVIDAD-CANTERA-4-420x420.jpg 420w, https:\/\/prensa.sma.gob.ar\/wp-content\/uploads\/2024\/12\/NAVIDAD-CANTERA-4-696x696.jpg 696w, https:\/\/prensa.sma.gob.ar\/wp-content\/uploads\/2024\/12\/NAVIDAD-CANTERA-4-1068x1068.jpg 1068w, https:\/\/prensa.sma.gob.ar\/wp-content\/uploads\/2024\/12\/NAVIDAD-CANTERA-4.jpg 1080w\" sizes=\"auto, (max-width: 1024px) 100vw, 1024px\" \/><\/figure>\n\n\n\n<figure class=\"wp-block-image size-large\"><img loading=\"lazy\" decoding=\"async\" width=\"576\" height=\"1024\" data-id=\"4464\" src=\"https:\/\/prensa.sma.gob.ar\/wp-content\/uploads\/2024\/12\/NAVIDAD-PLAZA-SAN-MARTIN-3-576x1024.jpg\" alt=\"\" class=\"wp-image-4464\" srcset=\"https:\/\/prensa.sma.gob.ar\/wp-content\/uploads\/2024\/12\/NAVIDAD-PLAZA-SAN-MARTIN-3-576x1024.jpg 576w, https:\/\/prensa.sma.gob.ar\/wp-content\/uploads\/2024\/12\/NAVIDAD-PLAZA-SAN-MARTIN-3-169x300.jpg 169w, https:\/\/prensa.sma.gob.ar\/wp-content\/uploads\/2024\/12\/NAVIDAD-PLAZA-SAN-MARTIN-3-768x1365.jpg 768w, https:\/\/prensa.sma.gob.ar\/wp-content\/uploads\/2024\/12\/NAVIDAD-PLAZA-SAN-MARTIN-3-864x1536.jpg 864w, https:\/\/prensa.sma.gob.ar\/wp-content\/uploads\/2024\/12\/NAVIDAD-PLAZA-SAN-MARTIN-3-236x420.jpg 236w, https:\/\/prensa.sma.gob.ar\/wp-content\/uploads\/2024\/12\/NAVIDAD-PLAZA-SAN-MARTIN-3-696x1237.jpg 696w, https:\/\/prensa.sma.gob.ar\/wp-content\/uploads\/2024\/12\/NAVIDAD-PLAZA-SAN-MARTIN-3.jpg 900w\" sizes=\"auto, (max-width: 576px) 100vw, 576px\" \/><\/figure>\n<\/figure>\n","protected":false},"excerpt":{"rendered":"<p>San Mart\u00edn de los Andes vivi\u00f3 este fin de semana la Navidad Cordillerana que incluy\u00f3, el s\u00e1bado, el encendido del pino de la Plaza San Mart\u00edn. Cientos de personas participaron desde la tarde de una jornada que incluy\u00f3 m\u00fasica en vivo, espect\u00e1culos de circo, la presencia de Pap\u00e1 Noel y la Feria de Emprendedores. Este [&hellip;]<\/p>\n","protected":false},"author":2,"featured_media":4465,"comment_status":"closed","ping_status":"open","sticky":false,"template":"","format":"standard","meta":{"footnotes":""},"categories":[16,39,14,17,38],"tags":[],"class_list":{"0":"post-4456","1":"post","2":"type-post","3":"status-publish","4":"format-standard","5":"has-post-thumbnail","7":"category-destacadas","8":"category-subs-juntas-vecinales","9":"category-noticias","10":"category-portada","11":"category-subsecretaria-produccion-empleo-y-juventud"},"_links":{"self":[{"href":"https:\/\/prensa.sma.gob.ar\/index.php?rest_route=\/wp\/v2\/posts\/4456","targetHints":{"allow":["GET"]}}],"collection":[{"href":"https:\/\/prensa.sma.gob.ar\/index.php?rest_route=\/wp\/v2\/posts"}],"about":[{"href":"https:\/\/prensa.sma.gob.ar\/index.php?rest_route=\/wp\/v2\/types\/post"}],"author":[{"embeddable":true,"href":"https:\/\/prensa.sma.gob.ar\/index.php?rest_route=\/wp\/v2\/users\/2"}],"replies":[{"embeddable":true,"href":"https:\/\/prensa.sma.gob.ar\/index.php?rest_route=%2Fwp%2Fv2%2Fcomments&post=4456"}],"version-history":[{"count":1,"href":"https:\/\/prensa.sma.gob.ar\/index.php?rest_route=\/wp\/v2\/posts\/4456\/revisions"}],"predecessor-version":[{"id":4476,"href":"https:\/\/prensa.sma.gob.ar\/index.php?rest_route=\/wp\/v2\/posts\/4456\/revisions\/4476"}],"wp:featuredmedia":[{"embeddable":true,"href":"https:\/\/prensa.sma.gob.ar\/index.php?rest_route=\/wp\/v2\/media\/4465"}],"wp:attachment":[{"href":"https:\/\/prensa.sma.gob.ar\/index.php?rest_route=%2Fwp%2Fv2%2Fmedia&parent=4456"}],"wp:term":[{"taxonomy":"category","embeddable":true,"href":"https:\/\/prensa.sma.gob.ar\/index.php?rest_route=%2Fwp%2Fv2%2Fcategories&post=4456"},{"taxonomy":"post_tag","embeddable":true,"href":"https:\/\/prensa.sma.gob.ar\/index.php?rest_route=%2Fwp%2Fv2%2Ftags&post=4456"}],"curies":[{"name":"wp","href":"https:\/\/api.w.org\/{rel}","templated":true}]}}