{"id":4477,"date":"2024-12-23T14:13:24","date_gmt":"2024-12-23T14:13:24","guid":{"rendered":"https:\/\/prensa.sma.gob.ar\/?p=4477"},"modified":"2024-12-23T14:13:26","modified_gmt":"2024-12-23T14:13:26","slug":"el-taller-municipal-de-costura-participo-de-la-navidad-cordillerana","status":"publish","type":"post","link":"https:\/\/prensa.sma.gob.ar\/?p=4477","title":{"rendered":"El Taller Municipal de Costura particip\u00f3 de la Navidad Cordillerana"},"content":{"rendered":"\n<p>Alumnas del Taller Municipal de Costura, coordinado por la facilitadora Mercedes Sep\u00falveda, particip\u00f3 de la celebraci\u00f3n navide\u00f1a que este fin de semana se realiz\u00f3 en la Plaza San Mart\u00edn.<\/p>\n\n\n\n<p>El grupo comparti\u00f3 las calles lindantes a la plaza, junto a los productores locales, presentando una buena cantidad y variedad de los trabajos realizados durante el a\u00f1o.<\/p>\n\n\n\n<p>El equipo de la Direcci\u00f3n General de Educaci\u00f3n felicit\u00f3 a cada una de la participantes y su facilitadora por los resultados obtenidos a lo largo de este a\u00f1o, que se plasmaron en esta presentaci\u00f3n y en muestras p\u00fablicas realizadas en los \u00faltimos meses.<\/p>\n\n\n\n<p>El director de Educaci\u00f3n del Municipio y coordinador de talleres, Andr\u00e9s Aburto, destac\u00f3 que \u201ces muy importante sostener esta pol\u00edtica de talleres, d\u00f3nde los vecinos y vecinas aprenden un oficio y logran su propia producci\u00f3n, poni\u00e9ndole valor agregado al material y ofreciendo sus productos al p\u00fablico\u201d.<\/p>\n","protected":false},"excerpt":{"rendered":"<p>Alumnas del Taller Municipal de Costura, coordinado por la facilitadora Mercedes Sep\u00falveda, particip\u00f3 de la celebraci\u00f3n navide\u00f1a que este fin de semana se realiz\u00f3 en la Plaza San Mart\u00edn. El grupo comparti\u00f3 las calles lindantes a la plaza, junto a los productores locales, presentando una buena cantidad y variedad de los trabajos realizados durante el [&hellip;]<\/p>\n","protected":false},"author":1,"featured_media":4478,"comment_status":"closed","ping_status":"open","sticky":false,"template":"","format":"standard","meta":{"footnotes":""},"categories":[16,9,14],"tags":[],"class_list":{"0":"post-4477","1":"post","2":"type-post","3":"status-publish","4":"format-standard","5":"has-post-thumbnail","7":"category-destacadas","8":"category-educacion","9":"category-noticias"},"_links":{"self":[{"href":"https:\/\/prensa.sma.gob.ar\/index.php?rest_route=\/wp\/v2\/posts\/4477","targetHints":{"allow":["GET"]}}],"collection":[{"href":"https:\/\/prensa.sma.gob.ar\/index.php?rest_route=\/wp\/v2\/posts"}],"about":[{"href":"https:\/\/prensa.sma.gob.ar\/index.php?rest_route=\/wp\/v2\/types\/post"}],"author":[{"embeddable":true,"href":"https:\/\/prensa.sma.gob.ar\/index.php?rest_route=\/wp\/v2\/users\/1"}],"replies":[{"embeddable":true,"href":"https:\/\/prensa.sma.gob.ar\/index.php?rest_route=%2Fwp%2Fv2%2Fcomments&post=4477"}],"version-history":[{"count":1,"href":"https:\/\/prensa.sma.gob.ar\/index.php?rest_route=\/wp\/v2\/posts\/4477\/revisions"}],"predecessor-version":[{"id":4479,"href":"https:\/\/prensa.sma.gob.ar\/index.php?rest_route=\/wp\/v2\/posts\/4477\/revisions\/4479"}],"wp:featuredmedia":[{"embeddable":true,"href":"https:\/\/prensa.sma.gob.ar\/index.php?rest_route=\/wp\/v2\/media\/4478"}],"wp:attachment":[{"href":"https:\/\/prensa.sma.gob.ar\/index.php?rest_route=%2Fwp%2Fv2%2Fmedia&parent=4477"}],"wp:term":[{"taxonomy":"category","embeddable":true,"href":"https:\/\/prensa.sma.gob.ar\/index.php?rest_route=%2Fwp%2Fv2%2Fcategories&post=4477"},{"taxonomy":"post_tag","embeddable":true,"href":"https:\/\/prensa.sma.gob.ar\/index.php?rest_route=%2Fwp%2Fv2%2Ftags&post=4477"}],"curies":[{"name":"wp","href":"https:\/\/api.w.org\/{rel}","templated":true}]}}