{"id":4480,"date":"2024-12-23T14:48:47","date_gmt":"2024-12-23T14:48:47","guid":{"rendered":"https:\/\/prensa.sma.gob.ar\/?p=4480"},"modified":"2024-12-27T03:52:12","modified_gmt":"2024-12-27T03:52:12","slug":"el-municipio-adquirio-dos-sillas-anfibias-para-uso-de-personas-con-discapacidad","status":"publish","type":"post","link":"https:\/\/prensa.sma.gob.ar\/?p=4480","title":{"rendered":"Las playas municipales ya cuentan con sillas anfibias propias"},"content":{"rendered":"\n<p>El Municipio ya tiene en uso las dos sillas anfibias recientemente adquiridas, que permiten playas accesibles a la comunidad de San Mart\u00edn de los Andes y quienes nos visitan.<\/p>\n\n\n\n<p>La compra se realiz\u00f3, en el marco del Consejo de Discapacidad, a trav\u00e9s de la Secretar\u00eda de Gobierno de la Municipalidad, mediante gestiones de la Subsecretaria de Gobierno, la Direcci\u00f3n de Seguridad Ciudadana y el Concejo Deliberante.<\/p>\n\n\n\n<p>La implementaci\u00f3n de las sillas anfibias mejora la calidad de vida, impacta positivamente en la salud y favorece la integraci\u00f3n familiar y social de quienes poseen limitaciones para movilizarse en las playas.<\/p>\n\n\n\n<p>Est\u00e1s sillas anfibias est\u00e1n a cargo del plantel de Guardavidas a disposici\u00f3n de la comunidad en las playas de la Costanera del Lago Lacar y en Playa Bonita, como parte de las tareas para lograr playas m\u00e1s inclusivas.<\/p>\n\n\n\n<p>El servicio de seguridad en ambas playas es de 12.00 a 18.00 hrs hasta el 31 de diciembre, mientras que en los meses de enero y febrero 2025 ser\u00e1 de 14.00 a 20.00 hrs.<\/p>\n\n\n\n<figure class=\"wp-block-gallery has-nested-images columns-default is-cropped wp-block-gallery-1 is-layout-flex wp-block-gallery-is-layout-flex\">\n<figure class=\"wp-block-image size-large\"><img loading=\"lazy\" decoding=\"async\" width=\"1024\" height=\"575\" data-id=\"4542\" src=\"https:\/\/prensa.sma.gob.ar\/wp-content\/uploads\/2024\/12\/WhatsApp-Image-2024-12-26-at-15.15.37-1024x575.jpeg\" alt=\"\" class=\"wp-image-4542\" srcset=\"https:\/\/prensa.sma.gob.ar\/wp-content\/uploads\/2024\/12\/WhatsApp-Image-2024-12-26-at-15.15.37-1024x575.jpeg 1024w, https:\/\/prensa.sma.gob.ar\/wp-content\/uploads\/2024\/12\/WhatsApp-Image-2024-12-26-at-15.15.37-300x169.jpeg 300w, https:\/\/prensa.sma.gob.ar\/wp-content\/uploads\/2024\/12\/WhatsApp-Image-2024-12-26-at-15.15.37-768x432.jpeg 768w, https:\/\/prensa.sma.gob.ar\/wp-content\/uploads\/2024\/12\/WhatsApp-Image-2024-12-26-at-15.15.37-1536x863.jpeg 1536w, https:\/\/prensa.sma.gob.ar\/wp-content\/uploads\/2024\/12\/WhatsApp-Image-2024-12-26-at-15.15.37-747x420.jpeg 747w, https:\/\/prensa.sma.gob.ar\/wp-content\/uploads\/2024\/12\/WhatsApp-Image-2024-12-26-at-15.15.37-696x391.jpeg 696w, https:\/\/prensa.sma.gob.ar\/wp-content\/uploads\/2024\/12\/WhatsApp-Image-2024-12-26-at-15.15.37-1068x600.jpeg 1068w, https:\/\/prensa.sma.gob.ar\/wp-content\/uploads\/2024\/12\/WhatsApp-Image-2024-12-26-at-15.15.37.jpeg 1600w\" sizes=\"auto, (max-width: 1024px) 100vw, 1024px\" \/><\/figure>\n\n\n\n<figure class=\"wp-block-image size-large\"><img loading=\"lazy\" decoding=\"async\" width=\"1024\" height=\"575\" data-id=\"4541\" src=\"https:\/\/prensa.sma.gob.ar\/wp-content\/uploads\/2024\/12\/WhatsApp-Image-2024-12-26-at-15.15.371-1024x575.jpeg\" alt=\"\" class=\"wp-image-4541\" srcset=\"https:\/\/prensa.sma.gob.ar\/wp-content\/uploads\/2024\/12\/WhatsApp-Image-2024-12-26-at-15.15.371-1024x575.jpeg 1024w, https:\/\/prensa.sma.gob.ar\/wp-content\/uploads\/2024\/12\/WhatsApp-Image-2024-12-26-at-15.15.371-300x169.jpeg 300w, https:\/\/prensa.sma.gob.ar\/wp-content\/uploads\/2024\/12\/WhatsApp-Image-2024-12-26-at-15.15.371-768x432.jpeg 768w, https:\/\/prensa.sma.gob.ar\/wp-content\/uploads\/2024\/12\/WhatsApp-Image-2024-12-26-at-15.15.371-1536x863.jpeg 1536w, https:\/\/prensa.sma.gob.ar\/wp-content\/uploads\/2024\/12\/WhatsApp-Image-2024-12-26-at-15.15.371-747x420.jpeg 747w, https:\/\/prensa.sma.gob.ar\/wp-content\/uploads\/2024\/12\/WhatsApp-Image-2024-12-26-at-15.15.371-696x391.jpeg 696w, https:\/\/prensa.sma.gob.ar\/wp-content\/uploads\/2024\/12\/WhatsApp-Image-2024-12-26-at-15.15.371-1068x600.jpeg 1068w, https:\/\/prensa.sma.gob.ar\/wp-content\/uploads\/2024\/12\/WhatsApp-Image-2024-12-26-at-15.15.371.jpeg 1600w\" sizes=\"auto, (max-width: 1024px) 100vw, 1024px\" \/><\/figure>\n\n\n\n<figure class=\"wp-block-image size-large\"><img loading=\"lazy\" decoding=\"async\" width=\"1024\" height=\"575\" data-id=\"4540\" src=\"https:\/\/prensa.sma.gob.ar\/wp-content\/uploads\/2024\/12\/WhatsApp-Image-2024-12-26-at-15.15.372-1024x575.jpeg\" alt=\"\" class=\"wp-image-4540\" srcset=\"https:\/\/prensa.sma.gob.ar\/wp-content\/uploads\/2024\/12\/WhatsApp-Image-2024-12-26-at-15.15.372-1024x575.jpeg 1024w, https:\/\/prensa.sma.gob.ar\/wp-content\/uploads\/2024\/12\/WhatsApp-Image-2024-12-26-at-15.15.372-300x169.jpeg 300w, https:\/\/prensa.sma.gob.ar\/wp-content\/uploads\/2024\/12\/WhatsApp-Image-2024-12-26-at-15.15.372-768x432.jpeg 768w, https:\/\/prensa.sma.gob.ar\/wp-content\/uploads\/2024\/12\/WhatsApp-Image-2024-12-26-at-15.15.372-1536x863.jpeg 1536w, https:\/\/prensa.sma.gob.ar\/wp-content\/uploads\/2024\/12\/WhatsApp-Image-2024-12-26-at-15.15.372-747x420.jpeg 747w, https:\/\/prensa.sma.gob.ar\/wp-content\/uploads\/2024\/12\/WhatsApp-Image-2024-12-26-at-15.15.372-696x391.jpeg 696w, https:\/\/prensa.sma.gob.ar\/wp-content\/uploads\/2024\/12\/WhatsApp-Image-2024-12-26-at-15.15.372-1068x600.jpeg 1068w, https:\/\/prensa.sma.gob.ar\/wp-content\/uploads\/2024\/12\/WhatsApp-Image-2024-12-26-at-15.15.372.jpeg 1600w\" sizes=\"auto, (max-width: 1024px) 100vw, 1024px\" \/><\/figure>\n\n\n\n<figure class=\"wp-block-image size-large\"><img loading=\"lazy\" decoding=\"async\" width=\"1024\" height=\"575\" data-id=\"4539\" src=\"https:\/\/prensa.sma.gob.ar\/wp-content\/uploads\/2024\/12\/WhatsApp-Image-2024-12-26-at-15.15.39-1024x575.jpeg\" alt=\"\" class=\"wp-image-4539\" srcset=\"https:\/\/prensa.sma.gob.ar\/wp-content\/uploads\/2024\/12\/WhatsApp-Image-2024-12-26-at-15.15.39-1024x575.jpeg 1024w, https:\/\/prensa.sma.gob.ar\/wp-content\/uploads\/2024\/12\/WhatsApp-Image-2024-12-26-at-15.15.39-300x169.jpeg 300w, https:\/\/prensa.sma.gob.ar\/wp-content\/uploads\/2024\/12\/WhatsApp-Image-2024-12-26-at-15.15.39-768x432.jpeg 768w, https:\/\/prensa.sma.gob.ar\/wp-content\/uploads\/2024\/12\/WhatsApp-Image-2024-12-26-at-15.15.39-1536x863.jpeg 1536w, https:\/\/prensa.sma.gob.ar\/wp-content\/uploads\/2024\/12\/WhatsApp-Image-2024-12-26-at-15.15.39-747x420.jpeg 747w, https:\/\/prensa.sma.gob.ar\/wp-content\/uploads\/2024\/12\/WhatsApp-Image-2024-12-26-at-15.15.39-696x391.jpeg 696w, https:\/\/prensa.sma.gob.ar\/wp-content\/uploads\/2024\/12\/WhatsApp-Image-2024-12-26-at-15.15.39-1068x600.jpeg 1068w, https:\/\/prensa.sma.gob.ar\/wp-content\/uploads\/2024\/12\/WhatsApp-Image-2024-12-26-at-15.15.39.jpeg 1600w\" sizes=\"auto, (max-width: 1024px) 100vw, 1024px\" \/><\/figure>\n\n\n\n<figure class=\"wp-block-image size-large\"><img loading=\"lazy\" decoding=\"async\" width=\"1024\" height=\"614\" data-id=\"4538\" src=\"https:\/\/prensa.sma.gob.ar\/wp-content\/uploads\/2024\/12\/WhatsApp-Image-2024-12-26-at-15.15.391-1024x614.jpeg\" alt=\"\" class=\"wp-image-4538\" srcset=\"https:\/\/prensa.sma.gob.ar\/wp-content\/uploads\/2024\/12\/WhatsApp-Image-2024-12-26-at-15.15.391-1024x614.jpeg 1024w, https:\/\/prensa.sma.gob.ar\/wp-content\/uploads\/2024\/12\/WhatsApp-Image-2024-12-26-at-15.15.391-300x180.jpeg 300w, https:\/\/prensa.sma.gob.ar\/wp-content\/uploads\/2024\/12\/WhatsApp-Image-2024-12-26-at-15.15.391-768x461.jpeg 768w, https:\/\/prensa.sma.gob.ar\/wp-content\/uploads\/2024\/12\/WhatsApp-Image-2024-12-26-at-15.15.391-1536x922.jpeg 1536w, https:\/\/prensa.sma.gob.ar\/wp-content\/uploads\/2024\/12\/WhatsApp-Image-2024-12-26-at-15.15.391-700x420.jpeg 700w, https:\/\/prensa.sma.gob.ar\/wp-content\/uploads\/2024\/12\/WhatsApp-Image-2024-12-26-at-15.15.391-696x418.jpeg 696w, https:\/\/prensa.sma.gob.ar\/wp-content\/uploads\/2024\/12\/WhatsApp-Image-2024-12-26-at-15.15.391-1068x641.jpeg 1068w, https:\/\/prensa.sma.gob.ar\/wp-content\/uploads\/2024\/12\/WhatsApp-Image-2024-12-26-at-15.15.391.jpeg 1600w\" sizes=\"auto, (max-width: 1024px) 100vw, 1024px\" \/><\/figure>\n\n\n\n<figure class=\"wp-block-image size-large\"><img loading=\"lazy\" decoding=\"async\" width=\"1024\" height=\"618\" data-id=\"4537\" src=\"https:\/\/prensa.sma.gob.ar\/wp-content\/uploads\/2024\/12\/WhatsApp-Image-2024-12-26-at-15.15.392-1024x618.jpeg\" alt=\"\" class=\"wp-image-4537\" srcset=\"https:\/\/prensa.sma.gob.ar\/wp-content\/uploads\/2024\/12\/WhatsApp-Image-2024-12-26-at-15.15.392-1024x618.jpeg 1024w, https:\/\/prensa.sma.gob.ar\/wp-content\/uploads\/2024\/12\/WhatsApp-Image-2024-12-26-at-15.15.392-300x181.jpeg 300w, https:\/\/prensa.sma.gob.ar\/wp-content\/uploads\/2024\/12\/WhatsApp-Image-2024-12-26-at-15.15.392-768x463.jpeg 768w, https:\/\/prensa.sma.gob.ar\/wp-content\/uploads\/2024\/12\/WhatsApp-Image-2024-12-26-at-15.15.392-1536x926.jpeg 1536w, https:\/\/prensa.sma.gob.ar\/wp-content\/uploads\/2024\/12\/WhatsApp-Image-2024-12-26-at-15.15.392-696x420.jpeg 696w, https:\/\/prensa.sma.gob.ar\/wp-content\/uploads\/2024\/12\/WhatsApp-Image-2024-12-26-at-15.15.392-1068x644.jpeg 1068w, https:\/\/prensa.sma.gob.ar\/wp-content\/uploads\/2024\/12\/WhatsApp-Image-2024-12-26-at-15.15.392.jpeg 1600w\" sizes=\"auto, (max-width: 1024px) 100vw, 1024px\" \/><\/figure>\n<\/figure>\n\n\n\n<figure class=\"wp-block-gallery has-nested-images columns-default is-cropped wp-block-gallery-2 is-layout-flex wp-block-gallery-is-layout-flex\"><\/figure>\n","protected":false},"excerpt":{"rendered":"<p>El Municipio ya tiene en uso las dos sillas anfibias recientemente adquiridas, que permiten playas accesibles a la comunidad de San Mart\u00edn de los Andes y quienes nos visitan. La compra se realiz\u00f3, en el marco del Consejo de Discapacidad, a trav\u00e9s de la Secretar\u00eda de Gobierno de la Municipalidad, mediante gestiones de la Subsecretaria [&hellip;]<\/p>\n","protected":false},"author":1,"featured_media":4542,"comment_status":"closed","ping_status":"open","sticky":false,"template":"","format":"standard","meta":{"footnotes":""},"categories":[16,2,14,17],"tags":[],"class_list":{"0":"post-4480","1":"post","2":"type-post","3":"status-publish","4":"format-standard","5":"has-post-thumbnail","7":"category-destacadas","8":"category-discapacidad","9":"category-noticias","10":"category-portada"},"_links":{"self":[{"href":"https:\/\/prensa.sma.gob.ar\/index.php?rest_route=\/wp\/v2\/posts\/4480","targetHints":{"allow":["GET"]}}],"collection":[{"href":"https:\/\/prensa.sma.gob.ar\/index.php?rest_route=\/wp\/v2\/posts"}],"about":[{"href":"https:\/\/prensa.sma.gob.ar\/index.php?rest_route=\/wp\/v2\/types\/post"}],"author":[{"embeddable":true,"href":"https:\/\/prensa.sma.gob.ar\/index.php?rest_route=\/wp\/v2\/users\/1"}],"replies":[{"embeddable":true,"href":"https:\/\/prensa.sma.gob.ar\/index.php?rest_route=%2Fwp%2Fv2%2Fcomments&post=4480"}],"version-history":[{"count":3,"href":"https:\/\/prensa.sma.gob.ar\/index.php?rest_route=\/wp\/v2\/posts\/4480\/revisions"}],"predecessor-version":[{"id":4544,"href":"https:\/\/prensa.sma.gob.ar\/index.php?rest_route=\/wp\/v2\/posts\/4480\/revisions\/4544"}],"wp:featuredmedia":[{"embeddable":true,"href":"https:\/\/prensa.sma.gob.ar\/index.php?rest_route=\/wp\/v2\/media\/4542"}],"wp:attachment":[{"href":"https:\/\/prensa.sma.gob.ar\/index.php?rest_route=%2Fwp%2Fv2%2Fmedia&parent=4480"}],"wp:term":[{"taxonomy":"category","embeddable":true,"href":"https:\/\/prensa.sma.gob.ar\/index.php?rest_route=%2Fwp%2Fv2%2Fcategories&post=4480"},{"taxonomy":"post_tag","embeddable":true,"href":"https:\/\/prensa.sma.gob.ar\/index.php?rest_route=%2Fwp%2Fv2%2Ftags&post=4480"}],"curies":[{"name":"wp","href":"https:\/\/api.w.org\/{rel}","templated":true}]}}