{"id":4490,"date":"2024-12-26T14:24:47","date_gmt":"2024-12-26T14:24:47","guid":{"rendered":"https:\/\/prensa.sma.gob.ar\/?p=4490"},"modified":"2024-12-26T16:01:10","modified_gmt":"2024-12-26T16:01:10","slug":"casi-1500-personas-participaron-de-15-elecciones-vecinales-durante-2024","status":"publish","type":"post","link":"https:\/\/prensa.sma.gob.ar\/?p=4490","title":{"rendered":"Casi 1500 personas participaron de 15 elecciones vecinales durante 2024"},"content":{"rendered":"\n<p>Quince barrios eligieron durante 2024 a sus comisiones vecinales, muchos de ellos por primera vez y otros como parte de los procesos de renovaci\u00f3n de la representatividad de vecinas y vecinos.<\/p>\n\n\n\n<p>Durante el a\u00f1o que termina, el Municipio, a trav\u00e9s de la Subsecretar\u00eda de Juntas Vecinales, realiz\u00f3 16 llamados a elecciones, de los cuales se concretaron 15, con una participaci\u00f3n de 1493 personas, un promedio de asistencia de casi 100 por elecci\u00f3n.<\/p>\n\n\n\n<p>Este proceso se inscribe en el trabajo realizado durante todo este a\u00f1o por la Subsecretar\u00eda de Juntas Vecinales y en la decisi\u00f3n pol\u00edtica del intendente Carlos Saloniti de fortalecer este instrumento de participaci\u00f3n comunitaria.<\/p>\n\n\n\n<p>En varios casos, las elecciones fueron para volver a poner en marcha juntas vecinales que estaban inactivas y en otros casos se trat\u00f3 de renovaci\u00f3n de comisiones.<\/p>\n\n\n\n<figure class=\"wp-block-gallery has-nested-images columns-default is-cropped wp-block-gallery-1 is-layout-flex wp-block-gallery-is-layout-flex\">\n<figure class=\"wp-block-image size-large\"><img loading=\"lazy\" decoding=\"async\" width=\"720\" height=\"540\" data-id=\"4492\" src=\"https:\/\/prensa.sma.gob.ar\/wp-content\/uploads\/2024\/12\/BARRIO-6.jpg\" alt=\"\" class=\"wp-image-4492\" srcset=\"https:\/\/prensa.sma.gob.ar\/wp-content\/uploads\/2024\/12\/BARRIO-6.jpg 720w, https:\/\/prensa.sma.gob.ar\/wp-content\/uploads\/2024\/12\/BARRIO-6-300x225.jpg 300w, https:\/\/prensa.sma.gob.ar\/wp-content\/uploads\/2024\/12\/BARRIO-6-560x420.jpg 560w, https:\/\/prensa.sma.gob.ar\/wp-content\/uploads\/2024\/12\/BARRIO-6-80x60.jpg 80w, https:\/\/prensa.sma.gob.ar\/wp-content\/uploads\/2024\/12\/BARRIO-6-696x522.jpg 696w\" sizes=\"auto, (max-width: 720px) 100vw, 720px\" \/><\/figure>\n\n\n\n<figure class=\"wp-block-image size-large\"><img loading=\"lazy\" decoding=\"async\" width=\"1024\" height=\"768\" data-id=\"4494\" src=\"https:\/\/prensa.sma.gob.ar\/wp-content\/uploads\/2024\/12\/BARRIO-4-1024x768.jpg\" alt=\"\" class=\"wp-image-4494\" srcset=\"https:\/\/prensa.sma.gob.ar\/wp-content\/uploads\/2024\/12\/BARRIO-4-1024x768.jpg 1024w, https:\/\/prensa.sma.gob.ar\/wp-content\/uploads\/2024\/12\/BARRIO-4-300x225.jpg 300w, https:\/\/prensa.sma.gob.ar\/wp-content\/uploads\/2024\/12\/BARRIO-4-768x576.jpg 768w, https:\/\/prensa.sma.gob.ar\/wp-content\/uploads\/2024\/12\/BARRIO-4-560x420.jpg 560w, https:\/\/prensa.sma.gob.ar\/wp-content\/uploads\/2024\/12\/BARRIO-4-80x60.jpg 80w, https:\/\/prensa.sma.gob.ar\/wp-content\/uploads\/2024\/12\/BARRIO-4-696x522.jpg 696w, https:\/\/prensa.sma.gob.ar\/wp-content\/uploads\/2024\/12\/BARRIO-4-1068x801.jpg 1068w, https:\/\/prensa.sma.gob.ar\/wp-content\/uploads\/2024\/12\/BARRIO-4.jpg 1280w\" sizes=\"auto, (max-width: 1024px) 100vw, 1024px\" \/><\/figure>\n\n\n\n<figure class=\"wp-block-image size-large\"><img loading=\"lazy\" decoding=\"async\" width=\"1024\" height=\"768\" data-id=\"4496\" src=\"https:\/\/prensa.sma.gob.ar\/wp-content\/uploads\/2024\/12\/BARRIO-1-1024x768.jpg\" alt=\"\" class=\"wp-image-4496\" srcset=\"https:\/\/prensa.sma.gob.ar\/wp-content\/uploads\/2024\/12\/BARRIO-1-1024x768.jpg 1024w, https:\/\/prensa.sma.gob.ar\/wp-content\/uploads\/2024\/12\/BARRIO-1-300x225.jpg 300w, https:\/\/prensa.sma.gob.ar\/wp-content\/uploads\/2024\/12\/BARRIO-1-768x576.jpg 768w, https:\/\/prensa.sma.gob.ar\/wp-content\/uploads\/2024\/12\/BARRIO-1-560x420.jpg 560w, https:\/\/prensa.sma.gob.ar\/wp-content\/uploads\/2024\/12\/BARRIO-1-80x60.jpg 80w, https:\/\/prensa.sma.gob.ar\/wp-content\/uploads\/2024\/12\/BARRIO-1-696x522.jpg 696w, https:\/\/prensa.sma.gob.ar\/wp-content\/uploads\/2024\/12\/BARRIO-1-1068x801.jpg 1068w, https:\/\/prensa.sma.gob.ar\/wp-content\/uploads\/2024\/12\/BARRIO-1.jpg 1280w\" sizes=\"auto, (max-width: 1024px) 100vw, 1024px\" \/><\/figure>\n<\/figure>\n\n\n\n<p>Una de las particularidades de este a\u00f1o fue la aplicaci\u00f3n de la ordenanza que estableci\u00f3, en 2023, la creaci\u00f3n de siete nuevas juntas vecinales en Cordones del Chapelco, debido al crecimiento poblacional en las chacras 28, 30 y 32 y, de manera incipiente, en chacra 26. Este a\u00f1o se crearon comisiones vecinales en cuatro de las siete zonas previstas.<\/p>\n\n\n\n<p>Como lo se\u00f1ala la Ordenanza 14.410\/2023, el crecimiento de toda esa urbanizaci\u00f3n gener\u00f3 la necesidad de establecer comisiones vecinales en siete zonas donde antes hab\u00eda una \u00fanica jurisdicci\u00f3n.<\/p>\n\n\n\n<p>Procesos similares se observaron en Kaleuche, con dos juntas vecinales, la m\u00e1s antigua Kaleuche Bajo y la nueva Kaleuche Alto. Tambi\u00e9n sucedi\u00f3 algo similar con Callejones, que este a\u00f1o tuvo su primera comisi\u00f3n.<\/p>\n\n\n\n<p>As\u00ed, en la primera parte de este a\u00f1o hubo elecciones en Los Coirones, Los Manzanos y Santo Domingo (Zona V de Cordones del Chapelco); Altos del Sol; Las Nalcas, Balc\u00f3n de la Vega y Pinar del Sol (Zona 1 de Cordones); Los Riscos, Handell, Rapanui y La Lonja; Kaleuche Alto; y Vega Maip\u00fa y Nahuil\u00e9n.<\/p>\n\n\n\n<p>En el segundo semestre, hubo llamados en Ruca Hue; Los Radales; Valle de Chapelco (Zona VI de Cordones); Los Robles; Callejones de Torres, de D\u00edaz, de Salazar; Chacra 4 y La Islita; Alihuen Bajo; Kaleuche Bajo; Procrear y Balconada (Zona VII de Cordones).<\/p>\n\n\n\n<figure class=\"wp-block-gallery has-nested-images columns-default is-cropped wp-block-gallery-2 is-layout-flex wp-block-gallery-is-layout-flex\">\n<figure class=\"wp-block-image size-large\"><img loading=\"lazy\" decoding=\"async\" width=\"688\" height=\"938\" data-id=\"4497\" src=\"https:\/\/prensa.sma.gob.ar\/wp-content\/uploads\/2024\/12\/WhatsApp-Image-2024-11-24-at-20.58.10.jpeg\" alt=\"\" class=\"wp-image-4497\" srcset=\"https:\/\/prensa.sma.gob.ar\/wp-content\/uploads\/2024\/12\/WhatsApp-Image-2024-11-24-at-20.58.10.jpeg 688w, https:\/\/prensa.sma.gob.ar\/wp-content\/uploads\/2024\/12\/WhatsApp-Image-2024-11-24-at-20.58.10-220x300.jpeg 220w, https:\/\/prensa.sma.gob.ar\/wp-content\/uploads\/2024\/12\/WhatsApp-Image-2024-11-24-at-20.58.10-308x420.jpeg 308w\" sizes=\"auto, (max-width: 688px) 100vw, 688px\" \/><\/figure>\n\n\n\n<figure class=\"wp-block-image size-large\"><img loading=\"lazy\" decoding=\"async\" width=\"1024\" height=\"906\" data-id=\"4499\" src=\"https:\/\/prensa.sma.gob.ar\/wp-content\/uploads\/2024\/12\/RADALES-3-1024x906.jpg\" alt=\"\" class=\"wp-image-4499\" srcset=\"https:\/\/prensa.sma.gob.ar\/wp-content\/uploads\/2024\/12\/RADALES-3-1024x906.jpg 1024w, https:\/\/prensa.sma.gob.ar\/wp-content\/uploads\/2024\/12\/RADALES-3-300x266.jpg 300w, https:\/\/prensa.sma.gob.ar\/wp-content\/uploads\/2024\/12\/RADALES-3-768x680.jpg 768w, https:\/\/prensa.sma.gob.ar\/wp-content\/uploads\/2024\/12\/RADALES-3-475x420.jpg 475w, https:\/\/prensa.sma.gob.ar\/wp-content\/uploads\/2024\/12\/RADALES-3-696x616.jpg 696w, https:\/\/prensa.sma.gob.ar\/wp-content\/uploads\/2024\/12\/RADALES-3-1068x945.jpg 1068w, https:\/\/prensa.sma.gob.ar\/wp-content\/uploads\/2024\/12\/RADALES-3.jpg 1200w\" sizes=\"auto, (max-width: 1024px) 100vw, 1024px\" \/><\/figure>\n\n\n\n<figure class=\"wp-block-image size-large\"><img loading=\"lazy\" decoding=\"async\" width=\"927\" height=\"1024\" data-id=\"4501\" src=\"https:\/\/prensa.sma.gob.ar\/wp-content\/uploads\/2024\/12\/RADALES-1-927x1024.jpg\" alt=\"\" class=\"wp-image-4501\" srcset=\"https:\/\/prensa.sma.gob.ar\/wp-content\/uploads\/2024\/12\/RADALES-1-927x1024.jpg 927w, https:\/\/prensa.sma.gob.ar\/wp-content\/uploads\/2024\/12\/RADALES-1-272x300.jpg 272w, https:\/\/prensa.sma.gob.ar\/wp-content\/uploads\/2024\/12\/RADALES-1-768x848.jpg 768w, https:\/\/prensa.sma.gob.ar\/wp-content\/uploads\/2024\/12\/RADALES-1-380x420.jpg 380w, https:\/\/prensa.sma.gob.ar\/wp-content\/uploads\/2024\/12\/RADALES-1-696x769.jpg 696w, https:\/\/prensa.sma.gob.ar\/wp-content\/uploads\/2024\/12\/RADALES-1-1068x1179.jpg 1068w, https:\/\/prensa.sma.gob.ar\/wp-content\/uploads\/2024\/12\/RADALES-1.jpg 1200w\" sizes=\"auto, (max-width: 927px) 100vw, 927px\" \/><\/figure>\n<\/figure>\n\n\n\n<p><strong>Desaf\u00edos para 2025<\/strong><\/p>\n\n\n\n<p>Entre los desaf\u00edos para 2025, adem\u00e1s de continuar con la renovaci\u00f3n de comisiones directivas, entre ellas de la Junta Vecinal del Centro, la Subsecretar\u00eda de Juntas Vecinales se propone avanzar con la descentralizaci\u00f3n del Municipio, seg\u00fan lo dispone el nuevo organigrama que volvi\u00f3 a poner a las Delegaciones Municipales bajo su jurisdicci\u00f3n.<\/p>\n\n\n\n<p>Seg\u00fan la nueva normativa -reafirmada como prioridad por el intendente Saloniti-, entre las misiones y funciones, la Subsecretar\u00eda debe trabajar en la descentralizaci\u00f3n del Municipio en las delegaciones municipales de Cordones del Chapelco y Vega Centro.<\/p>\n\n\n\n<p>La misma Ordenanza determina que, otra de las funciones, debe buscar el \u201cfortalecimiento de las Juntas Vecinales existentes y creaci\u00f3n de nuevas Juntas Vecinales, promoviendo su participaci\u00f3n y la activa presencia del municipio en las problem\u00e1ticas de los barrios\u201d.<\/p>\n\n\n\n<p>A trav\u00e9s de las dos delegaciones, la Subsecretar\u00eda deber\u00e1 \u201cproyectar la desconcentraci\u00f3n de servicios y competencias que se encuentran centralizadas\u201d, teniendo en cuenta que ambas dependencias municipales est\u00e1n ubicadas en sectores distantes del centro de la ciudad.<\/p>\n\n\n\n<p>En este sentido, el \u00e1rea deber\u00e1 \u201cllevar adelante un plan de gesti\u00f3n municipal descentralizada que logre mayor proximidad entre las pol\u00edticas p\u00fablicas y administrativas de gesti\u00f3n municipal y los intereses y demandas de la comunidad\u201d.<\/p>\n\n\n\n<p>Deber\u00e1 \u201cpromover, fomentar y fortalecer la participaci\u00f3n comunitaria en la gesti\u00f3n Municipal\u201d y \u201cdise\u00f1ar e implementar diagn\u00f3sticos barriales y territoriales que permitan conocer y analizar las caracter\u00edsticas y las potencialidades de cada sector barrial descentralizado\u201d, entre otras acciones.<\/p>\n\n\n\n<p>Adem\u00e1s de \u201cpromover el desarrollo integral del territorio de cada regi\u00f3n descentralizada\u201d, Juntas Vecinales deber\u00e1 \u201cdise\u00f1ar y planificar de manera participativa Planes Estrat\u00e9gicos Barriales \u2013PEB-, Foros Ciudadanos \u2013FC-, entre otras acciones que involucren activamente a la comunidad\u201d.<\/p>\n\n\n\n<p>La citada ordenanza, recuerda que, en coordinaci\u00f3n y articulaci\u00f3n con otras \u00e1reas del Municipio, Juntas Vecinales debe \u201casistir en la administraci\u00f3n de fondos destinados a solucionar problemas sociales en situaciones de necesidades y carencias\u201d y \u201casistir en los casos de emergencias sociales y situaciones de vulnerabilidad social que requieran el auxilio del Estado Municipal\u201d.<\/p>\n\n\n\n<p>En el mismo sentido, durante una reuni\u00f3n realizada a comienzos de noviembre, el intendente Saloniti tambi\u00e9n reafirm\u00f3 el compromiso de su gesti\u00f3n con el Consejo de Juntas Vecinales, un \u00f3rgano creado por las propias comisiones barriales \u201ccuya funci\u00f3n ser\u00e1 la articulaci\u00f3n de sus intereses y el fortalecimiento de la acci\u00f3n comunitaria\u201d, seg\u00fan lo define la Carta Org\u00e1nica.<\/p>\n\n\n\n<p><em>Art\u00edculo relacionado: <a href=\"https:\/\/prensa.sma.gob.ar\/?p=4531\"><strong>Juntas vecinales, \u00f3rganos de representaci\u00f3n popular<\/strong><\/a><\/em><\/p>\n\n\n\n<figure class=\"wp-block-gallery has-nested-images columns-default is-cropped wp-block-gallery-3 is-layout-flex wp-block-gallery-is-layout-flex\">\n<figure class=\"wp-block-image size-large\"><img loading=\"lazy\" decoding=\"async\" width=\"832\" height=\"1024\" data-id=\"4512\" src=\"https:\/\/prensa.sma.gob.ar\/wp-content\/uploads\/2024\/12\/Alihuen-Bajo-832x1024.jpg\" alt=\"\" class=\"wp-image-4512\" srcset=\"https:\/\/prensa.sma.gob.ar\/wp-content\/uploads\/2024\/12\/Alihuen-Bajo-832x1024.jpg 832w, https:\/\/prensa.sma.gob.ar\/wp-content\/uploads\/2024\/12\/Alihuen-Bajo-244x300.jpg 244w, https:\/\/prensa.sma.gob.ar\/wp-content\/uploads\/2024\/12\/Alihuen-Bajo-768x945.jpg 768w, https:\/\/prensa.sma.gob.ar\/wp-content\/uploads\/2024\/12\/Alihuen-Bajo-341x420.jpg 341w, https:\/\/prensa.sma.gob.ar\/wp-content\/uploads\/2024\/12\/Alihuen-Bajo-324x400.jpg 324w, https:\/\/prensa.sma.gob.ar\/wp-content\/uploads\/2024\/12\/Alihuen-Bajo-696x857.jpg 696w, https:\/\/prensa.sma.gob.ar\/wp-content\/uploads\/2024\/12\/Alihuen-Bajo-1068x1315.jpg 1068w, https:\/\/prensa.sma.gob.ar\/wp-content\/uploads\/2024\/12\/Alihuen-Bajo.jpg 1078w\" sizes=\"auto, (max-width: 832px) 100vw, 832px\" \/><\/figure>\n\n\n\n<figure class=\"wp-block-image size-large\"><img loading=\"lazy\" decoding=\"async\" width=\"835\" height=\"1024\" data-id=\"4511\" src=\"https:\/\/prensa.sma.gob.ar\/wp-content\/uploads\/2024\/12\/Alihuen-Bajo-6-835x1024.jpg\" alt=\"\" class=\"wp-image-4511\" srcset=\"https:\/\/prensa.sma.gob.ar\/wp-content\/uploads\/2024\/12\/Alihuen-Bajo-6-835x1024.jpg 835w, https:\/\/prensa.sma.gob.ar\/wp-content\/uploads\/2024\/12\/Alihuen-Bajo-6-245x300.jpg 245w, https:\/\/prensa.sma.gob.ar\/wp-content\/uploads\/2024\/12\/Alihuen-Bajo-6-768x942.jpg 768w, https:\/\/prensa.sma.gob.ar\/wp-content\/uploads\/2024\/12\/Alihuen-Bajo-6-342x420.jpg 342w, https:\/\/prensa.sma.gob.ar\/wp-content\/uploads\/2024\/12\/Alihuen-Bajo-6-696x854.jpg 696w, https:\/\/prensa.sma.gob.ar\/wp-content\/uploads\/2024\/12\/Alihuen-Bajo-6-1068x1310.jpg 1068w, https:\/\/prensa.sma.gob.ar\/wp-content\/uploads\/2024\/12\/Alihuen-Bajo-6.jpg 1080w\" sizes=\"auto, (max-width: 835px) 100vw, 835px\" \/><\/figure>\n\n\n\n<figure class=\"wp-block-image size-large\"><img loading=\"lazy\" decoding=\"async\" width=\"1024\" height=\"576\" data-id=\"4508\" src=\"https:\/\/prensa.sma.gob.ar\/wp-content\/uploads\/2024\/12\/3-1-1024x576.jpg\" alt=\"\" class=\"wp-image-4508\" srcset=\"https:\/\/prensa.sma.gob.ar\/wp-content\/uploads\/2024\/12\/3-1-1024x576.jpg 1024w, https:\/\/prensa.sma.gob.ar\/wp-content\/uploads\/2024\/12\/3-1-300x169.jpg 300w, https:\/\/prensa.sma.gob.ar\/wp-content\/uploads\/2024\/12\/3-1-768x432.jpg 768w, https:\/\/prensa.sma.gob.ar\/wp-content\/uploads\/2024\/12\/3-1-747x420.jpg 747w, https:\/\/prensa.sma.gob.ar\/wp-content\/uploads\/2024\/12\/3-1-696x392.jpg 696w, https:\/\/prensa.sma.gob.ar\/wp-content\/uploads\/2024\/12\/3-1-1068x601.jpg 1068w, https:\/\/prensa.sma.gob.ar\/wp-content\/uploads\/2024\/12\/3-1.jpg 1280w\" sizes=\"auto, (max-width: 1024px) 100vw, 1024px\" \/><\/figure>\n<\/figure>\n\n\n\n<figure class=\"wp-block-gallery has-nested-images columns-default is-cropped wp-block-gallery-4 is-layout-flex wp-block-gallery-is-layout-flex\">\n<figure class=\"wp-block-image size-large\"><img loading=\"lazy\" decoding=\"async\" width=\"738\" height=\"475\" data-id=\"4502\" src=\"https:\/\/prensa.sma.gob.ar\/wp-content\/uploads\/2024\/12\/BARRIO-8.jpg\" alt=\"\" class=\"wp-image-4502\" srcset=\"https:\/\/prensa.sma.gob.ar\/wp-content\/uploads\/2024\/12\/BARRIO-8.jpg 738w, https:\/\/prensa.sma.gob.ar\/wp-content\/uploads\/2024\/12\/BARRIO-8-300x193.jpg 300w, https:\/\/prensa.sma.gob.ar\/wp-content\/uploads\/2024\/12\/BARRIO-8-653x420.jpg 653w, https:\/\/prensa.sma.gob.ar\/wp-content\/uploads\/2024\/12\/BARRIO-8-696x448.jpg 696w\" sizes=\"auto, (max-width: 738px) 100vw, 738px\" \/><\/figure>\n\n\n\n<figure class=\"wp-block-image size-large\"><img loading=\"lazy\" decoding=\"async\" width=\"1024\" height=\"771\" data-id=\"4518\" src=\"https:\/\/prensa.sma.gob.ar\/wp-content\/uploads\/2024\/12\/CONSEJO-DE-JUNTAS-1024x771.jpeg\" alt=\"\" class=\"wp-image-4518\" srcset=\"https:\/\/prensa.sma.gob.ar\/wp-content\/uploads\/2024\/12\/CONSEJO-DE-JUNTAS-1024x771.jpeg 1024w, https:\/\/prensa.sma.gob.ar\/wp-content\/uploads\/2024\/12\/CONSEJO-DE-JUNTAS-300x226.jpeg 300w, https:\/\/prensa.sma.gob.ar\/wp-content\/uploads\/2024\/12\/CONSEJO-DE-JUNTAS-768x578.jpeg 768w, https:\/\/prensa.sma.gob.ar\/wp-content\/uploads\/2024\/12\/CONSEJO-DE-JUNTAS-1536x1156.jpeg 1536w, https:\/\/prensa.sma.gob.ar\/wp-content\/uploads\/2024\/12\/CONSEJO-DE-JUNTAS-558x420.jpeg 558w, https:\/\/prensa.sma.gob.ar\/wp-content\/uploads\/2024\/12\/CONSEJO-DE-JUNTAS-80x60.jpeg 80w, https:\/\/prensa.sma.gob.ar\/wp-content\/uploads\/2024\/12\/CONSEJO-DE-JUNTAS-696x524.jpeg 696w, https:\/\/prensa.sma.gob.ar\/wp-content\/uploads\/2024\/12\/CONSEJO-DE-JUNTAS-1068x804.jpeg 1068w, https:\/\/prensa.sma.gob.ar\/wp-content\/uploads\/2024\/12\/CONSEJO-DE-JUNTAS.jpeg 1600w\" sizes=\"auto, (max-width: 1024px) 100vw, 1024px\" \/><\/figure>\n\n\n\n<figure class=\"wp-block-image size-large\"><img loading=\"lazy\" decoding=\"async\" width=\"1024\" height=\"768\" data-id=\"4504\" src=\"https:\/\/prensa.sma.gob.ar\/wp-content\/uploads\/2024\/12\/RUCA-HUE-1-1024x768.jpg\" alt=\"\" class=\"wp-image-4504\" srcset=\"https:\/\/prensa.sma.gob.ar\/wp-content\/uploads\/2024\/12\/RUCA-HUE-1-1024x768.jpg 1024w, https:\/\/prensa.sma.gob.ar\/wp-content\/uploads\/2024\/12\/RUCA-HUE-1-300x225.jpg 300w, https:\/\/prensa.sma.gob.ar\/wp-content\/uploads\/2024\/12\/RUCA-HUE-1-768x576.jpg 768w, https:\/\/prensa.sma.gob.ar\/wp-content\/uploads\/2024\/12\/RUCA-HUE-1-1536x1152.jpg 1536w, https:\/\/prensa.sma.gob.ar\/wp-content\/uploads\/2024\/12\/RUCA-HUE-1-560x420.jpg 560w, https:\/\/prensa.sma.gob.ar\/wp-content\/uploads\/2024\/12\/RUCA-HUE-1-80x60.jpg 80w, https:\/\/prensa.sma.gob.ar\/wp-content\/uploads\/2024\/12\/RUCA-HUE-1-696x522.jpg 696w, https:\/\/prensa.sma.gob.ar\/wp-content\/uploads\/2024\/12\/RUCA-HUE-1-1068x801.jpg 1068w, https:\/\/prensa.sma.gob.ar\/wp-content\/uploads\/2024\/12\/RUCA-HUE-1.jpg 1600w\" sizes=\"auto, (max-width: 1024px) 100vw, 1024px\" \/><\/figure>\n<\/figure>\n\n\n\n<figure class=\"wp-block-gallery has-nested-images columns-default is-cropped wp-block-gallery-5 is-layout-flex wp-block-gallery-is-layout-flex\">\n<figure class=\"wp-block-image size-large\"><img loading=\"lazy\" decoding=\"async\" width=\"669\" height=\"1024\" data-id=\"4514\" src=\"https:\/\/prensa.sma.gob.ar\/wp-content\/uploads\/2024\/12\/JUNTAS-VECINALES-669x1024.jpg\" alt=\"\" class=\"wp-image-4514\" srcset=\"https:\/\/prensa.sma.gob.ar\/wp-content\/uploads\/2024\/12\/JUNTAS-VECINALES-669x1024.jpg 669w, https:\/\/prensa.sma.gob.ar\/wp-content\/uploads\/2024\/12\/JUNTAS-VECINALES-196x300.jpg 196w, https:\/\/prensa.sma.gob.ar\/wp-content\/uploads\/2024\/12\/JUNTAS-VECINALES-768x1175.jpg 768w, https:\/\/prensa.sma.gob.ar\/wp-content\/uploads\/2024\/12\/JUNTAS-VECINALES-274x420.jpg 274w, https:\/\/prensa.sma.gob.ar\/wp-content\/uploads\/2024\/12\/JUNTAS-VECINALES-696x1065.jpg 696w, https:\/\/prensa.sma.gob.ar\/wp-content\/uploads\/2024\/12\/JUNTAS-VECINALES.jpg 788w\" sizes=\"auto, (max-width: 669px) 100vw, 669px\" \/><\/figure>\n\n\n\n<figure class=\"wp-block-image size-large\"><img loading=\"lazy\" decoding=\"async\" width=\"768\" height=\"1024\" data-id=\"4495\" src=\"https:\/\/prensa.sma.gob.ar\/wp-content\/uploads\/2024\/12\/BARRIO-2-768x1024.jpg\" alt=\"\" class=\"wp-image-4495\" srcset=\"https:\/\/prensa.sma.gob.ar\/wp-content\/uploads\/2024\/12\/BARRIO-2-768x1024.jpg 768w, https:\/\/prensa.sma.gob.ar\/wp-content\/uploads\/2024\/12\/BARRIO-2-225x300.jpg 225w, https:\/\/prensa.sma.gob.ar\/wp-content\/uploads\/2024\/12\/BARRIO-2-315x420.jpg 315w, https:\/\/prensa.sma.gob.ar\/wp-content\/uploads\/2024\/12\/BARRIO-2-696x928.jpg 696w, https:\/\/prensa.sma.gob.ar\/wp-content\/uploads\/2024\/12\/BARRIO-2.jpg 960w\" sizes=\"auto, (max-width: 768px) 100vw, 768px\" \/><\/figure>\n<\/figure>\n","protected":false},"excerpt":{"rendered":"<p>Quince barrios eligieron durante 2024 a sus comisiones vecinales, muchos de ellos por primera vez y otros como parte de los procesos de renovaci\u00f3n de la representatividad de vecinas y vecinos. Durante el a\u00f1o que termina, el Municipio, a trav\u00e9s de la Subsecretar\u00eda de Juntas Vecinales, realiz\u00f3 16 llamados a elecciones, de los cuales se [&hellip;]<\/p>\n","protected":false},"author":2,"featured_media":4513,"comment_status":"closed","ping_status":"open","sticky":false,"template":"","format":"standard","meta":{"footnotes":""},"categories":[16,39,14,17],"tags":[],"class_list":{"0":"post-4490","1":"post","2":"type-post","3":"status-publish","4":"format-standard","5":"has-post-thumbnail","7":"category-destacadas","8":"category-subs-juntas-vecinales","9":"category-noticias","10":"category-portada"},"_links":{"self":[{"href":"https:\/\/prensa.sma.gob.ar\/index.php?rest_route=\/wp\/v2\/posts\/4490","targetHints":{"allow":["GET"]}}],"collection":[{"href":"https:\/\/prensa.sma.gob.ar\/index.php?rest_route=\/wp\/v2\/posts"}],"about":[{"href":"https:\/\/prensa.sma.gob.ar\/index.php?rest_route=\/wp\/v2\/types\/post"}],"author":[{"embeddable":true,"href":"https:\/\/prensa.sma.gob.ar\/index.php?rest_route=\/wp\/v2\/users\/2"}],"replies":[{"embeddable":true,"href":"https:\/\/prensa.sma.gob.ar\/index.php?rest_route=%2Fwp%2Fv2%2Fcomments&post=4490"}],"version-history":[{"count":5,"href":"https:\/\/prensa.sma.gob.ar\/index.php?rest_route=\/wp\/v2\/posts\/4490\/revisions"}],"predecessor-version":[{"id":4536,"href":"https:\/\/prensa.sma.gob.ar\/index.php?rest_route=\/wp\/v2\/posts\/4490\/revisions\/4536"}],"wp:featuredmedia":[{"embeddable":true,"href":"https:\/\/prensa.sma.gob.ar\/index.php?rest_route=\/wp\/v2\/media\/4513"}],"wp:attachment":[{"href":"https:\/\/prensa.sma.gob.ar\/index.php?rest_route=%2Fwp%2Fv2%2Fmedia&parent=4490"}],"wp:term":[{"taxonomy":"category","embeddable":true,"href":"https:\/\/prensa.sma.gob.ar\/index.php?rest_route=%2Fwp%2Fv2%2Fcategories&post=4490"},{"taxonomy":"post_tag","embeddable":true,"href":"https:\/\/prensa.sma.gob.ar\/index.php?rest_route=%2Fwp%2Fv2%2Ftags&post=4490"}],"curies":[{"name":"wp","href":"https:\/\/api.w.org\/{rel}","templated":true}]}}