{"id":451,"date":"2024-06-14T18:00:05","date_gmt":"2024-06-14T18:00:05","guid":{"rendered":"https:\/\/prensa.sma.gob.ar\/?p=451"},"modified":"2024-06-17T02:53:47","modified_gmt":"2024-06-17T02:53:47","slug":"el-pincha-y-espacios-verdes-plantan-arboles-en-covisal","status":"publish","type":"post","link":"https:\/\/prensa.sma.gob.ar\/?p=451","title":{"rendered":"El Pincha y Espacios Verdes plantan \u00e1rboles en Covisal"},"content":{"rendered":"\n<p>Por iniciativa del proyecto del Club Estudiantes de La Plata \u201cRa\u00edces Pinchas\u201d de nuestra ciudad, y con la ayuda de la Direcci\u00f3n de Espacios Verdes de la Municipalidad de San Mart\u00edn de Los Andes, se realiz\u00f3 la plantaci\u00f3n de \u00e1rboles aut\u00f3ctonos como \u00d1ires, Coihues y Cipreses, en la subida del barrio Covisal.<\/p>\n\n\n\n<p>Esa zona fue afectada en 2018 por un incendio de proporciones importantes que pudo ser combatido gracias al trabajo de bomberos y brigadistas de diferentes instituciones.<\/p>\n\n\n\n<p>La <a><\/a>jornada de plantaci\u00f3n, realizada el s\u00e1bado 8 de junio, coincidi\u00f3 con la celebraci\u00f3n, tres d\u00edas antes, del d\u00eda del Medio Ambiente.<\/p>\n","protected":false},"excerpt":{"rendered":"<p>Por iniciativa del proyecto del Club Estudiantes de La Plata \u201cRa\u00edces Pinchas\u201d de nuestra ciudad, y con la ayuda de la Direcci\u00f3n de Espacios Verdes de la Municipalidad de San Mart\u00edn de Los Andes, se realiz\u00f3 la plantaci\u00f3n de \u00e1rboles aut\u00f3ctonos como \u00d1ires, Coihues y Cipreses, en la subida del barrio Covisal. Esa zona fue [&hellip;]<\/p>\n","protected":false},"author":2,"featured_media":453,"comment_status":"closed","ping_status":"open","sticky":false,"template":"","format":"standard","meta":{"footnotes":""},"categories":[16,14,21],"tags":[],"class_list":{"0":"post-451","1":"post","2":"type-post","3":"status-publish","4":"format-standard","5":"has-post-thumbnail","7":"category-destacadas","8":"category-noticias","9":"category-parques"},"_links":{"self":[{"href":"https:\/\/prensa.sma.gob.ar\/index.php?rest_route=\/wp\/v2\/posts\/451","targetHints":{"allow":["GET"]}}],"collection":[{"href":"https:\/\/prensa.sma.gob.ar\/index.php?rest_route=\/wp\/v2\/posts"}],"about":[{"href":"https:\/\/prensa.sma.gob.ar\/index.php?rest_route=\/wp\/v2\/types\/post"}],"author":[{"embeddable":true,"href":"https:\/\/prensa.sma.gob.ar\/index.php?rest_route=\/wp\/v2\/users\/2"}],"replies":[{"embeddable":true,"href":"https:\/\/prensa.sma.gob.ar\/index.php?rest_route=%2Fwp%2Fv2%2Fcomments&post=451"}],"version-history":[{"count":1,"href":"https:\/\/prensa.sma.gob.ar\/index.php?rest_route=\/wp\/v2\/posts\/451\/revisions"}],"predecessor-version":[{"id":452,"href":"https:\/\/prensa.sma.gob.ar\/index.php?rest_route=\/wp\/v2\/posts\/451\/revisions\/452"}],"wp:featuredmedia":[{"embeddable":true,"href":"https:\/\/prensa.sma.gob.ar\/index.php?rest_route=\/wp\/v2\/media\/453"}],"wp:attachment":[{"href":"https:\/\/prensa.sma.gob.ar\/index.php?rest_route=%2Fwp%2Fv2%2Fmedia&parent=451"}],"wp:term":[{"taxonomy":"category","embeddable":true,"href":"https:\/\/prensa.sma.gob.ar\/index.php?rest_route=%2Fwp%2Fv2%2Fcategories&post=451"},{"taxonomy":"post_tag","embeddable":true,"href":"https:\/\/prensa.sma.gob.ar\/index.php?rest_route=%2Fwp%2Fv2%2Ftags&post=451"}],"curies":[{"name":"wp","href":"https:\/\/api.w.org\/{rel}","templated":true}]}}