{"id":4546,"date":"2024-12-27T14:08:05","date_gmt":"2024-12-27T14:08:05","guid":{"rendered":"https:\/\/prensa.sma.gob.ar\/?p=4546"},"modified":"2024-12-27T14:08:06","modified_gmt":"2024-12-27T14:08:06","slug":"el-gobierno-provincial-autorizo-la-licitacion-del-nuevo-edificio-de-la-escuela-integral-no-3","status":"publish","type":"post","link":"https:\/\/prensa.sma.gob.ar\/?p=4546","title":{"rendered":"El Gobierno provincial autoriz\u00f3 la licitaci\u00f3n del nuevo edificio de la Escuela Integral N\u00ba 3"},"content":{"rendered":"\n<p>El ministro de Infraestructura de la provincia de Neuqu\u00e9n, Rub\u00e9n Etcheverry, firm\u00f3 la resoluci\u00f3n mediante la cual se llama a licitaci\u00f3n para la construcci\u00f3n del nuevo edificio de la Escuela Integral de Adolescentes y J\u00f3venes con Discapacidad N\u00ba 3 de San Mart\u00edn de los Andes.<\/p>\n\n\n\n<p>La obra contempla la construcci\u00f3n de un nuevo edificio con una superficie cubierta de 1.526,50 m2, que se ajustar\u00e1 al terreno triangular existente. El edificio se estructurar\u00e1 en dos alas, en una de ellas se ubica el sector administrativo, servicios (cocina, sanitarios) y talleres, mientras que en la otra se encontrar\u00e1n las aulas de expresi\u00f3n corporal, SUM, invernadero (exterior) y huerta.<\/p>\n\n\n\n<p>Este establecimiento contar\u00e1 con paneles solares para la generaci\u00f3n de energ\u00eda el\u00e9ctrica. El Ministerio inform\u00f3, adem\u00e1s, que se crear\u00e1n las \u00e1reas pedag\u00f3gica, de gesti\u00f3n y administraci\u00f3n, de servicio, eventuales y el exterior.<\/p>\n\n\n\n<p>La obra cuenta con un Presupuesto Oficial de pesos 3.214.745.904, a valores de octubre de 2024, y un plazo de ejecuci\u00f3n de obra de 365 d\u00edas corridos, a ejecutarse por el sistema de Ajuste Alzado por Precio Global.<\/p>\n\n\n\n<p>La Resoluci\u00f3n aprueba la documentaci\u00f3n t\u00e9cnico-legal elaborada por la Direcci\u00f3n Provincial de Arquitectura de la Secretar\u00eda de Obras P\u00fablicas y autoriza el llamado a Licitaci\u00f3n P\u00fablica para contratar la obra.<\/p>\n\n\n\n<p>Adem\u00e1s, aprueba el otorgamiento de un anticipo financiero del veinte por ciento (20%) del monto a contratar.<\/p>\n\n\n\n<p>La Resoluci\u00f3n recuerda que la obra se encuentra incluida en el plan de obras P\u00fablicas de la Provincia; que fue requerida el 28 de noviembre de 2024, por la direcci\u00f3n de la modalidad especial del Consejo de Educaci\u00f3n y el \u00e1rea de infraestructura del Ministerio; y que la Direcci\u00f3n Provincial de Arquitectura, elabor\u00f3 el proyecto y el Pliego de Bases y Condiciones.<\/p>\n","protected":false},"excerpt":{"rendered":"<p>El ministro de Infraestructura de la provincia de Neuqu\u00e9n, Rub\u00e9n Etcheverry, firm\u00f3 la resoluci\u00f3n mediante la cual se llama a licitaci\u00f3n para la construcci\u00f3n del nuevo edificio de la Escuela Integral de Adolescentes y J\u00f3venes con Discapacidad N\u00ba 3 de San Mart\u00edn de los Andes. La obra contempla la construcci\u00f3n de un nuevo edificio con [&hellip;]<\/p>\n","protected":false},"author":1,"featured_media":4547,"comment_status":"closed","ping_status":"open","sticky":false,"template":"","format":"standard","meta":{"footnotes":""},"categories":[16,9,14,17],"tags":[],"class_list":{"0":"post-4546","1":"post","2":"type-post","3":"status-publish","4":"format-standard","5":"has-post-thumbnail","7":"category-destacadas","8":"category-educacion","9":"category-noticias","10":"category-portada"},"_links":{"self":[{"href":"https:\/\/prensa.sma.gob.ar\/index.php?rest_route=\/wp\/v2\/posts\/4546","targetHints":{"allow":["GET"]}}],"collection":[{"href":"https:\/\/prensa.sma.gob.ar\/index.php?rest_route=\/wp\/v2\/posts"}],"about":[{"href":"https:\/\/prensa.sma.gob.ar\/index.php?rest_route=\/wp\/v2\/types\/post"}],"author":[{"embeddable":true,"href":"https:\/\/prensa.sma.gob.ar\/index.php?rest_route=\/wp\/v2\/users\/1"}],"replies":[{"embeddable":true,"href":"https:\/\/prensa.sma.gob.ar\/index.php?rest_route=%2Fwp%2Fv2%2Fcomments&post=4546"}],"version-history":[{"count":1,"href":"https:\/\/prensa.sma.gob.ar\/index.php?rest_route=\/wp\/v2\/posts\/4546\/revisions"}],"predecessor-version":[{"id":4548,"href":"https:\/\/prensa.sma.gob.ar\/index.php?rest_route=\/wp\/v2\/posts\/4546\/revisions\/4548"}],"wp:featuredmedia":[{"embeddable":true,"href":"https:\/\/prensa.sma.gob.ar\/index.php?rest_route=\/wp\/v2\/media\/4547"}],"wp:attachment":[{"href":"https:\/\/prensa.sma.gob.ar\/index.php?rest_route=%2Fwp%2Fv2%2Fmedia&parent=4546"}],"wp:term":[{"taxonomy":"category","embeddable":true,"href":"https:\/\/prensa.sma.gob.ar\/index.php?rest_route=%2Fwp%2Fv2%2Fcategories&post=4546"},{"taxonomy":"post_tag","embeddable":true,"href":"https:\/\/prensa.sma.gob.ar\/index.php?rest_route=%2Fwp%2Fv2%2Ftags&post=4546"}],"curies":[{"name":"wp","href":"https:\/\/api.w.org\/{rel}","templated":true}]}}