{"id":4549,"date":"2024-12-28T11:12:35","date_gmt":"2024-12-28T11:12:35","guid":{"rendered":"https:\/\/prensa.sma.gob.ar\/?p=4549"},"modified":"2024-12-28T11:12:37","modified_gmt":"2024-12-28T11:12:37","slug":"el-gobernador-figueroa-y-el-intendente-saloniti-entregaron-las-llaves-de-las-38-viviendas","status":"publish","type":"post","link":"https:\/\/prensa.sma.gob.ar\/?p=4549","title":{"rendered":"El gobernador Figueroa y el intendente Saloniti entregaron las llaves de las 38 Viviendas"},"content":{"rendered":"\n<p>El gobernador de Neuqu\u00e9n, Rolando Figueroa, y el intendente Carlos Saloniti, encabezaron este viernes &nbsp;la entrega de 38 viviendas en Chacra 32, durante un acto al que asistieron funcionarios provinciales y municipales, las familias propietarias y vecinas y vecinos que se acercaron a compartir la alegr\u00eda de esta jornada.<\/p>\n\n\n\n<p>Tras los discursos, las autoridades provinciales y municipales entregaron las llaves de las viviendas a las familias que a partir de este viernes disponen de su hogar, en medio de emociones, alivio y sue\u00f1os compartidos. Al final de la jornada, varios integrantes del nuevo vecindario plantaron \u00e1rboles y se quedaron en las veredas del barrio.<\/p>\n\n\n\n<figure class=\"wp-block-gallery has-nested-images columns-default is-cropped wp-block-gallery-1 is-layout-flex wp-block-gallery-is-layout-flex\">\n<figure class=\"wp-block-image size-large\"><img loading=\"lazy\" decoding=\"async\" width=\"1024\" height=\"617\" data-id=\"4616\" src=\"https:\/\/prensa.sma.gob.ar\/wp-content\/uploads\/2024\/12\/WhatsApp-Image-2024-12-27-at-20.57.51-1-1024x617.jpeg\" alt=\"\" class=\"wp-image-4616\" srcset=\"https:\/\/prensa.sma.gob.ar\/wp-content\/uploads\/2024\/12\/WhatsApp-Image-2024-12-27-at-20.57.51-1-1024x617.jpeg 1024w, https:\/\/prensa.sma.gob.ar\/wp-content\/uploads\/2024\/12\/WhatsApp-Image-2024-12-27-at-20.57.51-1-300x181.jpeg 300w, https:\/\/prensa.sma.gob.ar\/wp-content\/uploads\/2024\/12\/WhatsApp-Image-2024-12-27-at-20.57.51-1-768x463.jpeg 768w, https:\/\/prensa.sma.gob.ar\/wp-content\/uploads\/2024\/12\/WhatsApp-Image-2024-12-27-at-20.57.51-1-1536x925.jpeg 1536w, https:\/\/prensa.sma.gob.ar\/wp-content\/uploads\/2024\/12\/WhatsApp-Image-2024-12-27-at-20.57.51-1-697x420.jpeg 697w, https:\/\/prensa.sma.gob.ar\/wp-content\/uploads\/2024\/12\/WhatsApp-Image-2024-12-27-at-20.57.51-1-696x419.jpeg 696w, https:\/\/prensa.sma.gob.ar\/wp-content\/uploads\/2024\/12\/WhatsApp-Image-2024-12-27-at-20.57.51-1-1068x643.jpeg 1068w, https:\/\/prensa.sma.gob.ar\/wp-content\/uploads\/2024\/12\/WhatsApp-Image-2024-12-27-at-20.57.51-1.jpeg 1600w\" sizes=\"auto, (max-width: 1024px) 100vw, 1024px\" \/><\/figure>\n\n\n\n<figure class=\"wp-block-image size-large\"><img loading=\"lazy\" decoding=\"async\" width=\"1024\" height=\"595\" data-id=\"4591\" src=\"https:\/\/prensa.sma.gob.ar\/wp-content\/uploads\/2024\/12\/WhatsApp-Image-2024-12-27-at-20.58.03-1-1024x595.jpeg\" alt=\"\" class=\"wp-image-4591\" srcset=\"https:\/\/prensa.sma.gob.ar\/wp-content\/uploads\/2024\/12\/WhatsApp-Image-2024-12-27-at-20.58.03-1-1024x595.jpeg 1024w, https:\/\/prensa.sma.gob.ar\/wp-content\/uploads\/2024\/12\/WhatsApp-Image-2024-12-27-at-20.58.03-1-300x174.jpeg 300w, https:\/\/prensa.sma.gob.ar\/wp-content\/uploads\/2024\/12\/WhatsApp-Image-2024-12-27-at-20.58.03-1-768x446.jpeg 768w, https:\/\/prensa.sma.gob.ar\/wp-content\/uploads\/2024\/12\/WhatsApp-Image-2024-12-27-at-20.58.03-1-1536x892.jpeg 1536w, https:\/\/prensa.sma.gob.ar\/wp-content\/uploads\/2024\/12\/WhatsApp-Image-2024-12-27-at-20.58.03-1-723x420.jpeg 723w, https:\/\/prensa.sma.gob.ar\/wp-content\/uploads\/2024\/12\/WhatsApp-Image-2024-12-27-at-20.58.03-1-696x404.jpeg 696w, https:\/\/prensa.sma.gob.ar\/wp-content\/uploads\/2024\/12\/WhatsApp-Image-2024-12-27-at-20.58.03-1-1068x620.jpeg 1068w, https:\/\/prensa.sma.gob.ar\/wp-content\/uploads\/2024\/12\/WhatsApp-Image-2024-12-27-at-20.58.03-1.jpeg 1600w\" sizes=\"auto, (max-width: 1024px) 100vw, 1024px\" \/><\/figure>\n\n\n\n<figure class=\"wp-block-image size-large\"><img loading=\"lazy\" decoding=\"async\" width=\"1024\" height=\"627\" data-id=\"4585\" src=\"https:\/\/prensa.sma.gob.ar\/wp-content\/uploads\/2024\/12\/WhatsApp-Image-2024-12-27-at-20.58.05-1024x627.jpeg\" alt=\"\" class=\"wp-image-4585\" srcset=\"https:\/\/prensa.sma.gob.ar\/wp-content\/uploads\/2024\/12\/WhatsApp-Image-2024-12-27-at-20.58.05-1024x627.jpeg 1024w, https:\/\/prensa.sma.gob.ar\/wp-content\/uploads\/2024\/12\/WhatsApp-Image-2024-12-27-at-20.58.05-300x184.jpeg 300w, https:\/\/prensa.sma.gob.ar\/wp-content\/uploads\/2024\/12\/WhatsApp-Image-2024-12-27-at-20.58.05-768x470.jpeg 768w, https:\/\/prensa.sma.gob.ar\/wp-content\/uploads\/2024\/12\/WhatsApp-Image-2024-12-27-at-20.58.05-1536x941.jpeg 1536w, https:\/\/prensa.sma.gob.ar\/wp-content\/uploads\/2024\/12\/WhatsApp-Image-2024-12-27-at-20.58.05-686x420.jpeg 686w, https:\/\/prensa.sma.gob.ar\/wp-content\/uploads\/2024\/12\/WhatsApp-Image-2024-12-27-at-20.58.05-696x426.jpeg 696w, https:\/\/prensa.sma.gob.ar\/wp-content\/uploads\/2024\/12\/WhatsApp-Image-2024-12-27-at-20.58.05-1068x654.jpeg 1068w, https:\/\/prensa.sma.gob.ar\/wp-content\/uploads\/2024\/12\/WhatsApp-Image-2024-12-27-at-20.58.05.jpeg 1600w\" sizes=\"auto, (max-width: 1024px) 100vw, 1024px\" \/><\/figure>\n<\/figure>\n\n\n\n<p>Las 38 viviendas hab\u00edan quedado paralizadas en diciembre pasado, luego de que las nuevas autoridades nacionales decidieran dejar de financiar obras p\u00fablicas y soluciones habitacionales. Tras las gestiones del Municipio y con la voluntad pol\u00edtica del gobernador, la provincia de Neuqu\u00e9n pidi\u00f3 el traspaso, que se demor\u00f3 ocho meses, para poder finalizar la obra con fondos propios.<\/p>\n\n\n\n<figure class=\"wp-block-gallery has-nested-images columns-default is-cropped wp-block-gallery-2 is-layout-flex wp-block-gallery-is-layout-flex\">\n<figure class=\"wp-block-image size-large\"><img loading=\"lazy\" decoding=\"async\" width=\"1024\" height=\"563\" data-id=\"4621\" src=\"https:\/\/prensa.sma.gob.ar\/wp-content\/uploads\/2024\/12\/WhatsApp-Image-2024-12-27-at-20.57.50-1024x563.jpeg\" alt=\"\" class=\"wp-image-4621\" srcset=\"https:\/\/prensa.sma.gob.ar\/wp-content\/uploads\/2024\/12\/WhatsApp-Image-2024-12-27-at-20.57.50-1024x563.jpeg 1024w, https:\/\/prensa.sma.gob.ar\/wp-content\/uploads\/2024\/12\/WhatsApp-Image-2024-12-27-at-20.57.50-300x165.jpeg 300w, https:\/\/prensa.sma.gob.ar\/wp-content\/uploads\/2024\/12\/WhatsApp-Image-2024-12-27-at-20.57.50-768x422.jpeg 768w, https:\/\/prensa.sma.gob.ar\/wp-content\/uploads\/2024\/12\/WhatsApp-Image-2024-12-27-at-20.57.50-1536x844.jpeg 1536w, https:\/\/prensa.sma.gob.ar\/wp-content\/uploads\/2024\/12\/WhatsApp-Image-2024-12-27-at-20.57.50-765x420.jpeg 765w, https:\/\/prensa.sma.gob.ar\/wp-content\/uploads\/2024\/12\/WhatsApp-Image-2024-12-27-at-20.57.50-696x382.jpeg 696w, https:\/\/prensa.sma.gob.ar\/wp-content\/uploads\/2024\/12\/WhatsApp-Image-2024-12-27-at-20.57.50-1068x587.jpeg 1068w, https:\/\/prensa.sma.gob.ar\/wp-content\/uploads\/2024\/12\/WhatsApp-Image-2024-12-27-at-20.57.50.jpeg 1600w\" sizes=\"auto, (max-width: 1024px) 100vw, 1024px\" \/><\/figure>\n\n\n\n<figure class=\"wp-block-image size-large\"><img loading=\"lazy\" decoding=\"async\" width=\"1024\" height=\"575\" data-id=\"4620\" src=\"https:\/\/prensa.sma.gob.ar\/wp-content\/uploads\/2024\/12\/WhatsApp-Image-2024-12-27-at-20.57.50-1-1024x575.jpeg\" alt=\"\" class=\"wp-image-4620\" srcset=\"https:\/\/prensa.sma.gob.ar\/wp-content\/uploads\/2024\/12\/WhatsApp-Image-2024-12-27-at-20.57.50-1-1024x575.jpeg 1024w, https:\/\/prensa.sma.gob.ar\/wp-content\/uploads\/2024\/12\/WhatsApp-Image-2024-12-27-at-20.57.50-1-300x169.jpeg 300w, https:\/\/prensa.sma.gob.ar\/wp-content\/uploads\/2024\/12\/WhatsApp-Image-2024-12-27-at-20.57.50-1-768x432.jpeg 768w, https:\/\/prensa.sma.gob.ar\/wp-content\/uploads\/2024\/12\/WhatsApp-Image-2024-12-27-at-20.57.50-1-1536x863.jpeg 1536w, https:\/\/prensa.sma.gob.ar\/wp-content\/uploads\/2024\/12\/WhatsApp-Image-2024-12-27-at-20.57.50-1-747x420.jpeg 747w, https:\/\/prensa.sma.gob.ar\/wp-content\/uploads\/2024\/12\/WhatsApp-Image-2024-12-27-at-20.57.50-1-696x391.jpeg 696w, https:\/\/prensa.sma.gob.ar\/wp-content\/uploads\/2024\/12\/WhatsApp-Image-2024-12-27-at-20.57.50-1-1068x600.jpeg 1068w, https:\/\/prensa.sma.gob.ar\/wp-content\/uploads\/2024\/12\/WhatsApp-Image-2024-12-27-at-20.57.50-1.jpeg 1600w\" sizes=\"auto, (max-width: 1024px) 100vw, 1024px\" \/><\/figure>\n\n\n\n<figure class=\"wp-block-image size-large\"><img loading=\"lazy\" decoding=\"async\" width=\"1024\" height=\"579\" data-id=\"4619\" src=\"https:\/\/prensa.sma.gob.ar\/wp-content\/uploads\/2024\/12\/WhatsApp-Image-2024-12-27-at-20.57.50-2-1024x579.jpeg\" alt=\"\" class=\"wp-image-4619\" srcset=\"https:\/\/prensa.sma.gob.ar\/wp-content\/uploads\/2024\/12\/WhatsApp-Image-2024-12-27-at-20.57.50-2-1024x579.jpeg 1024w, https:\/\/prensa.sma.gob.ar\/wp-content\/uploads\/2024\/12\/WhatsApp-Image-2024-12-27-at-20.57.50-2-300x170.jpeg 300w, https:\/\/prensa.sma.gob.ar\/wp-content\/uploads\/2024\/12\/WhatsApp-Image-2024-12-27-at-20.57.50-2-768x434.jpeg 768w, https:\/\/prensa.sma.gob.ar\/wp-content\/uploads\/2024\/12\/WhatsApp-Image-2024-12-27-at-20.57.50-2-1536x869.jpeg 1536w, https:\/\/prensa.sma.gob.ar\/wp-content\/uploads\/2024\/12\/WhatsApp-Image-2024-12-27-at-20.57.50-2-743x420.jpeg 743w, https:\/\/prensa.sma.gob.ar\/wp-content\/uploads\/2024\/12\/WhatsApp-Image-2024-12-27-at-20.57.50-2-696x394.jpeg 696w, https:\/\/prensa.sma.gob.ar\/wp-content\/uploads\/2024\/12\/WhatsApp-Image-2024-12-27-at-20.57.50-2-1068x604.jpeg 1068w, https:\/\/prensa.sma.gob.ar\/wp-content\/uploads\/2024\/12\/WhatsApp-Image-2024-12-27-at-20.57.50-2.jpeg 1600w\" sizes=\"auto, (max-width: 1024px) 100vw, 1024px\" \/><\/figure>\n<\/figure>\n\n\n\n<p>Figueroa agradeci\u00f3 \u201cla paciencia\u201d de los vecinos de las 38 viviendas \u201cpara poder llegar hasta este momento\u201d y explic\u00f3 que \u201cno nos pasaban la obra desde el gobierno nacional\u201d y que \u201capenas nos pasaron la obra, comenzamos a hacerla, comenz\u00f3 a trabajar tambi\u00e9n el Municipio, que puso fondos propios\u201d. En ese contexto, destac\u00f3 el trabajo conjunto con el intendente Saloniti.<\/p>\n\n\n\n<p>El mandatario provincial anunci\u00f3 que avanza la reanudaci\u00f3n de la obra de otras 38 viviendas, en la zona entre Chacra 28 y Chacra 26. \u201cEstamos terminando la renegociaci\u00f3n con las 38 viviendas II, que van a ser 38 nuevas soluciones habitacionales tambi\u00e9n y creo que esto tambi\u00e9n tiene que ver mucho con el trabajo que ha realizado de la Municipalidad\u201d.<\/p>\n\n\n\n<p>\u201cAc\u00e1 hay mucho esfuerzo municipal, con fondos propios del Municipio\u201d, destac\u00f3 el gobernador. Al mirar al intendente Saloniti, Rolando Figuera agreg\u00f3: \u201ces un placer trabajar con vos, pones la cara, pones el pecho, enfrentas los problemas. Es muy importante tu formaci\u00f3n como hombre, como dirigente, como responsable de un Municipio de las caracter\u00edsticas de San Martin de &nbsp;los andes, que es muy particular\u201d.<\/p>\n\n\n\n<p>\u201cPor eso tu ordenamiento nos lleva a nosotros a poder trabajar con vos, a financiar las obras\u201d, afirm\u00f3 Figuera. Record\u00f3 que \u201cestamos iniciando la obra (de pavimentaci\u00f3n) a Lolog; &nbsp;prontamente vamos a licitar la obra de pavimentaci\u00f3n a Meliquina; hemos concluido dos escuelas rurales; hoy comenzamos a licitar el nuevo edificio de la Escuela Especial Laboral, adem\u00e1s de la renegociaci\u00f3n de las 38 nuevas soluciones habitacionales\u201d y reafirm\u00f3 que \u201cesto tambi\u00e9n tiene que ver con el trabajo realizado por la Municipalidad\u201d.<\/p>\n\n\n\n<figure class=\"wp-block-gallery has-nested-images columns-default is-cropped wp-block-gallery-3 is-layout-flex wp-block-gallery-is-layout-flex\">\n<figure class=\"wp-block-image size-large\"><img loading=\"lazy\" decoding=\"async\" width=\"1024\" height=\"625\" data-id=\"4618\" src=\"https:\/\/prensa.sma.gob.ar\/wp-content\/uploads\/2024\/12\/WhatsApp-Image-2024-12-27-at-20.57.50-3-1024x625.jpeg\" alt=\"\" class=\"wp-image-4618\" srcset=\"https:\/\/prensa.sma.gob.ar\/wp-content\/uploads\/2024\/12\/WhatsApp-Image-2024-12-27-at-20.57.50-3-1024x625.jpeg 1024w, https:\/\/prensa.sma.gob.ar\/wp-content\/uploads\/2024\/12\/WhatsApp-Image-2024-12-27-at-20.57.50-3-300x183.jpeg 300w, https:\/\/prensa.sma.gob.ar\/wp-content\/uploads\/2024\/12\/WhatsApp-Image-2024-12-27-at-20.57.50-3-768x468.jpeg 768w, https:\/\/prensa.sma.gob.ar\/wp-content\/uploads\/2024\/12\/WhatsApp-Image-2024-12-27-at-20.57.50-3-1536x937.jpeg 1536w, https:\/\/prensa.sma.gob.ar\/wp-content\/uploads\/2024\/12\/WhatsApp-Image-2024-12-27-at-20.57.50-3-689x420.jpeg 689w, https:\/\/prensa.sma.gob.ar\/wp-content\/uploads\/2024\/12\/WhatsApp-Image-2024-12-27-at-20.57.50-3-696x425.jpeg 696w, https:\/\/prensa.sma.gob.ar\/wp-content\/uploads\/2024\/12\/WhatsApp-Image-2024-12-27-at-20.57.50-3-1068x651.jpeg 1068w, https:\/\/prensa.sma.gob.ar\/wp-content\/uploads\/2024\/12\/WhatsApp-Image-2024-12-27-at-20.57.50-3.jpeg 1600w\" sizes=\"auto, (max-width: 1024px) 100vw, 1024px\" \/><\/figure>\n\n\n\n<figure class=\"wp-block-image size-large\"><img loading=\"lazy\" decoding=\"async\" width=\"1024\" height=\"686\" data-id=\"4563\" src=\"https:\/\/prensa.sma.gob.ar\/wp-content\/uploads\/2024\/12\/WhatsApp-Image-2024-12-27-at-20.58.11-1-1024x686.jpeg\" alt=\"\" class=\"wp-image-4563\" srcset=\"https:\/\/prensa.sma.gob.ar\/wp-content\/uploads\/2024\/12\/WhatsApp-Image-2024-12-27-at-20.58.11-1-1024x686.jpeg 1024w, https:\/\/prensa.sma.gob.ar\/wp-content\/uploads\/2024\/12\/WhatsApp-Image-2024-12-27-at-20.58.11-1-300x201.jpeg 300w, https:\/\/prensa.sma.gob.ar\/wp-content\/uploads\/2024\/12\/WhatsApp-Image-2024-12-27-at-20.58.11-1-768x515.jpeg 768w, https:\/\/prensa.sma.gob.ar\/wp-content\/uploads\/2024\/12\/WhatsApp-Image-2024-12-27-at-20.58.11-1-1536x1029.jpeg 1536w, https:\/\/prensa.sma.gob.ar\/wp-content\/uploads\/2024\/12\/WhatsApp-Image-2024-12-27-at-20.58.11-1-627x420.jpeg 627w, https:\/\/prensa.sma.gob.ar\/wp-content\/uploads\/2024\/12\/WhatsApp-Image-2024-12-27-at-20.58.11-1-696x466.jpeg 696w, https:\/\/prensa.sma.gob.ar\/wp-content\/uploads\/2024\/12\/WhatsApp-Image-2024-12-27-at-20.58.11-1-1068x716.jpeg 1068w, https:\/\/prensa.sma.gob.ar\/wp-content\/uploads\/2024\/12\/WhatsApp-Image-2024-12-27-at-20.58.11-1.jpeg 1600w\" sizes=\"auto, (max-width: 1024px) 100vw, 1024px\" \/><\/figure>\n\n\n\n<figure class=\"wp-block-image size-large\"><img loading=\"lazy\" decoding=\"async\" width=\"1024\" height=\"614\" data-id=\"4617\" src=\"https:\/\/prensa.sma.gob.ar\/wp-content\/uploads\/2024\/12\/WhatsApp-Image-2024-12-27-at-20.57.51-1024x614.jpeg\" alt=\"\" class=\"wp-image-4617\" srcset=\"https:\/\/prensa.sma.gob.ar\/wp-content\/uploads\/2024\/12\/WhatsApp-Image-2024-12-27-at-20.57.51-1024x614.jpeg 1024w, https:\/\/prensa.sma.gob.ar\/wp-content\/uploads\/2024\/12\/WhatsApp-Image-2024-12-27-at-20.57.51-300x180.jpeg 300w, https:\/\/prensa.sma.gob.ar\/wp-content\/uploads\/2024\/12\/WhatsApp-Image-2024-12-27-at-20.57.51-768x460.jpeg 768w, https:\/\/prensa.sma.gob.ar\/wp-content\/uploads\/2024\/12\/WhatsApp-Image-2024-12-27-at-20.57.51-1536x921.jpeg 1536w, https:\/\/prensa.sma.gob.ar\/wp-content\/uploads\/2024\/12\/WhatsApp-Image-2024-12-27-at-20.57.51-701x420.jpeg 701w, https:\/\/prensa.sma.gob.ar\/wp-content\/uploads\/2024\/12\/WhatsApp-Image-2024-12-27-at-20.57.51-696x417.jpeg 696w, https:\/\/prensa.sma.gob.ar\/wp-content\/uploads\/2024\/12\/WhatsApp-Image-2024-12-27-at-20.57.51-1068x640.jpeg 1068w, https:\/\/prensa.sma.gob.ar\/wp-content\/uploads\/2024\/12\/WhatsApp-Image-2024-12-27-at-20.57.51.jpeg 1600w\" sizes=\"auto, (max-width: 1024px) 100vw, 1024px\" \/><\/figure>\n<\/figure>\n\n\n\n<p>El gobernador garantiz\u00f3 que la provincia continuar\u00e1 construyendo viviendas pero advirti\u00f3 que los beneficiarios deber\u00e1n pagar por ellas: \u201cNo puede ser que de 60.000 viviendas que tenemos en la provincia, solo 10.000 se hayan cancelado. Eso priva a un nuevo vecino que pueda tener su vivienda\u201d.<\/p>\n\n\n\n<p>\u201cNo puede ser que 40.000 se est\u00e9n redeterminando el precio porque a\u00fan se deben. Si todos pagan su vivienda, la provincia va a poder hacer muchas viviendas, pero creo que el deber del ciudadano es pagar la suya\u201d, reafirm\u00f3.<\/p>\n\n\n\n<p>\u201cEl estado tiene que estar presente, pero se tiene que ordenar para distribuir. Nuestra concepci\u00f3n es que hay que es imposible distribuir sin ordenarse y es en vano ordenarse sin distribuir\u201d, se\u00f1al\u00f3 Figueroa.<\/p>\n\n\n\n<p>Antes del gobernador, el intendente Saloniti destac\u00f3 la decisi\u00f3n del Gobierno provincial para financiar las obras abandonadas por Naci\u00f3n y asegur\u00f3 que la construcci\u00f3n de las viviendas \u201cse logra porque hay un Estado que est\u00e1 presente, no hay manera de pensar el futuro de la provincia, si el Estado no est\u00e1\u201d.<\/p>\n\n\n\n<figure class=\"wp-block-gallery has-nested-images columns-default is-cropped wp-block-gallery-4 is-layout-flex wp-block-gallery-is-layout-flex\">\n<figure class=\"wp-block-image size-large\"><img loading=\"lazy\" decoding=\"async\" width=\"1024\" height=\"664\" data-id=\"4601\" src=\"https:\/\/prensa.sma.gob.ar\/wp-content\/uploads\/2024\/12\/WhatsApp-Image-2024-12-27-at-20.58.00-1024x664.jpeg\" alt=\"\" class=\"wp-image-4601\" srcset=\"https:\/\/prensa.sma.gob.ar\/wp-content\/uploads\/2024\/12\/WhatsApp-Image-2024-12-27-at-20.58.00-1024x664.jpeg 1024w, https:\/\/prensa.sma.gob.ar\/wp-content\/uploads\/2024\/12\/WhatsApp-Image-2024-12-27-at-20.58.00-300x195.jpeg 300w, https:\/\/prensa.sma.gob.ar\/wp-content\/uploads\/2024\/12\/WhatsApp-Image-2024-12-27-at-20.58.00-768x498.jpeg 768w, https:\/\/prensa.sma.gob.ar\/wp-content\/uploads\/2024\/12\/WhatsApp-Image-2024-12-27-at-20.58.00-1536x996.jpeg 1536w, https:\/\/prensa.sma.gob.ar\/wp-content\/uploads\/2024\/12\/WhatsApp-Image-2024-12-27-at-20.58.00-647x420.jpeg 647w, https:\/\/prensa.sma.gob.ar\/wp-content\/uploads\/2024\/12\/WhatsApp-Image-2024-12-27-at-20.58.00-696x452.jpeg 696w, https:\/\/prensa.sma.gob.ar\/wp-content\/uploads\/2024\/12\/WhatsApp-Image-2024-12-27-at-20.58.00-1068x693.jpeg 1068w, https:\/\/prensa.sma.gob.ar\/wp-content\/uploads\/2024\/12\/WhatsApp-Image-2024-12-27-at-20.58.00.jpeg 1600w\" sizes=\"auto, (max-width: 1024px) 100vw, 1024px\" \/><\/figure>\n\n\n\n<figure class=\"wp-block-image size-large\"><img loading=\"lazy\" decoding=\"async\" width=\"1024\" height=\"648\" data-id=\"4599\" src=\"https:\/\/prensa.sma.gob.ar\/wp-content\/uploads\/2024\/12\/WhatsApp-Image-2024-12-27-at-20.58.00-2-1024x648.jpeg\" alt=\"\" class=\"wp-image-4599\" srcset=\"https:\/\/prensa.sma.gob.ar\/wp-content\/uploads\/2024\/12\/WhatsApp-Image-2024-12-27-at-20.58.00-2-1024x648.jpeg 1024w, https:\/\/prensa.sma.gob.ar\/wp-content\/uploads\/2024\/12\/WhatsApp-Image-2024-12-27-at-20.58.00-2-300x190.jpeg 300w, https:\/\/prensa.sma.gob.ar\/wp-content\/uploads\/2024\/12\/WhatsApp-Image-2024-12-27-at-20.58.00-2-768x486.jpeg 768w, https:\/\/prensa.sma.gob.ar\/wp-content\/uploads\/2024\/12\/WhatsApp-Image-2024-12-27-at-20.58.00-2-1536x972.jpeg 1536w, https:\/\/prensa.sma.gob.ar\/wp-content\/uploads\/2024\/12\/WhatsApp-Image-2024-12-27-at-20.58.00-2-663x420.jpeg 663w, https:\/\/prensa.sma.gob.ar\/wp-content\/uploads\/2024\/12\/WhatsApp-Image-2024-12-27-at-20.58.00-2-696x441.jpeg 696w, https:\/\/prensa.sma.gob.ar\/wp-content\/uploads\/2024\/12\/WhatsApp-Image-2024-12-27-at-20.58.00-2-1068x676.jpeg 1068w, https:\/\/prensa.sma.gob.ar\/wp-content\/uploads\/2024\/12\/WhatsApp-Image-2024-12-27-at-20.58.00-2.jpeg 1600w\" sizes=\"auto, (max-width: 1024px) 100vw, 1024px\" \/><\/figure>\n\n\n\n<figure class=\"wp-block-image size-large\"><img loading=\"lazy\" decoding=\"async\" width=\"1024\" height=\"568\" data-id=\"4597\" src=\"https:\/\/prensa.sma.gob.ar\/wp-content\/uploads\/2024\/12\/WhatsApp-Image-2024-12-27-at-20.58.01-1-1024x568.jpeg\" alt=\"\" class=\"wp-image-4597\" srcset=\"https:\/\/prensa.sma.gob.ar\/wp-content\/uploads\/2024\/12\/WhatsApp-Image-2024-12-27-at-20.58.01-1-1024x568.jpeg 1024w, https:\/\/prensa.sma.gob.ar\/wp-content\/uploads\/2024\/12\/WhatsApp-Image-2024-12-27-at-20.58.01-1-300x167.jpeg 300w, https:\/\/prensa.sma.gob.ar\/wp-content\/uploads\/2024\/12\/WhatsApp-Image-2024-12-27-at-20.58.01-1-768x426.jpeg 768w, https:\/\/prensa.sma.gob.ar\/wp-content\/uploads\/2024\/12\/WhatsApp-Image-2024-12-27-at-20.58.01-1-1536x852.jpeg 1536w, https:\/\/prensa.sma.gob.ar\/wp-content\/uploads\/2024\/12\/WhatsApp-Image-2024-12-27-at-20.58.01-1-757x420.jpeg 757w, https:\/\/prensa.sma.gob.ar\/wp-content\/uploads\/2024\/12\/WhatsApp-Image-2024-12-27-at-20.58.01-1-696x386.jpeg 696w, https:\/\/prensa.sma.gob.ar\/wp-content\/uploads\/2024\/12\/WhatsApp-Image-2024-12-27-at-20.58.01-1-1068x593.jpeg 1068w, https:\/\/prensa.sma.gob.ar\/wp-content\/uploads\/2024\/12\/WhatsApp-Image-2024-12-27-at-20.58.01-1.jpeg 1600w\" sizes=\"auto, (max-width: 1024px) 100vw, 1024px\" \/><\/figure>\n<\/figure>\n\n\n\n<p>\u00abEntregar una vivienda hoy tiene un valor enorme y no solo por lo econ\u00f3mico sino por lo que implica que alguien deje de alquilar o deje de vivir con su pap\u00e1, con su mam\u00e1, esto tiene un valor enorme\u00bb, se\u00f1al\u00f3 Saloniti, quien pidi\u00f3 un aplauso para las familias de las 38 viviendas.<\/p>\n\n\n\n<p>Al encabezar el acto, el presidente de la Agencia de Desarrollo Urbano Sustentable (ADUS), y el Instituto Provincial de Vivienda y Urbanismo (IPVU), Pablo Dietrich, se\u00f1al\u00f3 que la finalizaci\u00f3n de las soluciones habitacionales, \u201cha sido un camino largo, un camino duro\u201d y aclar\u00f3 que \u201cnos llev\u00f3 ocho meses poder firmar el convenio que nos permita que la decisi\u00f3n del gobernador de financiar todas las viviendas en ejecuci\u00f3n con fondos propios pueda hacerse realidad\u201d.<\/p>\n\n\n\n<p>El acto fue acompa\u00f1ado por la ministra de Desarrollo Humano, Gobiernos Locales y Mujeres, Julieta Corroza, y el ministro de Infraestructura, Rub\u00e9n Etcheverry, quien a partir de ahora se desempe\u00f1ar\u00e1 como titular de la cartera de Planificaci\u00f3n. Tambi\u00e9n asisti\u00f3 la delegada provincial de la Regi\u00f3n de Los Lagos, Eliana Rivera.<\/p>\n\n\n\n<p>Tambi\u00e9n asistieron la delegada del IPVU-ADUS en nuestra ciudad, Natalia Bruno; la directora del Instituto Municipal de Vivienda y H\u00e1bitat, Carolina Amaya; y los secretarios de Gobierno, Federico Vita; de Obras y Servicios P\u00fablicos, H\u00e9ctor Dur\u00e1n; y de Coordinaci\u00f3n del COPE y Gesti\u00f3n de Proyectos, Mart\u00edn Rodr\u00edguez.<\/p>\n\n\n\n<figure class=\"wp-block-gallery has-nested-images columns-default is-cropped wp-block-gallery-5 is-layout-flex wp-block-gallery-is-layout-flex\">\n<figure class=\"wp-block-image size-large\"><img loading=\"lazy\" decoding=\"async\" width=\"1024\" height=\"575\" data-id=\"4607\" src=\"https:\/\/prensa.sma.gob.ar\/wp-content\/uploads\/2024\/12\/WhatsApp-Image-2024-12-27-at-20.57.58-2-1024x575.jpeg\" alt=\"\" class=\"wp-image-4607\" srcset=\"https:\/\/prensa.sma.gob.ar\/wp-content\/uploads\/2024\/12\/WhatsApp-Image-2024-12-27-at-20.57.58-2-1024x575.jpeg 1024w, https:\/\/prensa.sma.gob.ar\/wp-content\/uploads\/2024\/12\/WhatsApp-Image-2024-12-27-at-20.57.58-2-300x169.jpeg 300w, https:\/\/prensa.sma.gob.ar\/wp-content\/uploads\/2024\/12\/WhatsApp-Image-2024-12-27-at-20.57.58-2-768x432.jpeg 768w, https:\/\/prensa.sma.gob.ar\/wp-content\/uploads\/2024\/12\/WhatsApp-Image-2024-12-27-at-20.57.58-2-1536x863.jpeg 1536w, https:\/\/prensa.sma.gob.ar\/wp-content\/uploads\/2024\/12\/WhatsApp-Image-2024-12-27-at-20.57.58-2-747x420.jpeg 747w, https:\/\/prensa.sma.gob.ar\/wp-content\/uploads\/2024\/12\/WhatsApp-Image-2024-12-27-at-20.57.58-2-696x391.jpeg 696w, https:\/\/prensa.sma.gob.ar\/wp-content\/uploads\/2024\/12\/WhatsApp-Image-2024-12-27-at-20.57.58-2-1068x600.jpeg 1068w, https:\/\/prensa.sma.gob.ar\/wp-content\/uploads\/2024\/12\/WhatsApp-Image-2024-12-27-at-20.57.58-2.jpeg 1600w\" sizes=\"auto, (max-width: 1024px) 100vw, 1024px\" \/><\/figure>\n\n\n\n<figure class=\"wp-block-image size-large\"><img loading=\"lazy\" decoding=\"async\" width=\"1024\" height=\"549\" data-id=\"4606\" src=\"https:\/\/prensa.sma.gob.ar\/wp-content\/uploads\/2024\/12\/WhatsApp-Image-2024-12-27-at-20.57.58-3-1024x549.jpeg\" alt=\"\" class=\"wp-image-4606\" srcset=\"https:\/\/prensa.sma.gob.ar\/wp-content\/uploads\/2024\/12\/WhatsApp-Image-2024-12-27-at-20.57.58-3-1024x549.jpeg 1024w, https:\/\/prensa.sma.gob.ar\/wp-content\/uploads\/2024\/12\/WhatsApp-Image-2024-12-27-at-20.57.58-3-300x161.jpeg 300w, https:\/\/prensa.sma.gob.ar\/wp-content\/uploads\/2024\/12\/WhatsApp-Image-2024-12-27-at-20.57.58-3-768x412.jpeg 768w, https:\/\/prensa.sma.gob.ar\/wp-content\/uploads\/2024\/12\/WhatsApp-Image-2024-12-27-at-20.57.58-3-1536x824.jpeg 1536w, https:\/\/prensa.sma.gob.ar\/wp-content\/uploads\/2024\/12\/WhatsApp-Image-2024-12-27-at-20.57.58-3-783x420.jpeg 783w, https:\/\/prensa.sma.gob.ar\/wp-content\/uploads\/2024\/12\/WhatsApp-Image-2024-12-27-at-20.57.58-3-696x373.jpeg 696w, https:\/\/prensa.sma.gob.ar\/wp-content\/uploads\/2024\/12\/WhatsApp-Image-2024-12-27-at-20.57.58-3-1068x573.jpeg 1068w, https:\/\/prensa.sma.gob.ar\/wp-content\/uploads\/2024\/12\/WhatsApp-Image-2024-12-27-at-20.57.58-3.jpeg 1600w\" sizes=\"auto, (max-width: 1024px) 100vw, 1024px\" \/><\/figure>\n\n\n\n<figure class=\"wp-block-image size-large\"><img loading=\"lazy\" decoding=\"async\" width=\"1024\" height=\"589\" data-id=\"4565\" src=\"https:\/\/prensa.sma.gob.ar\/wp-content\/uploads\/2024\/12\/WhatsApp-Image-2024-12-27-at-20.58.10-3-1024x589.jpeg\" alt=\"\" class=\"wp-image-4565\" srcset=\"https:\/\/prensa.sma.gob.ar\/wp-content\/uploads\/2024\/12\/WhatsApp-Image-2024-12-27-at-20.58.10-3-1024x589.jpeg 1024w, https:\/\/prensa.sma.gob.ar\/wp-content\/uploads\/2024\/12\/WhatsApp-Image-2024-12-27-at-20.58.10-3-300x173.jpeg 300w, https:\/\/prensa.sma.gob.ar\/wp-content\/uploads\/2024\/12\/WhatsApp-Image-2024-12-27-at-20.58.10-3-768x442.jpeg 768w, https:\/\/prensa.sma.gob.ar\/wp-content\/uploads\/2024\/12\/WhatsApp-Image-2024-12-27-at-20.58.10-3-1536x883.jpeg 1536w, https:\/\/prensa.sma.gob.ar\/wp-content\/uploads\/2024\/12\/WhatsApp-Image-2024-12-27-at-20.58.10-3-730x420.jpeg 730w, https:\/\/prensa.sma.gob.ar\/wp-content\/uploads\/2024\/12\/WhatsApp-Image-2024-12-27-at-20.58.10-3-696x400.jpeg 696w, https:\/\/prensa.sma.gob.ar\/wp-content\/uploads\/2024\/12\/WhatsApp-Image-2024-12-27-at-20.58.10-3-1068x614.jpeg 1068w, https:\/\/prensa.sma.gob.ar\/wp-content\/uploads\/2024\/12\/WhatsApp-Image-2024-12-27-at-20.58.10-3.jpeg 1600w\" sizes=\"auto, (max-width: 1024px) 100vw, 1024px\" \/><\/figure>\n<\/figure>\n\n\n\n<figure class=\"wp-block-gallery has-nested-images columns-default is-cropped wp-block-gallery-6 is-layout-flex wp-block-gallery-is-layout-flex\">\n<figure class=\"wp-block-image size-large\"><img loading=\"lazy\" decoding=\"async\" width=\"1024\" height=\"607\" data-id=\"4587\" src=\"https:\/\/prensa.sma.gob.ar\/wp-content\/uploads\/2024\/12\/WhatsApp-Image-2024-12-27-at-20.58.04-1-1024x607.jpeg\" alt=\"\" class=\"wp-image-4587\" srcset=\"https:\/\/prensa.sma.gob.ar\/wp-content\/uploads\/2024\/12\/WhatsApp-Image-2024-12-27-at-20.58.04-1-1024x607.jpeg 1024w, https:\/\/prensa.sma.gob.ar\/wp-content\/uploads\/2024\/12\/WhatsApp-Image-2024-12-27-at-20.58.04-1-300x178.jpeg 300w, https:\/\/prensa.sma.gob.ar\/wp-content\/uploads\/2024\/12\/WhatsApp-Image-2024-12-27-at-20.58.04-1-768x456.jpeg 768w, https:\/\/prensa.sma.gob.ar\/wp-content\/uploads\/2024\/12\/WhatsApp-Image-2024-12-27-at-20.58.04-1-1536x911.jpeg 1536w, https:\/\/prensa.sma.gob.ar\/wp-content\/uploads\/2024\/12\/WhatsApp-Image-2024-12-27-at-20.58.04-1-708x420.jpeg 708w, https:\/\/prensa.sma.gob.ar\/wp-content\/uploads\/2024\/12\/WhatsApp-Image-2024-12-27-at-20.58.04-1-696x413.jpeg 696w, https:\/\/prensa.sma.gob.ar\/wp-content\/uploads\/2024\/12\/WhatsApp-Image-2024-12-27-at-20.58.04-1-1068x633.jpeg 1068w, https:\/\/prensa.sma.gob.ar\/wp-content\/uploads\/2024\/12\/WhatsApp-Image-2024-12-27-at-20.58.04-1.jpeg 1600w\" sizes=\"auto, (max-width: 1024px) 100vw, 1024px\" \/><\/figure>\n\n\n\n<figure class=\"wp-block-image size-large\"><img loading=\"lazy\" decoding=\"async\" width=\"1024\" height=\"583\" data-id=\"4574\" src=\"https:\/\/prensa.sma.gob.ar\/wp-content\/uploads\/2024\/12\/WhatsApp-Image-2024-12-27-at-20.58.08-1-1024x583.jpeg\" alt=\"\" class=\"wp-image-4574\" srcset=\"https:\/\/prensa.sma.gob.ar\/wp-content\/uploads\/2024\/12\/WhatsApp-Image-2024-12-27-at-20.58.08-1-1024x583.jpeg 1024w, https:\/\/prensa.sma.gob.ar\/wp-content\/uploads\/2024\/12\/WhatsApp-Image-2024-12-27-at-20.58.08-1-300x171.jpeg 300w, https:\/\/prensa.sma.gob.ar\/wp-content\/uploads\/2024\/12\/WhatsApp-Image-2024-12-27-at-20.58.08-1-768x437.jpeg 768w, https:\/\/prensa.sma.gob.ar\/wp-content\/uploads\/2024\/12\/WhatsApp-Image-2024-12-27-at-20.58.08-1-1536x875.jpeg 1536w, https:\/\/prensa.sma.gob.ar\/wp-content\/uploads\/2024\/12\/WhatsApp-Image-2024-12-27-at-20.58.08-1-738x420.jpeg 738w, https:\/\/prensa.sma.gob.ar\/wp-content\/uploads\/2024\/12\/WhatsApp-Image-2024-12-27-at-20.58.08-1-696x396.jpeg 696w, https:\/\/prensa.sma.gob.ar\/wp-content\/uploads\/2024\/12\/WhatsApp-Image-2024-12-27-at-20.58.08-1-1068x608.jpeg 1068w, https:\/\/prensa.sma.gob.ar\/wp-content\/uploads\/2024\/12\/WhatsApp-Image-2024-12-27-at-20.58.08-1.jpeg 1600w\" sizes=\"auto, (max-width: 1024px) 100vw, 1024px\" \/><\/figure>\n\n\n\n<figure class=\"wp-block-image size-large\"><img loading=\"lazy\" decoding=\"async\" width=\"1024\" height=\"606\" data-id=\"4557\" src=\"https:\/\/prensa.sma.gob.ar\/wp-content\/uploads\/2024\/12\/WhatsApp-Image-2024-12-27-at-20.58.13-1-1024x606.jpeg\" alt=\"\" class=\"wp-image-4557\" srcset=\"https:\/\/prensa.sma.gob.ar\/wp-content\/uploads\/2024\/12\/WhatsApp-Image-2024-12-27-at-20.58.13-1-1024x606.jpeg 1024w, https:\/\/prensa.sma.gob.ar\/wp-content\/uploads\/2024\/12\/WhatsApp-Image-2024-12-27-at-20.58.13-1-300x178.jpeg 300w, https:\/\/prensa.sma.gob.ar\/wp-content\/uploads\/2024\/12\/WhatsApp-Image-2024-12-27-at-20.58.13-1-768x455.jpeg 768w, https:\/\/prensa.sma.gob.ar\/wp-content\/uploads\/2024\/12\/WhatsApp-Image-2024-12-27-at-20.58.13-1-1536x909.jpeg 1536w, https:\/\/prensa.sma.gob.ar\/wp-content\/uploads\/2024\/12\/WhatsApp-Image-2024-12-27-at-20.58.13-1-710x420.jpeg 710w, https:\/\/prensa.sma.gob.ar\/wp-content\/uploads\/2024\/12\/WhatsApp-Image-2024-12-27-at-20.58.13-1-696x412.jpeg 696w, https:\/\/prensa.sma.gob.ar\/wp-content\/uploads\/2024\/12\/WhatsApp-Image-2024-12-27-at-20.58.13-1-1068x632.jpeg 1068w, https:\/\/prensa.sma.gob.ar\/wp-content\/uploads\/2024\/12\/WhatsApp-Image-2024-12-27-at-20.58.13-1.jpeg 1600w\" sizes=\"auto, (max-width: 1024px) 100vw, 1024px\" \/><\/figure>\n<\/figure>\n","protected":false},"excerpt":{"rendered":"<p>El gobernador de Neuqu\u00e9n, Rolando Figueroa, y el intendente Carlos Saloniti, encabezaron este viernes &nbsp;la entrega de 38 viviendas en Chacra 32, durante un acto al que asistieron funcionarios provinciales y municipales, las familias propietarias y vecinas y vecinos que se acercaron a compartir la alegr\u00eda de esta jornada. Tras los discursos, las autoridades provinciales [&hellip;]<\/p>\n","protected":false},"author":2,"featured_media":4551,"comment_status":"closed","ping_status":"open","sticky":false,"template":"","format":"standard","meta":{"footnotes":""},"categories":[16,14,17,37],"tags":[],"class_list":{"0":"post-4549","1":"post","2":"type-post","3":"status-publish","4":"format-standard","5":"has-post-thumbnail","7":"category-destacadas","8":"category-noticias","9":"category-portada","10":"category-vivienda"},"_links":{"self":[{"href":"https:\/\/prensa.sma.gob.ar\/index.php?rest_route=\/wp\/v2\/posts\/4549","targetHints":{"allow":["GET"]}}],"collection":[{"href":"https:\/\/prensa.sma.gob.ar\/index.php?rest_route=\/wp\/v2\/posts"}],"about":[{"href":"https:\/\/prensa.sma.gob.ar\/index.php?rest_route=\/wp\/v2\/types\/post"}],"author":[{"embeddable":true,"href":"https:\/\/prensa.sma.gob.ar\/index.php?rest_route=\/wp\/v2\/users\/2"}],"replies":[{"embeddable":true,"href":"https:\/\/prensa.sma.gob.ar\/index.php?rest_route=%2Fwp%2Fv2%2Fcomments&post=4549"}],"version-history":[{"count":3,"href":"https:\/\/prensa.sma.gob.ar\/index.php?rest_route=\/wp\/v2\/posts\/4549\/revisions"}],"predecessor-version":[{"id":4638,"href":"https:\/\/prensa.sma.gob.ar\/index.php?rest_route=\/wp\/v2\/posts\/4549\/revisions\/4638"}],"wp:featuredmedia":[{"embeddable":true,"href":"https:\/\/prensa.sma.gob.ar\/index.php?rest_route=\/wp\/v2\/media\/4551"}],"wp:attachment":[{"href":"https:\/\/prensa.sma.gob.ar\/index.php?rest_route=%2Fwp%2Fv2%2Fmedia&parent=4549"}],"wp:term":[{"taxonomy":"category","embeddable":true,"href":"https:\/\/prensa.sma.gob.ar\/index.php?rest_route=%2Fwp%2Fv2%2Fcategories&post=4549"},{"taxonomy":"post_tag","embeddable":true,"href":"https:\/\/prensa.sma.gob.ar\/index.php?rest_route=%2Fwp%2Fv2%2Ftags&post=4549"}],"curies":[{"name":"wp","href":"https:\/\/api.w.org\/{rel}","templated":true}]}}