{"id":4644,"date":"2024-12-28T02:38:22","date_gmt":"2024-12-28T02:38:22","guid":{"rendered":"https:\/\/prensa.sma.gob.ar\/?p=4644"},"modified":"2024-12-28T16:16:47","modified_gmt":"2024-12-28T16:16:47","slug":"se-realizo-la-primera-reunion-para-el-operativo-se-seguridad-por-la-llegada-de-river","status":"publish","type":"post","link":"https:\/\/prensa.sma.gob.ar\/?p=4644","title":{"rendered":"Se realiz\u00f3 la primera reuni\u00f3n para el operativo se seguridad por la llegada de River"},"content":{"rendered":"\n<p>Representantes del Municipio, de la Polic\u00eda del Neuqu\u00e9n y de la filial sanmartinense del Club Atl\u00e9tico River Plate realizaron este viernes la primera reuni\u00f3n para coordinar el operativo que demandar\u00e1 la llegada del equipo de f\u00fatbol para la pretemporada en nuestra ciudad.<\/p>\n\n\n\n<p>Durante este primer encuentro, se establecieron las primeras definiciones para garantizar la seguridad de las personas que se acerquen a la Ruta 40, entre el aeropuerto Aviador Carlos Campos y el Golf, donde el equipo de Marcelo Gallardo realizar\u00e1 la pretemporada desde los primeros d\u00edas de enero.<\/p>\n\n\n\n<p>El director de Seguridad Ciudadana del Municipio, Mauricio Troncoso, se\u00f1al\u00f3 que \u201cel operativo comprende manejo de la estructura log\u00edstica en cuanto al sistema de vallado, la ubicaci\u00f3n estrat\u00e9gica de los controles y el trabajo en equipo de todas las instituciones y fuerzas de la localidad\u201d.<\/p>\n\n\n\n<p>El encuentro, convocado por el Consejo de seguridad Ciudadana, se realiz\u00f3 en el Sal\u00f3n Municipal y cont\u00f3 con la presencia del director general de Protecci\u00f3n Civil, Sebasti\u00e1n Torcivia; el concejal C\u00e9sar Meza; el presidente de la filial local de River, Daniel Alarc\u00f3n; y Samuel Cuevas, integrante de la comisi\u00f3n de River. Tambi\u00e9n particip\u00f3 el director de la empresa de seguridad privada PTP, compa\u00f1\u00eda que tiene a su cargo la seguridad del golf.<\/p>\n\n\n\n<p>La Polic\u00eda de Neuqu\u00e9n estuvo representada por el nuevo director de Seguridad Interior de Jun\u00edn de los Andes, comisario mayor Rub\u00e9n Escoba; el coordinador de Zona Sur, comisario inspector Rodrigo Vergara; y el jefe del Comando Radioel\u00e9ctrico de San Mart\u00edn de los Andes, comisario Marcos Guzm\u00e1n.<\/p>\n\n\n\n<p>Este lunes 30 se realizar\u00e1 una nueva reuni\u00f3n con informaci\u00f3n m\u00e1s espec\u00edfica del movimiento del plantel, horarios de llegada al aeropuerto y otros datos necesarios para coordinar el operativo. Para el pr\u00f3ximo encuentro, ser\u00e1n invitados representantes de Polic\u00eda Federal, Gerdarmer\u00eda Nacional, Prefectura Naval, Polic\u00eda de Seguridad Aeroportuaria y Bomberos Voluntarios.<\/p>\n\n\n\n<figure class=\"wp-block-gallery has-nested-images columns-default is-cropped wp-block-gallery-1 is-layout-flex wp-block-gallery-is-layout-flex\">\n<figure class=\"wp-block-image size-large\"><img loading=\"lazy\" decoding=\"async\" width=\"1024\" height=\"576\" data-id=\"4649\" src=\"https:\/\/prensa.sma.gob.ar\/wp-content\/uploads\/2024\/12\/WhatsApp-Image-2024-12-27-at-11.13.481-1024x576.jpeg\" alt=\"\" class=\"wp-image-4649\" srcset=\"https:\/\/prensa.sma.gob.ar\/wp-content\/uploads\/2024\/12\/WhatsApp-Image-2024-12-27-at-11.13.481-1024x576.jpeg 1024w, https:\/\/prensa.sma.gob.ar\/wp-content\/uploads\/2024\/12\/WhatsApp-Image-2024-12-27-at-11.13.481-300x169.jpeg 300w, https:\/\/prensa.sma.gob.ar\/wp-content\/uploads\/2024\/12\/WhatsApp-Image-2024-12-27-at-11.13.481-768x432.jpeg 768w, https:\/\/prensa.sma.gob.ar\/wp-content\/uploads\/2024\/12\/WhatsApp-Image-2024-12-27-at-11.13.481-1536x864.jpeg 1536w, https:\/\/prensa.sma.gob.ar\/wp-content\/uploads\/2024\/12\/WhatsApp-Image-2024-12-27-at-11.13.481-747x420.jpeg 747w, https:\/\/prensa.sma.gob.ar\/wp-content\/uploads\/2024\/12\/WhatsApp-Image-2024-12-27-at-11.13.481-696x392.jpeg 696w, https:\/\/prensa.sma.gob.ar\/wp-content\/uploads\/2024\/12\/WhatsApp-Image-2024-12-27-at-11.13.481-1068x601.jpeg 1068w, https:\/\/prensa.sma.gob.ar\/wp-content\/uploads\/2024\/12\/WhatsApp-Image-2024-12-27-at-11.13.481.jpeg 1600w\" sizes=\"auto, (max-width: 1024px) 100vw, 1024px\" \/><\/figure>\n\n\n\n<figure class=\"wp-block-image size-large\"><img loading=\"lazy\" decoding=\"async\" width=\"1024\" height=\"627\" data-id=\"4647\" src=\"https:\/\/prensa.sma.gob.ar\/wp-content\/uploads\/2024\/12\/WhatsApp-Image-2024-12-27-at-11.13.491-1024x627.jpeg\" alt=\"\" class=\"wp-image-4647\" srcset=\"https:\/\/prensa.sma.gob.ar\/wp-content\/uploads\/2024\/12\/WhatsApp-Image-2024-12-27-at-11.13.491-1024x627.jpeg 1024w, https:\/\/prensa.sma.gob.ar\/wp-content\/uploads\/2024\/12\/WhatsApp-Image-2024-12-27-at-11.13.491-300x184.jpeg 300w, https:\/\/prensa.sma.gob.ar\/wp-content\/uploads\/2024\/12\/WhatsApp-Image-2024-12-27-at-11.13.491-768x470.jpeg 768w, https:\/\/prensa.sma.gob.ar\/wp-content\/uploads\/2024\/12\/WhatsApp-Image-2024-12-27-at-11.13.491-1536x941.jpeg 1536w, https:\/\/prensa.sma.gob.ar\/wp-content\/uploads\/2024\/12\/WhatsApp-Image-2024-12-27-at-11.13.491-686x420.jpeg 686w, https:\/\/prensa.sma.gob.ar\/wp-content\/uploads\/2024\/12\/WhatsApp-Image-2024-12-27-at-11.13.491-696x426.jpeg 696w, https:\/\/prensa.sma.gob.ar\/wp-content\/uploads\/2024\/12\/WhatsApp-Image-2024-12-27-at-11.13.491-1068x654.jpeg 1068w, https:\/\/prensa.sma.gob.ar\/wp-content\/uploads\/2024\/12\/WhatsApp-Image-2024-12-27-at-11.13.491.jpeg 1600w\" sizes=\"auto, (max-width: 1024px) 100vw, 1024px\" \/><\/figure>\n\n\n\n<figure class=\"wp-block-image size-large\"><img loading=\"lazy\" decoding=\"async\" width=\"1024\" height=\"576\" data-id=\"4646\" src=\"https:\/\/prensa.sma.gob.ar\/wp-content\/uploads\/2024\/12\/WhatsApp-Image-2024-12-27-at-11.13.492-1024x576.jpeg\" alt=\"\" class=\"wp-image-4646\" srcset=\"https:\/\/prensa.sma.gob.ar\/wp-content\/uploads\/2024\/12\/WhatsApp-Image-2024-12-27-at-11.13.492-1024x576.jpeg 1024w, https:\/\/prensa.sma.gob.ar\/wp-content\/uploads\/2024\/12\/WhatsApp-Image-2024-12-27-at-11.13.492-300x169.jpeg 300w, https:\/\/prensa.sma.gob.ar\/wp-content\/uploads\/2024\/12\/WhatsApp-Image-2024-12-27-at-11.13.492-768x432.jpeg 768w, https:\/\/prensa.sma.gob.ar\/wp-content\/uploads\/2024\/12\/WhatsApp-Image-2024-12-27-at-11.13.492-1536x864.jpeg 1536w, https:\/\/prensa.sma.gob.ar\/wp-content\/uploads\/2024\/12\/WhatsApp-Image-2024-12-27-at-11.13.492-747x420.jpeg 747w, https:\/\/prensa.sma.gob.ar\/wp-content\/uploads\/2024\/12\/WhatsApp-Image-2024-12-27-at-11.13.492-696x392.jpeg 696w, https:\/\/prensa.sma.gob.ar\/wp-content\/uploads\/2024\/12\/WhatsApp-Image-2024-12-27-at-11.13.492-1068x601.jpeg 1068w, https:\/\/prensa.sma.gob.ar\/wp-content\/uploads\/2024\/12\/WhatsApp-Image-2024-12-27-at-11.13.492.jpeg 1600w\" sizes=\"auto, (max-width: 1024px) 100vw, 1024px\" \/><\/figure>\n\n\n\n<figure class=\"wp-block-image size-large\"><img loading=\"lazy\" decoding=\"async\" width=\"1024\" height=\"582\" data-id=\"4645\" src=\"https:\/\/prensa.sma.gob.ar\/wp-content\/uploads\/2024\/12\/WhatsApp-Image-2024-12-27-at-11.13.52-1024x582.jpeg\" alt=\"\" class=\"wp-image-4645\" srcset=\"https:\/\/prensa.sma.gob.ar\/wp-content\/uploads\/2024\/12\/WhatsApp-Image-2024-12-27-at-11.13.52-1024x582.jpeg 1024w, https:\/\/prensa.sma.gob.ar\/wp-content\/uploads\/2024\/12\/WhatsApp-Image-2024-12-27-at-11.13.52-300x171.jpeg 300w, https:\/\/prensa.sma.gob.ar\/wp-content\/uploads\/2024\/12\/WhatsApp-Image-2024-12-27-at-11.13.52-768x437.jpeg 768w, https:\/\/prensa.sma.gob.ar\/wp-content\/uploads\/2024\/12\/WhatsApp-Image-2024-12-27-at-11.13.52-1536x874.jpeg 1536w, https:\/\/prensa.sma.gob.ar\/wp-content\/uploads\/2024\/12\/WhatsApp-Image-2024-12-27-at-11.13.52-738x420.jpeg 738w, https:\/\/prensa.sma.gob.ar\/wp-content\/uploads\/2024\/12\/WhatsApp-Image-2024-12-27-at-11.13.52-696x396.jpeg 696w, https:\/\/prensa.sma.gob.ar\/wp-content\/uploads\/2024\/12\/WhatsApp-Image-2024-12-27-at-11.13.52-1068x607.jpeg 1068w, https:\/\/prensa.sma.gob.ar\/wp-content\/uploads\/2024\/12\/WhatsApp-Image-2024-12-27-at-11.13.52.jpeg 1600w\" sizes=\"auto, (max-width: 1024px) 100vw, 1024px\" \/><\/figure>\n\n\n\n<figure class=\"wp-block-image size-large\"><img loading=\"lazy\" decoding=\"async\" width=\"1024\" height=\"591\" data-id=\"4648\" src=\"https:\/\/prensa.sma.gob.ar\/wp-content\/uploads\/2024\/12\/WhatsApp-Image-2024-12-27-at-11.13.49-1024x591.jpeg\" alt=\"\" class=\"wp-image-4648\" srcset=\"https:\/\/prensa.sma.gob.ar\/wp-content\/uploads\/2024\/12\/WhatsApp-Image-2024-12-27-at-11.13.49-1024x591.jpeg 1024w, https:\/\/prensa.sma.gob.ar\/wp-content\/uploads\/2024\/12\/WhatsApp-Image-2024-12-27-at-11.13.49-300x173.jpeg 300w, https:\/\/prensa.sma.gob.ar\/wp-content\/uploads\/2024\/12\/WhatsApp-Image-2024-12-27-at-11.13.49-768x444.jpeg 768w, https:\/\/prensa.sma.gob.ar\/wp-content\/uploads\/2024\/12\/WhatsApp-Image-2024-12-27-at-11.13.49-1536x887.jpeg 1536w, https:\/\/prensa.sma.gob.ar\/wp-content\/uploads\/2024\/12\/WhatsApp-Image-2024-12-27-at-11.13.49-727x420.jpeg 727w, https:\/\/prensa.sma.gob.ar\/wp-content\/uploads\/2024\/12\/WhatsApp-Image-2024-12-27-at-11.13.49-696x402.jpeg 696w, https:\/\/prensa.sma.gob.ar\/wp-content\/uploads\/2024\/12\/WhatsApp-Image-2024-12-27-at-11.13.49-1068x617.jpeg 1068w, https:\/\/prensa.sma.gob.ar\/wp-content\/uploads\/2024\/12\/WhatsApp-Image-2024-12-27-at-11.13.49.jpeg 1600w\" sizes=\"auto, (max-width: 1024px) 100vw, 1024px\" \/><\/figure>\n\n\n\n<figure class=\"wp-block-image size-large\"><img loading=\"lazy\" decoding=\"async\" width=\"1024\" height=\"576\" data-id=\"4650\" src=\"https:\/\/prensa.sma.gob.ar\/wp-content\/uploads\/2024\/12\/WhatsApp-Image-2024-12-27-at-11.13.48-1024x576.jpeg\" alt=\"\" class=\"wp-image-4650\" srcset=\"https:\/\/prensa.sma.gob.ar\/wp-content\/uploads\/2024\/12\/WhatsApp-Image-2024-12-27-at-11.13.48-1024x576.jpeg 1024w, https:\/\/prensa.sma.gob.ar\/wp-content\/uploads\/2024\/12\/WhatsApp-Image-2024-12-27-at-11.13.48-300x169.jpeg 300w, https:\/\/prensa.sma.gob.ar\/wp-content\/uploads\/2024\/12\/WhatsApp-Image-2024-12-27-at-11.13.48-768x432.jpeg 768w, https:\/\/prensa.sma.gob.ar\/wp-content\/uploads\/2024\/12\/WhatsApp-Image-2024-12-27-at-11.13.48-1536x864.jpeg 1536w, https:\/\/prensa.sma.gob.ar\/wp-content\/uploads\/2024\/12\/WhatsApp-Image-2024-12-27-at-11.13.48-747x420.jpeg 747w, https:\/\/prensa.sma.gob.ar\/wp-content\/uploads\/2024\/12\/WhatsApp-Image-2024-12-27-at-11.13.48-696x392.jpeg 696w, https:\/\/prensa.sma.gob.ar\/wp-content\/uploads\/2024\/12\/WhatsApp-Image-2024-12-27-at-11.13.48-1068x601.jpeg 1068w, https:\/\/prensa.sma.gob.ar\/wp-content\/uploads\/2024\/12\/WhatsApp-Image-2024-12-27-at-11.13.48.jpeg 1600w\" sizes=\"auto, (max-width: 1024px) 100vw, 1024px\" \/><\/figure>\n<\/figure>\n","protected":false},"excerpt":{"rendered":"<p>Representantes del Municipio, de la Polic\u00eda del Neuqu\u00e9n y de la filial sanmartinense del Club Atl\u00e9tico River Plate realizaron este viernes la primera reuni\u00f3n para coordinar el operativo que demandar\u00e1 la llegada del equipo de f\u00fatbol para la pretemporada en nuestra ciudad. Durante este primer encuentro, se establecieron las primeras definiciones para garantizar la seguridad [&hellip;]<\/p>\n","protected":false},"author":2,"featured_media":4651,"comment_status":"closed","ping_status":"open","sticky":false,"template":"","format":"standard","meta":{"footnotes":""},"categories":[16,14],"tags":[],"class_list":{"0":"post-4644","1":"post","2":"type-post","3":"status-publish","4":"format-standard","5":"has-post-thumbnail","7":"category-destacadas","8":"category-noticias"},"_links":{"self":[{"href":"https:\/\/prensa.sma.gob.ar\/index.php?rest_route=\/wp\/v2\/posts\/4644","targetHints":{"allow":["GET"]}}],"collection":[{"href":"https:\/\/prensa.sma.gob.ar\/index.php?rest_route=\/wp\/v2\/posts"}],"about":[{"href":"https:\/\/prensa.sma.gob.ar\/index.php?rest_route=\/wp\/v2\/types\/post"}],"author":[{"embeddable":true,"href":"https:\/\/prensa.sma.gob.ar\/index.php?rest_route=\/wp\/v2\/users\/2"}],"replies":[{"embeddable":true,"href":"https:\/\/prensa.sma.gob.ar\/index.php?rest_route=%2Fwp%2Fv2%2Fcomments&post=4644"}],"version-history":[{"count":1,"href":"https:\/\/prensa.sma.gob.ar\/index.php?rest_route=\/wp\/v2\/posts\/4644\/revisions"}],"predecessor-version":[{"id":4652,"href":"https:\/\/prensa.sma.gob.ar\/index.php?rest_route=\/wp\/v2\/posts\/4644\/revisions\/4652"}],"wp:featuredmedia":[{"embeddable":true,"href":"https:\/\/prensa.sma.gob.ar\/index.php?rest_route=\/wp\/v2\/media\/4651"}],"wp:attachment":[{"href":"https:\/\/prensa.sma.gob.ar\/index.php?rest_route=%2Fwp%2Fv2%2Fmedia&parent=4644"}],"wp:term":[{"taxonomy":"category","embeddable":true,"href":"https:\/\/prensa.sma.gob.ar\/index.php?rest_route=%2Fwp%2Fv2%2Fcategories&post=4644"},{"taxonomy":"post_tag","embeddable":true,"href":"https:\/\/prensa.sma.gob.ar\/index.php?rest_route=%2Fwp%2Fv2%2Ftags&post=4644"}],"curies":[{"name":"wp","href":"https:\/\/api.w.org\/{rel}","templated":true}]}}