{"id":4707,"date":"2025-01-05T01:19:00","date_gmt":"2025-01-05T01:19:00","guid":{"rendered":"https:\/\/prensa.sma.gob.ar\/?p=4707"},"modified":"2025-01-05T01:27:59","modified_gmt":"2025-01-05T01:27:59","slug":"un-operativo-altamente-satisfactorio-para-recibir-a-river-en-san-martin-de-los-andes","status":"publish","type":"post","link":"https:\/\/prensa.sma.gob.ar\/?p=4707","title":{"rendered":"Un operativo \u201caltamente satisfactorio\u201d para recibir a River en San Mart\u00edn de los Andes"},"content":{"rendered":"\n<p>Los dos m\u00e1ximos responsables del dispositivo de seguridad dispuesto por el Municipio para recibir al plantel de River Plate en San Mart\u00edn de los Andes calificaron como \u201caltamente positivo\u201d el trabajo de este s\u00e1bado, sin que se reportaran heridos ni incidentes, al cabo de una jornada en la que se movilizaron entre 8.000 y 10.000 personas.<\/p>\n\n\n\n<p>El operativo estuvo coordinado por el director de Protecci\u00f3n Civil del Municipio, Sebasti\u00e1n Torcivia, y el director de Seguridad Ciudadana, Mauricio Troncoso. M\u00e1s de 300 personas se desplegaron durante la jornada para garantizar la seguridad tanto al plantel de River como de quienes acompa\u00f1aron en el recibimiento y a turistas y residentes que transitaron por la zona.<\/p>\n\n\n\n<p>Intervinieron Polic\u00eda del Neuqu\u00e9n, Polic\u00eda Federal, Gendarmer\u00eda Nacional, Polic\u00eda de Seguridad Aeroportuaria (PSA), Prefectura Naval, directores y personal de las \u00e1reas municipales de Seguridad Ciudadana, Protecci\u00f3n Civil, Hidr\u00e1ulica y Tr\u00e1nsito y Transporte; Bomberos Voluntarios; Sistema Provincial del Manejo del Fuego, Agencia de Seguridad Vial de Naci\u00f3n y de la provincia de Neuqu\u00e9n; y el sistema provincial de emergencias (SIEN).<\/p>\n\n\n\n<figure class=\"wp-block-gallery has-nested-images columns-default is-cropped wp-block-gallery-1 is-layout-flex wp-block-gallery-is-layout-flex\">\n<figure class=\"wp-block-image size-large\"><img loading=\"lazy\" decoding=\"async\" width=\"1024\" height=\"460\" data-id=\"4708\" src=\"https:\/\/prensa.sma.gob.ar\/wp-content\/uploads\/2025\/01\/WhatsApp-Image-2025-01-04-at-17.30.141-1024x460.jpeg\" alt=\"\" class=\"wp-image-4708\" srcset=\"https:\/\/prensa.sma.gob.ar\/wp-content\/uploads\/2025\/01\/WhatsApp-Image-2025-01-04-at-17.30.141-1024x460.jpeg 1024w, https:\/\/prensa.sma.gob.ar\/wp-content\/uploads\/2025\/01\/WhatsApp-Image-2025-01-04-at-17.30.141-300x135.jpeg 300w, https:\/\/prensa.sma.gob.ar\/wp-content\/uploads\/2025\/01\/WhatsApp-Image-2025-01-04-at-17.30.141-768x345.jpeg 768w, https:\/\/prensa.sma.gob.ar\/wp-content\/uploads\/2025\/01\/WhatsApp-Image-2025-01-04-at-17.30.141-1536x690.jpeg 1536w, https:\/\/prensa.sma.gob.ar\/wp-content\/uploads\/2025\/01\/WhatsApp-Image-2025-01-04-at-17.30.141-935x420.jpeg 935w, https:\/\/prensa.sma.gob.ar\/wp-content\/uploads\/2025\/01\/WhatsApp-Image-2025-01-04-at-17.30.141-696x313.jpeg 696w, https:\/\/prensa.sma.gob.ar\/wp-content\/uploads\/2025\/01\/WhatsApp-Image-2025-01-04-at-17.30.141-1068x480.jpeg 1068w, https:\/\/prensa.sma.gob.ar\/wp-content\/uploads\/2025\/01\/WhatsApp-Image-2025-01-04-at-17.30.141.jpeg 1600w\" sizes=\"auto, (max-width: 1024px) 100vw, 1024px\" \/><\/figure>\n\n\n\n<figure class=\"wp-block-image size-large\"><img loading=\"lazy\" decoding=\"async\" width=\"1024\" height=\"460\" data-id=\"4710\" src=\"https:\/\/prensa.sma.gob.ar\/wp-content\/uploads\/2025\/01\/WhatsApp-Image-2025-01-04-at-17.27.181-1024x460.jpeg\" alt=\"\" class=\"wp-image-4710\" srcset=\"https:\/\/prensa.sma.gob.ar\/wp-content\/uploads\/2025\/01\/WhatsApp-Image-2025-01-04-at-17.27.181-1024x460.jpeg 1024w, https:\/\/prensa.sma.gob.ar\/wp-content\/uploads\/2025\/01\/WhatsApp-Image-2025-01-04-at-17.27.181-300x135.jpeg 300w, https:\/\/prensa.sma.gob.ar\/wp-content\/uploads\/2025\/01\/WhatsApp-Image-2025-01-04-at-17.27.181-768x345.jpeg 768w, https:\/\/prensa.sma.gob.ar\/wp-content\/uploads\/2025\/01\/WhatsApp-Image-2025-01-04-at-17.27.181-1536x690.jpeg 1536w, https:\/\/prensa.sma.gob.ar\/wp-content\/uploads\/2025\/01\/WhatsApp-Image-2025-01-04-at-17.27.181-935x420.jpeg 935w, https:\/\/prensa.sma.gob.ar\/wp-content\/uploads\/2025\/01\/WhatsApp-Image-2025-01-04-at-17.27.181-696x313.jpeg 696w, https:\/\/prensa.sma.gob.ar\/wp-content\/uploads\/2025\/01\/WhatsApp-Image-2025-01-04-at-17.27.181-1068x480.jpeg 1068w, https:\/\/prensa.sma.gob.ar\/wp-content\/uploads\/2025\/01\/WhatsApp-Image-2025-01-04-at-17.27.181.jpeg 1600w\" sizes=\"auto, (max-width: 1024px) 100vw, 1024px\" \/><\/figure>\n\n\n\n<figure class=\"wp-block-image size-large\"><img loading=\"lazy\" decoding=\"async\" width=\"1024\" height=\"460\" data-id=\"4712\" src=\"https:\/\/prensa.sma.gob.ar\/wp-content\/uploads\/2025\/01\/WhatsApp-Image-2025-01-04-at-17.19.28-1024x460.jpeg\" alt=\"\" class=\"wp-image-4712\" srcset=\"https:\/\/prensa.sma.gob.ar\/wp-content\/uploads\/2025\/01\/WhatsApp-Image-2025-01-04-at-17.19.28-1024x460.jpeg 1024w, https:\/\/prensa.sma.gob.ar\/wp-content\/uploads\/2025\/01\/WhatsApp-Image-2025-01-04-at-17.19.28-300x135.jpeg 300w, https:\/\/prensa.sma.gob.ar\/wp-content\/uploads\/2025\/01\/WhatsApp-Image-2025-01-04-at-17.19.28-768x345.jpeg 768w, https:\/\/prensa.sma.gob.ar\/wp-content\/uploads\/2025\/01\/WhatsApp-Image-2025-01-04-at-17.19.28-1536x690.jpeg 1536w, https:\/\/prensa.sma.gob.ar\/wp-content\/uploads\/2025\/01\/WhatsApp-Image-2025-01-04-at-17.19.28-935x420.jpeg 935w, https:\/\/prensa.sma.gob.ar\/wp-content\/uploads\/2025\/01\/WhatsApp-Image-2025-01-04-at-17.19.28-696x313.jpeg 696w, https:\/\/prensa.sma.gob.ar\/wp-content\/uploads\/2025\/01\/WhatsApp-Image-2025-01-04-at-17.19.28-1068x480.jpeg 1068w, https:\/\/prensa.sma.gob.ar\/wp-content\/uploads\/2025\/01\/WhatsApp-Image-2025-01-04-at-17.19.28.jpeg 1600w\" sizes=\"auto, (max-width: 1024px) 100vw, 1024px\" \/><\/figure>\n<\/figure>\n\n\n\n<p>Sebasti\u00e1n Torcivia, de Protecci\u00f3n Civil, afirm\u00f3 que el dispositivo sali\u00f3 seg\u00fan lo planificado en las tres reuniones que se realizaron en los \u00faltimos diez d\u00edas. \u201cLas fuerzas de seguridad provinciales y nacionales, el personal municipal y las dem\u00e1s instituciones intervinientes, ten\u00edan sus roles asignados y fueron cumplidos con alto nivel profesional\u201d, se\u00f1al\u00f3.<\/p>\n\n\n\n<p>Torcivia destac\u00f3 que \u201cno se reportaron inconvenientes, ni heridos ni lesionados\u201d entre \u201clas 8.000 o 10.000 personas que, estimamos, se movilizaron este s\u00e1bado\u201d; remarc\u00f3 que \u201cse trabaj\u00f3 intensamente en la Ruta Nacional 40 con la regulaci\u00f3n de la velocidad\u201d y esto permiti\u00f3 que \u201cs\u00f3lo se interrumpiera el tr\u00e1nsito durante el traslado del micro\u201d con el plantel de River.<\/p>\n\n\n\n<p>\u201cEl balance es altamente positivo; de todas maneras haremos una devoluci\u00f3n detallada, pensando en pr\u00f3ximos operativos de estas caracter\u00edsticas, para tratar de mejorar y, adem\u00e1s, teniendo en cuenta que River seguir\u00e1 viniendo a nuestra ciudad por al menos 9 a\u00f1os m\u00e1s\u201d, complet\u00f3.<\/p>\n\n\n\n<p>El avi\u00f3n que traslad\u00f3 a River aterriz\u00f3 en el aeropuerto Aviador Carlos Campos pasadas las 16 y, cerca de una hora despu\u00e9s, el micro con los jugadores ingres\u00f3 al Chapelco Golf, ante la presencia de miles de simpatizantes que aguardaron desde temprano para saludar al plantel que realizar\u00e1 la pretemporada en nuestra ciudad.<\/p>\n\n\n\n<figure class=\"wp-block-gallery has-nested-images columns-default is-cropped wp-block-gallery-2 is-layout-flex wp-block-gallery-is-layout-flex\">\n<figure class=\"wp-block-image size-large\"><img loading=\"lazy\" decoding=\"async\" width=\"1024\" height=\"460\" data-id=\"4713\" src=\"https:\/\/prensa.sma.gob.ar\/wp-content\/uploads\/2025\/01\/WhatsApp-Image-2025-01-04-at-17.14.53-1024x460.jpeg\" alt=\"\" class=\"wp-image-4713\" srcset=\"https:\/\/prensa.sma.gob.ar\/wp-content\/uploads\/2025\/01\/WhatsApp-Image-2025-01-04-at-17.14.53-1024x460.jpeg 1024w, https:\/\/prensa.sma.gob.ar\/wp-content\/uploads\/2025\/01\/WhatsApp-Image-2025-01-04-at-17.14.53-300x135.jpeg 300w, https:\/\/prensa.sma.gob.ar\/wp-content\/uploads\/2025\/01\/WhatsApp-Image-2025-01-04-at-17.14.53-768x345.jpeg 768w, https:\/\/prensa.sma.gob.ar\/wp-content\/uploads\/2025\/01\/WhatsApp-Image-2025-01-04-at-17.14.53-1536x690.jpeg 1536w, https:\/\/prensa.sma.gob.ar\/wp-content\/uploads\/2025\/01\/WhatsApp-Image-2025-01-04-at-17.14.53-935x420.jpeg 935w, https:\/\/prensa.sma.gob.ar\/wp-content\/uploads\/2025\/01\/WhatsApp-Image-2025-01-04-at-17.14.53-696x313.jpeg 696w, https:\/\/prensa.sma.gob.ar\/wp-content\/uploads\/2025\/01\/WhatsApp-Image-2025-01-04-at-17.14.53-1068x480.jpeg 1068w, https:\/\/prensa.sma.gob.ar\/wp-content\/uploads\/2025\/01\/WhatsApp-Image-2025-01-04-at-17.14.53.jpeg 1600w\" sizes=\"auto, (max-width: 1024px) 100vw, 1024px\" \/><\/figure>\n\n\n\n<figure class=\"wp-block-image size-large\"><img loading=\"lazy\" decoding=\"async\" width=\"1024\" height=\"460\" data-id=\"4715\" src=\"https:\/\/prensa.sma.gob.ar\/wp-content\/uploads\/2025\/01\/WhatsApp-Image-2025-01-04-at-17.12.05-1024x460.jpeg\" alt=\"\" class=\"wp-image-4715\" srcset=\"https:\/\/prensa.sma.gob.ar\/wp-content\/uploads\/2025\/01\/WhatsApp-Image-2025-01-04-at-17.12.05-1024x460.jpeg 1024w, https:\/\/prensa.sma.gob.ar\/wp-content\/uploads\/2025\/01\/WhatsApp-Image-2025-01-04-at-17.12.05-300x135.jpeg 300w, https:\/\/prensa.sma.gob.ar\/wp-content\/uploads\/2025\/01\/WhatsApp-Image-2025-01-04-at-17.12.05-768x345.jpeg 768w, https:\/\/prensa.sma.gob.ar\/wp-content\/uploads\/2025\/01\/WhatsApp-Image-2025-01-04-at-17.12.05-1536x690.jpeg 1536w, https:\/\/prensa.sma.gob.ar\/wp-content\/uploads\/2025\/01\/WhatsApp-Image-2025-01-04-at-17.12.05-935x420.jpeg 935w, https:\/\/prensa.sma.gob.ar\/wp-content\/uploads\/2025\/01\/WhatsApp-Image-2025-01-04-at-17.12.05-696x313.jpeg 696w, https:\/\/prensa.sma.gob.ar\/wp-content\/uploads\/2025\/01\/WhatsApp-Image-2025-01-04-at-17.12.05-1068x480.jpeg 1068w, https:\/\/prensa.sma.gob.ar\/wp-content\/uploads\/2025\/01\/WhatsApp-Image-2025-01-04-at-17.12.05.jpeg 1600w\" sizes=\"auto, (max-width: 1024px) 100vw, 1024px\" \/><\/figure>\n\n\n\n<figure class=\"wp-block-image size-large\"><img loading=\"lazy\" decoding=\"async\" width=\"1024\" height=\"460\" data-id=\"4717\" src=\"https:\/\/prensa.sma.gob.ar\/wp-content\/uploads\/2025\/01\/WhatsApp-Image-2025-01-04-at-17.08.21-1024x460.jpeg\" alt=\"\" class=\"wp-image-4717\" srcset=\"https:\/\/prensa.sma.gob.ar\/wp-content\/uploads\/2025\/01\/WhatsApp-Image-2025-01-04-at-17.08.21-1024x460.jpeg 1024w, https:\/\/prensa.sma.gob.ar\/wp-content\/uploads\/2025\/01\/WhatsApp-Image-2025-01-04-at-17.08.21-300x135.jpeg 300w, https:\/\/prensa.sma.gob.ar\/wp-content\/uploads\/2025\/01\/WhatsApp-Image-2025-01-04-at-17.08.21-768x345.jpeg 768w, https:\/\/prensa.sma.gob.ar\/wp-content\/uploads\/2025\/01\/WhatsApp-Image-2025-01-04-at-17.08.21-1536x690.jpeg 1536w, https:\/\/prensa.sma.gob.ar\/wp-content\/uploads\/2025\/01\/WhatsApp-Image-2025-01-04-at-17.08.21-935x420.jpeg 935w, https:\/\/prensa.sma.gob.ar\/wp-content\/uploads\/2025\/01\/WhatsApp-Image-2025-01-04-at-17.08.21-696x313.jpeg 696w, https:\/\/prensa.sma.gob.ar\/wp-content\/uploads\/2025\/01\/WhatsApp-Image-2025-01-04-at-17.08.21-1068x480.jpeg 1068w, https:\/\/prensa.sma.gob.ar\/wp-content\/uploads\/2025\/01\/WhatsApp-Image-2025-01-04-at-17.08.21.jpeg 1600w\" sizes=\"auto, (max-width: 1024px) 100vw, 1024px\" \/><\/figure>\n<\/figure>\n\n\n\n<p>Mauricio Troncoso, de Seguridad Ciudadana, destac\u00f3 la participaci\u00f3n de todas las instituciones que intervienen en el Comit\u00e9 de Emergencia Municipal (C.O.E.M) y del Consejo de Seguridad Ciudadana. \u201cFue una jornada excelente, facilitada, adem\u00e1s, porque la gente sigui\u00f3 las indicaciones que fueron recibiendo\u201d, se\u00f1al\u00f3.<\/p>\n\n\n\n<p>Resumi\u00f3 que, \u201ca las 8.30 de este s\u00e1bado, qued\u00f3 conformado el Puesto de Comando Centralizado, ubicado en el ingreso al Golf, sobre Ruta Nacional 40, desde el cual se coordin\u00f3 el operativo durante la jornada, haciendo un seguimiento del personal, veh\u00edculos, necesidades y comunicaci\u00f3n, a trav\u00e9s de una \u00fanica frecuencia\u201d. En las 48 horas anteriores, se hab\u00eda colocado el vallado para resguardar la seguridad a lo largo de casi dos kil\u00f3metros y en la zona de acceso al predio donde se hospedar\u00e1 el plantel.<\/p>\n\n\n\n<p>El repliegue se produjo a las 19.30 \u201cluego de una recorrida final de los m\u00f3viles policiales, desde el aeropuerto hasta la parte baja de P\u00edo Protto, en Ruta Nacional 40. Troncoso tambi\u00e9n destac\u00f3 que \u201cno hubo accidentes ni incidentes de ning\u00fan tipo\u201d y mencion\u00f3 que, de manera preventiva, se hab\u00edan dispuesto \u201cdos globas de asistencia m\u00e9dica, adem\u00e1s de ambulancias\u201d.<\/p>\n\n\n\n<p>Polic\u00eda del Neuqu\u00e9n tuvo a su cargo la diagramaci\u00f3n en el terreno de los detalles operativos; mont\u00f3 puestos fijos ubicados sobre Ruta 40, en la zona de ingreso a Ruca Hue, del que particip\u00f3 personal del Control de Tr\u00e1nsito (COTT) del Municipio y en la zona de ingreso a Chacra 32. Otro puesto se ubic\u00f3 entre El Desaf\u00edo y el aeropuerto, con la presencia de la Fundaci\u00f3n Tierras Patag\u00f3nicas y Protecci\u00f3n Civil de Jun\u00edn de los Andes.<\/p>\n\n\n\n<figure class=\"wp-block-gallery has-nested-images columns-default is-cropped wp-block-gallery-3 is-layout-flex wp-block-gallery-is-layout-flex\">\n<figure class=\"wp-block-image size-large\"><img loading=\"lazy\" decoding=\"async\" width=\"1024\" height=\"460\" data-id=\"4719\" src=\"https:\/\/prensa.sma.gob.ar\/wp-content\/uploads\/2025\/01\/WhatsApp-Image-2025-01-04-at-17.01.00-1024x460.jpeg\" alt=\"\" class=\"wp-image-4719\" srcset=\"https:\/\/prensa.sma.gob.ar\/wp-content\/uploads\/2025\/01\/WhatsApp-Image-2025-01-04-at-17.01.00-1024x460.jpeg 1024w, https:\/\/prensa.sma.gob.ar\/wp-content\/uploads\/2025\/01\/WhatsApp-Image-2025-01-04-at-17.01.00-300x135.jpeg 300w, https:\/\/prensa.sma.gob.ar\/wp-content\/uploads\/2025\/01\/WhatsApp-Image-2025-01-04-at-17.01.00-768x345.jpeg 768w, https:\/\/prensa.sma.gob.ar\/wp-content\/uploads\/2025\/01\/WhatsApp-Image-2025-01-04-at-17.01.00-1536x690.jpeg 1536w, https:\/\/prensa.sma.gob.ar\/wp-content\/uploads\/2025\/01\/WhatsApp-Image-2025-01-04-at-17.01.00-935x420.jpeg 935w, https:\/\/prensa.sma.gob.ar\/wp-content\/uploads\/2025\/01\/WhatsApp-Image-2025-01-04-at-17.01.00-696x313.jpeg 696w, https:\/\/prensa.sma.gob.ar\/wp-content\/uploads\/2025\/01\/WhatsApp-Image-2025-01-04-at-17.01.00-1068x480.jpeg 1068w, https:\/\/prensa.sma.gob.ar\/wp-content\/uploads\/2025\/01\/WhatsApp-Image-2025-01-04-at-17.01.00.jpeg 1600w\" sizes=\"auto, (max-width: 1024px) 100vw, 1024px\" \/><\/figure>\n\n\n\n<figure class=\"wp-block-image size-large\"><img loading=\"lazy\" decoding=\"async\" width=\"1024\" height=\"460\" data-id=\"4718\" src=\"https:\/\/prensa.sma.gob.ar\/wp-content\/uploads\/2025\/01\/WhatsApp-Image-2025-01-04-at-17.01.06-1024x460.jpeg\" alt=\"\" class=\"wp-image-4718\" srcset=\"https:\/\/prensa.sma.gob.ar\/wp-content\/uploads\/2025\/01\/WhatsApp-Image-2025-01-04-at-17.01.06-1024x460.jpeg 1024w, https:\/\/prensa.sma.gob.ar\/wp-content\/uploads\/2025\/01\/WhatsApp-Image-2025-01-04-at-17.01.06-300x135.jpeg 300w, https:\/\/prensa.sma.gob.ar\/wp-content\/uploads\/2025\/01\/WhatsApp-Image-2025-01-04-at-17.01.06-768x345.jpeg 768w, https:\/\/prensa.sma.gob.ar\/wp-content\/uploads\/2025\/01\/WhatsApp-Image-2025-01-04-at-17.01.06-1536x690.jpeg 1536w, https:\/\/prensa.sma.gob.ar\/wp-content\/uploads\/2025\/01\/WhatsApp-Image-2025-01-04-at-17.01.06-935x420.jpeg 935w, https:\/\/prensa.sma.gob.ar\/wp-content\/uploads\/2025\/01\/WhatsApp-Image-2025-01-04-at-17.01.06-696x313.jpeg 696w, https:\/\/prensa.sma.gob.ar\/wp-content\/uploads\/2025\/01\/WhatsApp-Image-2025-01-04-at-17.01.06-1068x480.jpeg 1068w, https:\/\/prensa.sma.gob.ar\/wp-content\/uploads\/2025\/01\/WhatsApp-Image-2025-01-04-at-17.01.06.jpeg 1600w\" sizes=\"auto, (max-width: 1024px) 100vw, 1024px\" \/><\/figure>\n\n\n\n<figure class=\"wp-block-image size-large\"><img loading=\"lazy\" decoding=\"async\" width=\"1024\" height=\"460\" data-id=\"4721\" src=\"https:\/\/prensa.sma.gob.ar\/wp-content\/uploads\/2025\/01\/WhatsApp-Image-2025-01-04-at-16.57.081-1024x460.jpeg\" alt=\"\" class=\"wp-image-4721\" srcset=\"https:\/\/prensa.sma.gob.ar\/wp-content\/uploads\/2025\/01\/WhatsApp-Image-2025-01-04-at-16.57.081-1024x460.jpeg 1024w, https:\/\/prensa.sma.gob.ar\/wp-content\/uploads\/2025\/01\/WhatsApp-Image-2025-01-04-at-16.57.081-300x135.jpeg 300w, https:\/\/prensa.sma.gob.ar\/wp-content\/uploads\/2025\/01\/WhatsApp-Image-2025-01-04-at-16.57.081-768x345.jpeg 768w, https:\/\/prensa.sma.gob.ar\/wp-content\/uploads\/2025\/01\/WhatsApp-Image-2025-01-04-at-16.57.081-1536x690.jpeg 1536w, https:\/\/prensa.sma.gob.ar\/wp-content\/uploads\/2025\/01\/WhatsApp-Image-2025-01-04-at-16.57.081-935x420.jpeg 935w, https:\/\/prensa.sma.gob.ar\/wp-content\/uploads\/2025\/01\/WhatsApp-Image-2025-01-04-at-16.57.081-696x313.jpeg 696w, https:\/\/prensa.sma.gob.ar\/wp-content\/uploads\/2025\/01\/WhatsApp-Image-2025-01-04-at-16.57.081-1068x480.jpeg 1068w, https:\/\/prensa.sma.gob.ar\/wp-content\/uploads\/2025\/01\/WhatsApp-Image-2025-01-04-at-16.57.081.jpeg 1600w\" sizes=\"auto, (max-width: 1024px) 100vw, 1024px\" \/><\/figure>\n\n\n\n<figure class=\"wp-block-image size-large\"><img loading=\"lazy\" decoding=\"async\" width=\"1024\" height=\"460\" data-id=\"4722\" src=\"https:\/\/prensa.sma.gob.ar\/wp-content\/uploads\/2025\/01\/WhatsApp-Image-2025-01-04-at-16.58.271-1024x460.jpeg\" alt=\"\" class=\"wp-image-4722\" srcset=\"https:\/\/prensa.sma.gob.ar\/wp-content\/uploads\/2025\/01\/WhatsApp-Image-2025-01-04-at-16.58.271-1024x460.jpeg 1024w, https:\/\/prensa.sma.gob.ar\/wp-content\/uploads\/2025\/01\/WhatsApp-Image-2025-01-04-at-16.58.271-300x135.jpeg 300w, https:\/\/prensa.sma.gob.ar\/wp-content\/uploads\/2025\/01\/WhatsApp-Image-2025-01-04-at-16.58.271-768x345.jpeg 768w, https:\/\/prensa.sma.gob.ar\/wp-content\/uploads\/2025\/01\/WhatsApp-Image-2025-01-04-at-16.58.271-1536x690.jpeg 1536w, https:\/\/prensa.sma.gob.ar\/wp-content\/uploads\/2025\/01\/WhatsApp-Image-2025-01-04-at-16.58.271-935x420.jpeg 935w, https:\/\/prensa.sma.gob.ar\/wp-content\/uploads\/2025\/01\/WhatsApp-Image-2025-01-04-at-16.58.271-696x313.jpeg 696w, https:\/\/prensa.sma.gob.ar\/wp-content\/uploads\/2025\/01\/WhatsApp-Image-2025-01-04-at-16.58.271-1068x480.jpeg 1068w, https:\/\/prensa.sma.gob.ar\/wp-content\/uploads\/2025\/01\/WhatsApp-Image-2025-01-04-at-16.58.271.jpeg 1600w\" sizes=\"auto, (max-width: 1024px) 100vw, 1024px\" \/><\/figure>\n\n\n\n<figure class=\"wp-block-image size-large\"><img loading=\"lazy\" decoding=\"async\" width=\"1024\" height=\"768\" data-id=\"4724\" src=\"https:\/\/prensa.sma.gob.ar\/wp-content\/uploads\/2025\/01\/WhatsApp-Image-2025-01-04-at-15.23.14-1024x768.jpeg\" alt=\"\" class=\"wp-image-4724\" srcset=\"https:\/\/prensa.sma.gob.ar\/wp-content\/uploads\/2025\/01\/WhatsApp-Image-2025-01-04-at-15.23.14-1024x768.jpeg 1024w, https:\/\/prensa.sma.gob.ar\/wp-content\/uploads\/2025\/01\/WhatsApp-Image-2025-01-04-at-15.23.14-300x225.jpeg 300w, https:\/\/prensa.sma.gob.ar\/wp-content\/uploads\/2025\/01\/WhatsApp-Image-2025-01-04-at-15.23.14-768x576.jpeg 768w, https:\/\/prensa.sma.gob.ar\/wp-content\/uploads\/2025\/01\/WhatsApp-Image-2025-01-04-at-15.23.14-1536x1152.jpeg 1536w, https:\/\/prensa.sma.gob.ar\/wp-content\/uploads\/2025\/01\/WhatsApp-Image-2025-01-04-at-15.23.14-560x420.jpeg 560w, https:\/\/prensa.sma.gob.ar\/wp-content\/uploads\/2025\/01\/WhatsApp-Image-2025-01-04-at-15.23.14-80x60.jpeg 80w, https:\/\/prensa.sma.gob.ar\/wp-content\/uploads\/2025\/01\/WhatsApp-Image-2025-01-04-at-15.23.14-696x522.jpeg 696w, https:\/\/prensa.sma.gob.ar\/wp-content\/uploads\/2025\/01\/WhatsApp-Image-2025-01-04-at-15.23.14-1068x801.jpeg 1068w, https:\/\/prensa.sma.gob.ar\/wp-content\/uploads\/2025\/01\/WhatsApp-Image-2025-01-04-at-15.23.14.jpeg 1600w\" sizes=\"auto, (max-width: 1024px) 100vw, 1024px\" \/><\/figure>\n\n\n\n<figure class=\"wp-block-image size-large\"><img loading=\"lazy\" decoding=\"async\" width=\"1024\" height=\"460\" data-id=\"4729\" src=\"https:\/\/prensa.sma.gob.ar\/wp-content\/uploads\/2025\/01\/WhatsApp-Image-2025-01-04-at-10.37.472-1024x460.jpeg\" alt=\"\" class=\"wp-image-4729\" srcset=\"https:\/\/prensa.sma.gob.ar\/wp-content\/uploads\/2025\/01\/WhatsApp-Image-2025-01-04-at-10.37.472-1024x460.jpeg 1024w, https:\/\/prensa.sma.gob.ar\/wp-content\/uploads\/2025\/01\/WhatsApp-Image-2025-01-04-at-10.37.472-300x135.jpeg 300w, https:\/\/prensa.sma.gob.ar\/wp-content\/uploads\/2025\/01\/WhatsApp-Image-2025-01-04-at-10.37.472-768x345.jpeg 768w, https:\/\/prensa.sma.gob.ar\/wp-content\/uploads\/2025\/01\/WhatsApp-Image-2025-01-04-at-10.37.472-1536x690.jpeg 1536w, https:\/\/prensa.sma.gob.ar\/wp-content\/uploads\/2025\/01\/WhatsApp-Image-2025-01-04-at-10.37.472-935x420.jpeg 935w, https:\/\/prensa.sma.gob.ar\/wp-content\/uploads\/2025\/01\/WhatsApp-Image-2025-01-04-at-10.37.472-696x313.jpeg 696w, https:\/\/prensa.sma.gob.ar\/wp-content\/uploads\/2025\/01\/WhatsApp-Image-2025-01-04-at-10.37.472-1068x480.jpeg 1068w, https:\/\/prensa.sma.gob.ar\/wp-content\/uploads\/2025\/01\/WhatsApp-Image-2025-01-04-at-10.37.472.jpeg 1600w\" sizes=\"auto, (max-width: 1024px) 100vw, 1024px\" \/><\/figure>\n<\/figure>\n\n\n\n<p>En la zona del ingreso al Golf se dispuso vallado, ba\u00f1os qu\u00edmicos y puestos de hidrataci\u00f3n. Los peatones se acomodaron de manera ordenada, siguiendo las indicaciones del personal policial y del COTT.<\/p>\n\n\n\n<p>Luego del mediod\u00eda, se hicieron presentes el ministro de Seguridad de la Provincia, Mat\u00edas Nicolini, y el intendente de San Mart\u00edn de los Andes, Carlos Saloniti, junto al director provincial de Seguridad, Hugo Capozzoli, y otros funcionarios neuquinos y del Municipio. Todos fueron informados de la marcha del dispositivo.<\/p>\n\n\n\n<p>La Polic\u00eda de Seguridad Aeroportuaria (PSA) tuvo a su cargo el operativo de arribo del plantel. En la estaci\u00f3n a\u00e9rea se dispuso desde temprano personal y m\u00f3viles que ten\u00edan la responsabilidad de acompa\u00f1ar al micro del plantel desde all\u00ed hasta el ingreso al Golf. Al ingresar al predio, los jugadores de River saludaron con comodidad y la gente los pudo ver, tomar fotograf\u00edas y hasta obtener algunos aut\u00f3grafos. La jornada se dio por concluida luego de 11 horas de intensa actividad.<\/p>\n","protected":false},"excerpt":{"rendered":"<p>Los dos m\u00e1ximos responsables del dispositivo de seguridad dispuesto por el Municipio para recibir al plantel de River Plate en San Mart\u00edn de los Andes calificaron como \u201caltamente positivo\u201d el trabajo de este s\u00e1bado, sin que se reportaran heridos ni incidentes, al cabo de una jornada en la que se movilizaron entre 8.000 y 10.000 [&hellip;]<\/p>\n","protected":false},"author":2,"featured_media":4716,"comment_status":"closed","ping_status":"open","sticky":false,"template":"","format":"standard","meta":{"footnotes":""},"categories":[16,14,17],"tags":[],"class_list":{"0":"post-4707","1":"post","2":"type-post","3":"status-publish","4":"format-standard","5":"has-post-thumbnail","7":"category-destacadas","8":"category-noticias","9":"category-portada"},"_links":{"self":[{"href":"https:\/\/prensa.sma.gob.ar\/index.php?rest_route=\/wp\/v2\/posts\/4707","targetHints":{"allow":["GET"]}}],"collection":[{"href":"https:\/\/prensa.sma.gob.ar\/index.php?rest_route=\/wp\/v2\/posts"}],"about":[{"href":"https:\/\/prensa.sma.gob.ar\/index.php?rest_route=\/wp\/v2\/types\/post"}],"author":[{"embeddable":true,"href":"https:\/\/prensa.sma.gob.ar\/index.php?rest_route=\/wp\/v2\/users\/2"}],"replies":[{"embeddable":true,"href":"https:\/\/prensa.sma.gob.ar\/index.php?rest_route=%2Fwp%2Fv2%2Fcomments&post=4707"}],"version-history":[{"count":2,"href":"https:\/\/prensa.sma.gob.ar\/index.php?rest_route=\/wp\/v2\/posts\/4707\/revisions"}],"predecessor-version":[{"id":4731,"href":"https:\/\/prensa.sma.gob.ar\/index.php?rest_route=\/wp\/v2\/posts\/4707\/revisions\/4731"}],"wp:featuredmedia":[{"embeddable":true,"href":"https:\/\/prensa.sma.gob.ar\/index.php?rest_route=\/wp\/v2\/media\/4716"}],"wp:attachment":[{"href":"https:\/\/prensa.sma.gob.ar\/index.php?rest_route=%2Fwp%2Fv2%2Fmedia&parent=4707"}],"wp:term":[{"taxonomy":"category","embeddable":true,"href":"https:\/\/prensa.sma.gob.ar\/index.php?rest_route=%2Fwp%2Fv2%2Fcategories&post=4707"},{"taxonomy":"post_tag","embeddable":true,"href":"https:\/\/prensa.sma.gob.ar\/index.php?rest_route=%2Fwp%2Fv2%2Ftags&post=4707"}],"curies":[{"name":"wp","href":"https:\/\/api.w.org\/{rel}","templated":true}]}}