{"id":4735,"date":"2025-01-07T01:39:47","date_gmt":"2025-01-07T01:39:47","guid":{"rendered":"https:\/\/prensa.sma.gob.ar\/?p=4735"},"modified":"2025-01-07T01:39:48","modified_gmt":"2025-01-07T01:39:48","slug":"san-martin-de-los-andes-da-otro-paso-en-el-fortalecimiento-regional-con-chile","status":"publish","type":"post","link":"https:\/\/prensa.sma.gob.ar\/?p=4735","title":{"rendered":"San Mart\u00edn de los Andes da otro paso en el fortalecimiento regional con Chile"},"content":{"rendered":"\n<p>El intendente Carlos Saloniti asisti\u00f3 en Chile a la asunci\u00f3n del Gobernador Regional de los R\u00edos, Luis Cuvertino G\u00f3mez, quien tom\u00f3 posesi\u00f3n de su segundo per\u00edodo, en una&nbsp; muestra de ambos representantes de fortalecimiento de los v\u00ednculos bilaterales.<\/p>\n\n\n\n<p>La ceremonia, que tambi\u00e9n marc\u00f3 el inicio de funciones de los 14 integrantes del Consejo Regional para el periodo 2025-2028, le permiti\u00f3 al intendente Saloniti reafirmar los v\u00ednculos regionales con Chile, en l\u00ednea con las pol\u00edticas trazadas con el gobernador Rolando Figuera.<\/p>\n\n\n\n<p>En el acto de juramentaci\u00f3n, que se realiz\u00f3 en el Teatro Regional Cervantes, en Valdivia, asumieron sus funciones siete nuevos consejeros y consejeras, junto a siete que fueron reelectos en los comicios pasados.&nbsp; Por la tarde, se realiz\u00f3 un saludo protocolar en la misma ciudad.<\/p>\n\n\n\n<p>La invitaci\u00f3n a este viaje que recibi\u00f3 el intendente Saloniti de parte del gobernador Cuvertino G\u00f3mez se enmarca en los buenos nexos para fortalecer el turismo y el comercio, que se materializaron en varios encuentros previos en San Mart\u00edn de los Andes.<\/p>\n\n\n\n<p>En su discurso el gobernador Cuvertino, valor\u00f3 especialmente la presencia del intendente Saloniti como un gesto significativo de cooperaci\u00f3n y reafirm\u00f3 el compromiso de seguir fortaleciendo los v\u00ednculos de colaboraci\u00f3n.<\/p>\n\n\n\n<figure class=\"wp-block-gallery has-nested-images columns-default is-cropped wp-block-gallery-1 is-layout-flex wp-block-gallery-is-layout-flex\">\n<figure class=\"wp-block-image size-large\"><img loading=\"lazy\" decoding=\"async\" width=\"1024\" height=\"684\" data-id=\"4743\" src=\"https:\/\/prensa.sma.gob.ar\/wp-content\/uploads\/2025\/01\/WhatsApp-Image-2025-01-06-at-20.29.24-1-1024x684.jpeg\" alt=\"\" class=\"wp-image-4743\" srcset=\"https:\/\/prensa.sma.gob.ar\/wp-content\/uploads\/2025\/01\/WhatsApp-Image-2025-01-06-at-20.29.24-1-1024x684.jpeg 1024w, https:\/\/prensa.sma.gob.ar\/wp-content\/uploads\/2025\/01\/WhatsApp-Image-2025-01-06-at-20.29.24-1-300x200.jpeg 300w, https:\/\/prensa.sma.gob.ar\/wp-content\/uploads\/2025\/01\/WhatsApp-Image-2025-01-06-at-20.29.24-1-768x513.jpeg 768w, https:\/\/prensa.sma.gob.ar\/wp-content\/uploads\/2025\/01\/WhatsApp-Image-2025-01-06-at-20.29.24-1-1536x1025.jpeg 1536w, https:\/\/prensa.sma.gob.ar\/wp-content\/uploads\/2025\/01\/WhatsApp-Image-2025-01-06-at-20.29.24-1-629x420.jpeg 629w, https:\/\/prensa.sma.gob.ar\/wp-content\/uploads\/2025\/01\/WhatsApp-Image-2025-01-06-at-20.29.24-1-696x465.jpeg 696w, https:\/\/prensa.sma.gob.ar\/wp-content\/uploads\/2025\/01\/WhatsApp-Image-2025-01-06-at-20.29.24-1-1068x713.jpeg 1068w, https:\/\/prensa.sma.gob.ar\/wp-content\/uploads\/2025\/01\/WhatsApp-Image-2025-01-06-at-20.29.24-1.jpeg 1600w\" sizes=\"auto, (max-width: 1024px) 100vw, 1024px\" \/><\/figure>\n\n\n\n<figure class=\"wp-block-image size-large\"><img loading=\"lazy\" decoding=\"async\" width=\"1024\" height=\"684\" data-id=\"4742\" src=\"https:\/\/prensa.sma.gob.ar\/wp-content\/uploads\/2025\/01\/WhatsApp-Image-2025-01-06-at-20.29.24-2-1024x684.jpeg\" alt=\"\" class=\"wp-image-4742\" srcset=\"https:\/\/prensa.sma.gob.ar\/wp-content\/uploads\/2025\/01\/WhatsApp-Image-2025-01-06-at-20.29.24-2-1024x684.jpeg 1024w, https:\/\/prensa.sma.gob.ar\/wp-content\/uploads\/2025\/01\/WhatsApp-Image-2025-01-06-at-20.29.24-2-300x200.jpeg 300w, https:\/\/prensa.sma.gob.ar\/wp-content\/uploads\/2025\/01\/WhatsApp-Image-2025-01-06-at-20.29.24-2-768x513.jpeg 768w, https:\/\/prensa.sma.gob.ar\/wp-content\/uploads\/2025\/01\/WhatsApp-Image-2025-01-06-at-20.29.24-2-1536x1025.jpeg 1536w, https:\/\/prensa.sma.gob.ar\/wp-content\/uploads\/2025\/01\/WhatsApp-Image-2025-01-06-at-20.29.24-2-629x420.jpeg 629w, https:\/\/prensa.sma.gob.ar\/wp-content\/uploads\/2025\/01\/WhatsApp-Image-2025-01-06-at-20.29.24-2-696x465.jpeg 696w, https:\/\/prensa.sma.gob.ar\/wp-content\/uploads\/2025\/01\/WhatsApp-Image-2025-01-06-at-20.29.24-2-1068x713.jpeg 1068w, https:\/\/prensa.sma.gob.ar\/wp-content\/uploads\/2025\/01\/WhatsApp-Image-2025-01-06-at-20.29.24-2.jpeg 1600w\" sizes=\"auto, (max-width: 1024px) 100vw, 1024px\" \/><\/figure>\n\n\n\n<figure class=\"wp-block-image size-large\"><img loading=\"lazy\" decoding=\"async\" width=\"1024\" height=\"684\" data-id=\"4741\" src=\"https:\/\/prensa.sma.gob.ar\/wp-content\/uploads\/2025\/01\/WhatsApp-Image-2025-01-06-at-20.29.25-1024x684.jpeg\" alt=\"\" class=\"wp-image-4741\" srcset=\"https:\/\/prensa.sma.gob.ar\/wp-content\/uploads\/2025\/01\/WhatsApp-Image-2025-01-06-at-20.29.25-1024x684.jpeg 1024w, https:\/\/prensa.sma.gob.ar\/wp-content\/uploads\/2025\/01\/WhatsApp-Image-2025-01-06-at-20.29.25-300x200.jpeg 300w, https:\/\/prensa.sma.gob.ar\/wp-content\/uploads\/2025\/01\/WhatsApp-Image-2025-01-06-at-20.29.25-768x513.jpeg 768w, https:\/\/prensa.sma.gob.ar\/wp-content\/uploads\/2025\/01\/WhatsApp-Image-2025-01-06-at-20.29.25-1536x1025.jpeg 1536w, https:\/\/prensa.sma.gob.ar\/wp-content\/uploads\/2025\/01\/WhatsApp-Image-2025-01-06-at-20.29.25-629x420.jpeg 629w, https:\/\/prensa.sma.gob.ar\/wp-content\/uploads\/2025\/01\/WhatsApp-Image-2025-01-06-at-20.29.25-696x465.jpeg 696w, https:\/\/prensa.sma.gob.ar\/wp-content\/uploads\/2025\/01\/WhatsApp-Image-2025-01-06-at-20.29.25-1068x713.jpeg 1068w, https:\/\/prensa.sma.gob.ar\/wp-content\/uploads\/2025\/01\/WhatsApp-Image-2025-01-06-at-20.29.25.jpeg 1600w\" sizes=\"auto, (max-width: 1024px) 100vw, 1024px\" \/><\/figure>\n<\/figure>\n\n\n\n<p>Tras la ceremonia, ambos mandatarios \u00a0sostuvieron un encuentro oficial en las dependencias de la Casa de Gobierno de la Regi\u00f3n de Los R\u00edos, donde destacaron el valor del trabajo de integraci\u00f3n binacional que ambas regiones han desarrollado a lo largo del tiempo. Particip\u00f3 del encuentro el Consejero Juan Taladriz Eguiluz. <\/p>\n\n\n\n<p>Tras el encuentro entre ambos, el intendente Saloniti agradeci\u00f3 la invitaci\u00f3n y el recibimiento en Chile, reafirm\u00f3 el compromiso de fortalecer aspectos como el turismo y record\u00f3 que el encuentro va en l\u00ednea con la decisi\u00f3n del gobierno neuquino de trabajar los nexos con Chile a trav\u00e9s de las autoridades regionales del vecino pa\u00eds.<\/p>\n\n\n\n<p>Saloniti se\u00f1al\u00f3 que, como muestra de esa decisi\u00f3n pol\u00edtica, el gobernador Rolando Figueroa se comprometi\u00f3 a mejorar los pasos internacionales, una de las antiguas demandas de las autoridades chilenas. En tal sentido, record\u00f3 que la primera licitaci\u00f3n para la pavimentaci\u00f3n de rutas en la provincia correspondi\u00f3 a los 12,4 Km de la Ruta Provincial 60 hasta el l\u00edmite internacional en el paso Mamuil Malal.<\/p>\n\n\n\n<p>Cuvertino fue, al iniciar su primer per\u00edodo, en 2021, el primer Gobernador electo por voto popular de la Regi\u00f3n de Los R\u00edos, como parte del primer proceso eleccionario con enfoque en la descentralizaci\u00f3n del pa\u00eds.<\/p>\n\n\n\n<p>El Gobernador Regional, en su intervenci\u00f3n de este lunes, subray\u00f3 la importancia de este momento hist\u00f3rico, destacando que este es resultado de la voluntad democr\u00e1tica de Los R\u00edos.<\/p>\n\n\n\n<p>En los \u00faltimos meses, Cuvertino G\u00f3mez encabez\u00f3 delegaciones que visitaron San Mart\u00edn de los Andes para fortalecer lazos comerciales, tur\u00edsticos y culturales. En una de esos viajes, en junio de 2024, el mandatario regional chileno se reuni\u00f3 en nuestra ciudad con el gobernador Rolando Figueroa.<\/p>\n\n\n\n<figure class=\"wp-block-gallery has-nested-images columns-default is-cropped wp-block-gallery-2 is-layout-flex wp-block-gallery-is-layout-flex\">\n<figure class=\"wp-block-image size-large\"><img loading=\"lazy\" decoding=\"async\" width=\"1024\" height=\"684\" data-id=\"4745\" src=\"https:\/\/prensa.sma.gob.ar\/wp-content\/uploads\/2025\/01\/WhatsApp-Image-2025-01-06-at-20.29.23-1024x684.jpeg\" alt=\"\" class=\"wp-image-4745\" srcset=\"https:\/\/prensa.sma.gob.ar\/wp-content\/uploads\/2025\/01\/WhatsApp-Image-2025-01-06-at-20.29.23-1024x684.jpeg 1024w, https:\/\/prensa.sma.gob.ar\/wp-content\/uploads\/2025\/01\/WhatsApp-Image-2025-01-06-at-20.29.23-300x200.jpeg 300w, https:\/\/prensa.sma.gob.ar\/wp-content\/uploads\/2025\/01\/WhatsApp-Image-2025-01-06-at-20.29.23-768x513.jpeg 768w, https:\/\/prensa.sma.gob.ar\/wp-content\/uploads\/2025\/01\/WhatsApp-Image-2025-01-06-at-20.29.23-1536x1025.jpeg 1536w, https:\/\/prensa.sma.gob.ar\/wp-content\/uploads\/2025\/01\/WhatsApp-Image-2025-01-06-at-20.29.23-629x420.jpeg 629w, https:\/\/prensa.sma.gob.ar\/wp-content\/uploads\/2025\/01\/WhatsApp-Image-2025-01-06-at-20.29.23-696x465.jpeg 696w, https:\/\/prensa.sma.gob.ar\/wp-content\/uploads\/2025\/01\/WhatsApp-Image-2025-01-06-at-20.29.23-1068x713.jpeg 1068w, https:\/\/prensa.sma.gob.ar\/wp-content\/uploads\/2025\/01\/WhatsApp-Image-2025-01-06-at-20.29.23.jpeg 1600w\" sizes=\"auto, (max-width: 1024px) 100vw, 1024px\" \/><\/figure>\n\n\n\n<figure class=\"wp-block-image size-large\"><img loading=\"lazy\" decoding=\"async\" width=\"1024\" height=\"684\" data-id=\"4737\" src=\"https:\/\/prensa.sma.gob.ar\/wp-content\/uploads\/2025\/01\/WhatsApp-Image-2025-01-06-at-20.39.13-1024x684.jpeg\" alt=\"\" class=\"wp-image-4737\" srcset=\"https:\/\/prensa.sma.gob.ar\/wp-content\/uploads\/2025\/01\/WhatsApp-Image-2025-01-06-at-20.39.13-1024x684.jpeg 1024w, https:\/\/prensa.sma.gob.ar\/wp-content\/uploads\/2025\/01\/WhatsApp-Image-2025-01-06-at-20.39.13-300x200.jpeg 300w, https:\/\/prensa.sma.gob.ar\/wp-content\/uploads\/2025\/01\/WhatsApp-Image-2025-01-06-at-20.39.13-768x513.jpeg 768w, https:\/\/prensa.sma.gob.ar\/wp-content\/uploads\/2025\/01\/WhatsApp-Image-2025-01-06-at-20.39.13-1536x1025.jpeg 1536w, https:\/\/prensa.sma.gob.ar\/wp-content\/uploads\/2025\/01\/WhatsApp-Image-2025-01-06-at-20.39.13-629x420.jpeg 629w, https:\/\/prensa.sma.gob.ar\/wp-content\/uploads\/2025\/01\/WhatsApp-Image-2025-01-06-at-20.39.13-696x465.jpeg 696w, https:\/\/prensa.sma.gob.ar\/wp-content\/uploads\/2025\/01\/WhatsApp-Image-2025-01-06-at-20.39.13-1068x713.jpeg 1068w, https:\/\/prensa.sma.gob.ar\/wp-content\/uploads\/2025\/01\/WhatsApp-Image-2025-01-06-at-20.39.13.jpeg 1600w\" sizes=\"auto, (max-width: 1024px) 100vw, 1024px\" \/><\/figure>\n\n\n\n<figure class=\"wp-block-image size-large\"><img loading=\"lazy\" decoding=\"async\" width=\"1024\" height=\"684\" data-id=\"4744\" src=\"https:\/\/prensa.sma.gob.ar\/wp-content\/uploads\/2025\/01\/WhatsApp-Image-2025-01-06-at-20.29.24-1024x684.jpeg\" alt=\"\" class=\"wp-image-4744\" srcset=\"https:\/\/prensa.sma.gob.ar\/wp-content\/uploads\/2025\/01\/WhatsApp-Image-2025-01-06-at-20.29.24-1024x684.jpeg 1024w, https:\/\/prensa.sma.gob.ar\/wp-content\/uploads\/2025\/01\/WhatsApp-Image-2025-01-06-at-20.29.24-300x200.jpeg 300w, https:\/\/prensa.sma.gob.ar\/wp-content\/uploads\/2025\/01\/WhatsApp-Image-2025-01-06-at-20.29.24-768x513.jpeg 768w, https:\/\/prensa.sma.gob.ar\/wp-content\/uploads\/2025\/01\/WhatsApp-Image-2025-01-06-at-20.29.24-1536x1025.jpeg 1536w, https:\/\/prensa.sma.gob.ar\/wp-content\/uploads\/2025\/01\/WhatsApp-Image-2025-01-06-at-20.29.24-629x420.jpeg 629w, https:\/\/prensa.sma.gob.ar\/wp-content\/uploads\/2025\/01\/WhatsApp-Image-2025-01-06-at-20.29.24-696x465.jpeg 696w, https:\/\/prensa.sma.gob.ar\/wp-content\/uploads\/2025\/01\/WhatsApp-Image-2025-01-06-at-20.29.24-1068x713.jpeg 1068w, https:\/\/prensa.sma.gob.ar\/wp-content\/uploads\/2025\/01\/WhatsApp-Image-2025-01-06-at-20.29.24.jpeg 1600w\" sizes=\"auto, (max-width: 1024px) 100vw, 1024px\" \/><\/figure>\n<\/figure>\n","protected":false},"excerpt":{"rendered":"<p>El intendente Carlos Saloniti asisti\u00f3 en Chile a la asunci\u00f3n del Gobernador Regional de los R\u00edos, Luis Cuvertino G\u00f3mez, quien tom\u00f3 posesi\u00f3n de su segundo per\u00edodo, en una&nbsp; muestra de ambos representantes de fortalecimiento de los v\u00ednculos bilaterales. La ceremonia, que tambi\u00e9n marc\u00f3 el inicio de funciones de los 14 integrantes del Consejo Regional para [&hellip;]<\/p>\n","protected":false},"author":2,"featured_media":4739,"comment_status":"closed","ping_status":"open","sticky":false,"template":"","format":"standard","meta":{"footnotes":""},"categories":[16,14,17],"tags":[],"class_list":{"0":"post-4735","1":"post","2":"type-post","3":"status-publish","4":"format-standard","5":"has-post-thumbnail","7":"category-destacadas","8":"category-noticias","9":"category-portada"},"_links":{"self":[{"href":"https:\/\/prensa.sma.gob.ar\/index.php?rest_route=\/wp\/v2\/posts\/4735","targetHints":{"allow":["GET"]}}],"collection":[{"href":"https:\/\/prensa.sma.gob.ar\/index.php?rest_route=\/wp\/v2\/posts"}],"about":[{"href":"https:\/\/prensa.sma.gob.ar\/index.php?rest_route=\/wp\/v2\/types\/post"}],"author":[{"embeddable":true,"href":"https:\/\/prensa.sma.gob.ar\/index.php?rest_route=\/wp\/v2\/users\/2"}],"replies":[{"embeddable":true,"href":"https:\/\/prensa.sma.gob.ar\/index.php?rest_route=%2Fwp%2Fv2%2Fcomments&post=4735"}],"version-history":[{"count":1,"href":"https:\/\/prensa.sma.gob.ar\/index.php?rest_route=\/wp\/v2\/posts\/4735\/revisions"}],"predecessor-version":[{"id":4746,"href":"https:\/\/prensa.sma.gob.ar\/index.php?rest_route=\/wp\/v2\/posts\/4735\/revisions\/4746"}],"wp:featuredmedia":[{"embeddable":true,"href":"https:\/\/prensa.sma.gob.ar\/index.php?rest_route=\/wp\/v2\/media\/4739"}],"wp:attachment":[{"href":"https:\/\/prensa.sma.gob.ar\/index.php?rest_route=%2Fwp%2Fv2%2Fmedia&parent=4735"}],"wp:term":[{"taxonomy":"category","embeddable":true,"href":"https:\/\/prensa.sma.gob.ar\/index.php?rest_route=%2Fwp%2Fv2%2Fcategories&post=4735"},{"taxonomy":"post_tag","embeddable":true,"href":"https:\/\/prensa.sma.gob.ar\/index.php?rest_route=%2Fwp%2Fv2%2Ftags&post=4735"}],"curies":[{"name":"wp","href":"https:\/\/api.w.org\/{rel}","templated":true}]}}